{"id":2487,"date":"2018-06-15T14:16:45","date_gmt":"2018-06-15T13:16:45","guid":{"rendered":"http:\/\/fleschmazowsza.com.pl\/?p=2487"},"modified":"2018-06-15T14:16:45","modified_gmt":"2018-06-15T13:16:45","slug":"straz-miejska-sluzebna-rola-wobec-spolecznosci-lokalnej","status":"publish","type":"post","link":"https:\/\/fleschmazowsza.com.pl\/?p=2487","title":{"rendered":"Stra\u017c Miejska \u2013 s\u0142u\u017cebna rola wobec spo\u0142eczno\u015bci lokalnej"},"content":{"rendered":"<p><strong>W majowym numerze przedstawili\u015bmy posta\u0107 komendant Stra\u017cy Miejskiej w Milan\u00f3wku, Izabeli Ko\u017abia\u0142, przypomnijmy \u2013 jedynej kobiety pe\u0142ni\u0105cej t\u0119 funkcj\u0119 na Mazowszu. Dzi\u015b o tym, jak widzi ona prac\u0119 swojej jednostki w spo\u0142eczno\u015bci lokalnej Milan\u00f3wka.<\/strong><\/p>\n<p>Przede wszystkim zwraca uwag\u0119 na specyfik\u0119 i odmienno\u015b\u0107 pracy Stra\u017cy w ma\u0142ym miasteczku.<\/p>\n<p>-W Warszawie Stra\u017c podzielona jest na referaty, ka\u017cdy z nich zajmuje si\u0119 swoj\u0105 dzia\u0142k\u0105. Jest nacisk na rzeczy policzalne, a niekoniecznie nacisk na pomoc mieszka\u0144com. Cz\u0142owieka spotyka si\u0119 tam po raz pierwszy i ostatni w \u017cyciu, a tu spotyka ci\u0105gle \u2013 m\u00f3wi komendant Izabela Ko\u017abia\u0142.<\/p>\n<p style=\"text-align: center;\"><strong>Specyfika Milan\u00f3wka<\/strong><\/p>\n<p>Milanowska Stra\u017c si\u0142\u0105 rzeczy podejmuje bardzo szerokie spektrum dzia\u0142a\u0144, reaguj\u0105c na codzienne problemy miasta.<\/p>\n<p>-My nie mamy a\u017c takich uprawnie\u0144 jak policja, natomiast w dzia\u0142alno\u015bci na rzecz mieszka\u0144c\u00f3w mo\u017cemy du\u017co wi\u0119cej. Telefoniczny nr 986 mieszka\u0144cy znaj\u0105, dzwoni\u0105 do nas \u2013 informuje pani komendant.<\/p>\n<p>W roku 2017 Stra\u017c Miejska podj\u0119\u0142a w Milan\u00f3wku 11 tys. interwencji, z czego 90% zg\u0142oszonych by\u0142o przez mieszka\u0144c\u00f3w. Niezale\u017cnie od pilnowania porz\u0105dku na terenie Milan\u00f3wka, przypomnijmy w tym miejscu, \u017ce wychodz\u0105c naprzeciw potrzebom mieszka\u0144c\u00f3w Stra\u017c podj\u0119\u0142a akcj\u0119 znakowania rower\u00f3w, aby \u0142atwiej by\u0142o je zidentyfikowa\u0107 w przypadku kradzie\u017cy. Natomiast od kilku ju\u017c lat w okresie zimowym Stra\u017c pomaga w odpalaniu samochod\u00f3w.<\/p>\n<p style=\"text-align: center;\"><strong>Staraj\u0105 si\u0119 pomaga\u0107<\/strong><\/p>\n<p>Czasami bywa tak, \u017ce mieszka\u0144cy Milan\u00f3wka zwracaj\u0105 si\u0119 o pomoc wykraczaj\u0105c\u0105 poza zakres obowi\u0105zk\u00f3w Stra\u017cy Miejskiej, niemniej w miar\u0119 mo\u017cliwo\u015bci stra\u017cnicy staraj\u0105 si\u0119 pomaga\u0107.<\/p>\n<p>-Nie wychod\u017amy z za\u0142o\u017cenia, \u017ce jestem stra\u017cnikiem miejskim i nie mam do tego uprawnie\u0144, prosz\u0119 sobie poszuka\u0107 pomocy gdzie indziej. Mo\u017ce do tego nie mam uprawnie\u0144, natomiast postaram si\u0119 podpowiedzie\u0107 jak za\u0142atwi\u0107, spr\u00f3buj\u0119, tak \u017ceby mieszkaniec wyszed\u0142 jednak zadowolony \u2013 t\u0142umaczy pani komendant.<\/p>\n<p>Zdarzaj\u0105 si\u0119 przypadki nietypowe i nag\u0142e \u2013 jak wtedy, gdy zamiast zadzwoni\u0107 na pogotowie, mieszkaniec zadzwoni\u0142 do Stra\u017cy.<\/p>\n<p>-M\u00f3j patrol bierze torb\u0119 ratownicz\u0105 i jedzie pom\u00f3c, jednocze\u015bnie dy\u017curny wydzwania te\u017c karetk\u0119 \u2013 opowiada nasza bohaterka.<\/p>\n<p style=\"text-align: center;\"><strong>Praca 24 godz. na dob\u0119<\/strong><\/p>\n<p>Stra\u017c Miejska wsp\u00f3\u0142pracuje z poszczeg\u00f3lnymi referatami Urz\u0119du Miasta, natomiast poza godzinami jego urz\u0119dowania przejmuje obowi\u0105zki zwi\u0105zane z dbaniem o miasto w okresie intensywnych opad\u00f3w deszczu lub \u015bniegu.<\/p>\n<p>-Poniewa\u017c jeste\u015bmy jedyn\u0105 instytucj\u0105 w Milan\u00f3wku, kt\u00f3ra pracuje 24 godziny na dob\u0119, wi\u0119c my te\u017c kontrolujemy czy \u015bnieg pada czy nie, czy trzeba ju\u017c uruchamia\u0107 od\u015bnie\u017canie \u2013 dodaje komendant milanowskiej stra\u017cy.<\/p>\n<p>W takich przypadkach do Stra\u017cy nale\u017cy zadysponowanie dzia\u0142a\u0144 udro\u017cniaj\u0105cych przejazd przez miasto. Podobnie jest w sytuacji lokalnych kataklizm\u00f3w, kt\u00f3re uniemo\u017cliwiaj\u0105 normalne funkcjonowanie miasta, jak mia\u0142o to miejsce latem ubieg\u0142ego roku, gdy w Stra\u017cy Miejskiej funkcjonowa\u0142 sztab kryzysowy.<\/p>\n<p style=\"text-align: center;\"><strong>Doce\u0144my stra\u017cnika<\/strong><\/p>\n<p>Jak wiadomo najbardziej niewdzi\u0119czn\u0105 i najmniej lubian\u0105 przez mieszka\u0144c\u00f3w rol\u0105 stra\u017cnika miejskiego jest wypisywanie mandat\u00f3w za niew\u0142a\u015bciwe parkowanie.<\/p>\n<p>-Panowie nie s\u0105 lubiani, bo wypisuj\u0105 mandaty. Cz\u0119sto jest tak, \u017ce nie zauwa\u017ca si\u0119 tych fajnych rzeczy, kt\u00f3re robi\u0105. Du\u017co jest takich rzeczy, kt\u00f3re s\u0105 niedoceniane. Nie ma takiej sytuacji, \u017ceby wszystkim dogodzi\u0107 niestety.<\/p>\n<p>Doce\u0144my zatem stra\u017cnika miejskiego. Pe\u0142ny opis i dok\u0142adne sprawozdanie z r\u00f3\u017cnorakich dzia\u0142a\u0144 Stra\u017cy Miejskiej w Milan\u00f3wku zainteresowani znale\u017a\u0107 mog\u0105 na stronie internetowej strazmiejska.milanowek.pl.<\/p>\n<p style=\"text-align: right;\">Tekst i foto: <strong>Sylwia Pa\u0144k\u00f3w<\/strong><\/p>\n","protected":false},"excerpt":{"rendered":"<p>W majowym numerze przedstawili\u015bmy posta\u0107 komendant Stra\u017cy Miejskiej w Milan\u00f3wku, Izabeli Ko\u017abia\u0142, przypomnijmy \u2013 jedynej kobiety pe\u0142ni\u0105cej t\u0119 funkcj\u0119 na Mazowszu. Dzi\u015b o tym, jak widzi ona prac\u0119 swojej jednostki w spo\u0142eczno\u015bci lokalnej Milan\u00f3wka. Przede wszystkim zwraca uwag\u0119 na specyfik\u0119 i odmienno\u015b\u0107 pracy Stra\u017cy w ma\u0142ym miasteczku. -W Warszawie Stra\u017c podzielona jest na referaty, ka\u017cdy [&hellip;]<\/p>\n","protected":false},"author":2,"featured_media":2489,"comment_status":"closed","ping_status":"open","sticky":false,"template":"","format":"standard","meta":{"footnotes":""},"categories":[8,5],"tags":[],"class_list":["post-2487","post","type-post","status-publish","format-standard","has-post-thumbnail","hentry","category-roznosci","category-wiadomosci"],"_links":{"self":[{"href":"https:\/\/fleschmazowsza.com.pl\/index.php?rest_route=\/wp\/v2\/posts\/2487","targetHints":{"allow":["GET"]}}],"collection":[{"href":"https:\/\/fleschmazowsza.com.pl\/index.php?rest_route=\/wp\/v2\/posts"}],"about":[{"href":"https:\/\/fleschmazowsza.com.pl\/index.php?rest_route=\/wp\/v2\/types\/post"}],"author":[{"embeddable":true,"href":"https:\/\/fleschmazowsza.com.pl\/index.php?rest_route=\/wp\/v2\/users\/2"}],"replies":[{"embeddable":true,"href":"https:\/\/fleschmazowsza.com.pl\/index.php?rest_route=%2Fwp%2Fv2%2Fcomments&post=2487"}],"version-history":[{"count":1,"href":"https:\/\/fleschmazowsza.com.pl\/index.php?rest_route=\/wp\/v2\/posts\/2487\/revisions"}],"predecessor-version":[{"id":2490,"href":"https:\/\/fleschmazowsza.com.pl\/index.php?rest_route=\/wp\/v2\/posts\/2487\/revisions\/2490"}],"wp:featuredmedia":[{"embeddable":true,"href":"https:\/\/fleschmazowsza.com.pl\/index.php?rest_route=\/wp\/v2\/media\/2489"}],"wp:attachment":[{"href":"https:\/\/fleschmazowsza.com.pl\/index.php?rest_route=%2Fwp%2Fv2%2Fmedia&parent=2487"}],"wp:term":[{"taxonomy":"category","embeddable":true,"href":"https:\/\/fleschmazowsza.com.pl\/index.php?rest_route=%2Fwp%2Fv2%2Fcategories&post=2487"},{"taxonomy":"post_tag","embeddable":true,"href":"https:\/\/fleschmazowsza.com.pl\/index.php?rest_route=%2Fwp%2Fv2%2Ftags&post=2487"}],"curies":[{"name":"wp","href":"https:\/\/api.w.org\/{rel}","templated":true}]}}