{"id":2484,"date":"2018-06-15T14:12:28","date_gmt":"2018-06-15T13:12:28","guid":{"rendered":"http:\/\/fleschmazowsza.com.pl\/?p=2484"},"modified":"2018-06-15T14:12:28","modified_gmt":"2018-06-15T13:12:28","slug":"dla-poczucia-bezpieczenstwa","status":"publish","type":"post","link":"https:\/\/fleschmazowsza.com.pl\/?p=2484","title":{"rendered":"Dla poczucia bezpiecze\u0144stwa"},"content":{"rendered":"<p><span style=\"font-family: Calibri, sans-serif;\"><span style=\"font-size: small;\"><strong>Szpital Dzieci\u0119cy im. prof. Jana Bogdanowicza przy ul. Niek\u0142a\u0144skiej na Saskiej K\u0119pie w Warszawie zosta\u0142 obj\u0119ty og\u00f3lnopolskim programem \u201eStrefa Rodzica. Budimex Dzieciom\u201d.<\/strong> <\/span><\/span><\/p>\n<p><span style=\"font-family: Calibri, sans-serif;\"><span style=\"font-size: small;\">To ju\u017c 25. lokalizacja w kt\u00f3rej zostanie stworzone niepowtarzalne miejsce dla najm\u0142odszych i ich opiekun\u00f3w.<\/span><\/span><\/p>\n<p>\u201e<span style=\"font-family: Calibri, sans-serif;\"><span style=\"font-size: small;\">Strefa<\/span><\/span> <span style=\"font-family: Calibri, sans-serif;\"><span style=\"font-size: small;\">Rodzica<\/span><\/span><span style=\"font-family: Calibri, sans-serif;\"><span style=\"font-size: small;\">. <\/span><\/span><span style=\"font-family: Calibri, sans-serif;\"><span style=\"font-size: small;\">Budimex<\/span><\/span> <span style=\"font-family: Calibri, sans-serif;\"><span style=\"font-size: small;\">Dzieciom<\/span><\/span><span style=\"font-family: Calibri, sans-serif;\"><span style=\"font-size: small;\">\u201d, <\/span><\/span><span style=\"font-family: Calibri, sans-serif;\"><span style=\"font-size: small;\">to<\/span><\/span> <span style=\"font-family: Calibri, sans-serif;\"><span style=\"font-size: small;\">og\u00f3lnopolski<\/span><\/span> <span style=\"font-family: Calibri, sans-serif;\"><span style=\"font-size: small;\">program<\/span><\/span> <span style=\"font-family: Calibri, sans-serif;\"><span style=\"font-size: small;\">spo\u0142eczny<\/span><\/span><span style=\"font-family: Calibri, sans-serif;\"><span style=\"font-size: small;\">, <\/span><\/span><span style=\"font-family: Calibri, sans-serif;\"><span style=\"font-size: small;\">kt\u00f3rego<\/span><\/span> <span style=\"font-family: Calibri, sans-serif;\"><span style=\"font-size: small;\">celem<\/span><\/span> <span style=\"font-family: Calibri, sans-serif;\"><span style=\"font-size: small;\">jest<\/span><\/span> <span style=\"font-family: Calibri, sans-serif;\"><span style=\"font-size: small;\">tworzenie<\/span><\/span> <span style=\"font-family: Calibri, sans-serif;\"><span style=\"font-size: small;\">na<\/span><\/span> <span style=\"font-family: Calibri, sans-serif;\"><span style=\"font-size: small;\">oddzia\u0142ach<\/span><\/span> <span style=\"font-family: Calibri, sans-serif;\"><span style=\"font-size: small;\">dzieci\u0119cych<\/span><\/span> <span style=\"font-family: Calibri, sans-serif;\"><span style=\"font-size: small;\">polskich<\/span><\/span> <span style=\"font-family: Calibri, sans-serif;\"><span style=\"font-size: small;\">szpitali<\/span><\/span> <span style=\"font-family: Calibri, sans-serif;\"><span style=\"font-size: small;\">miejsc<\/span><\/span> <span style=\"font-family: Calibri, sans-serif;\"><span style=\"font-size: small;\">przyjaznych<\/span><\/span> <span style=\"font-family: Calibri, sans-serif;\"><span style=\"font-size: small;\">rodzicom<\/span><\/span> <span style=\"font-family: Calibri, sans-serif;\"><span style=\"font-size: small;\">chorych<\/span><\/span> <span style=\"font-family: Calibri, sans-serif;\"><span style=\"font-size: small;\">dzieci<\/span><\/span><span style=\"font-family: Calibri, sans-serif;\"><span style=\"font-size: small;\">.<\/span><\/span><\/p>\n<p><span style=\"font-family: Calibri, sans-serif;\"><span style=\"font-size: small;\">G\u0142\u00f3wna idea, jaka przy\u015bwieca realizatorom projektu, to zwr\u00f3cenie uwagi na to, jak wa\u017cna jest dla chorego dziecka obecno\u015b\u0107 najbli\u017cszej osoby. Niezale\u017cnie od wieku \u2013 czy jest to niemowl\u0119, kilkulatek czy kilkunastolatek \u2013 ka\u017cde z nich, leczone w szpitalu musi mie\u0107 poczucie bezpiecze\u0144stwa i pewno\u015b\u0107, \u017ce nie zostanie samo. Budimex przez tworzenie miejsc dla rodzic\u00f3w chorych dzieci na oddzia\u0142ach szpitali w ca\u0142ej Polsce realnie zaspokaja t\u0119 potrzeb\u0119.<\/span><\/span><\/p>\n<p><span style=\"font-family: Calibri, sans-serif;\"><span style=\"font-size: small;\">Uroczysty<\/span><\/span> <span style=\"font-family: Calibri, sans-serif;\"><span style=\"font-size: small;\">fina\u0142<\/span><\/span><span style=\"font-family: Calibri, sans-serif;\"><span style=\"font-size: small;\"> \u201e<\/span><\/span><span style=\"font-family: Calibri, sans-serif;\"><span style=\"font-size: small;\">Strefy<\/span><\/span> <span style=\"font-family: Calibri, sans-serif;\"><span style=\"font-size: small;\">Rodzica<\/span><\/span><span style=\"font-family: Calibri, sans-serif;\"><span style=\"font-size: small;\">\u201d <\/span><\/span><span style=\"font-family: Calibri, sans-serif;\"><span style=\"font-size: small;\">w<\/span><\/span> <span style=\"font-family: Calibri, sans-serif;\"><span style=\"font-size: small;\">Warszawie<\/span><\/span> <span style=\"font-family: Calibri, sans-serif;\"><span style=\"font-size: small;\">odb\u0119dzie<\/span><\/span> <span style=\"font-family: Calibri, sans-serif;\"><span style=\"font-size: small;\">si\u0119<\/span><\/span><span style=\"font-family: Calibri, sans-serif;\"><span style=\"font-size: small;\"> 19 <\/span><\/span><span style=\"font-family: Calibri, sans-serif;\"><span style=\"font-size: small;\">czerwca<\/span><\/span><span style=\"font-family: Calibri, sans-serif;\"><span style=\"font-size: small;\">. <\/span><\/span><span style=\"font-family: Calibri, sans-serif;\"><span style=\"font-size: small;\">Szczeg\u00f3\u0142owe<\/span><\/span> <span style=\"font-family: Calibri, sans-serif;\"><span style=\"font-size: small;\">informacje<\/span><\/span> <span style=\"font-family: Calibri, sans-serif;\"><span style=\"font-size: small;\">o<\/span><\/span> <span style=\"font-family: Calibri, sans-serif;\"><span style=\"font-size: small;\">ca\u0142ym<\/span><\/span> <span style=\"font-family: Calibri, sans-serif;\"><span style=\"font-size: small;\">programie<\/span><\/span> <span style=\"font-family: Calibri, sans-serif;\"><span style=\"font-size: small;\">s\u0105<\/span><\/span> <span style=\"font-family: Calibri, sans-serif;\"><span style=\"font-size: small;\">dost\u0119pne<\/span><\/span> <span style=\"font-family: Calibri, sans-serif;\"><span style=\"font-size: small;\">na<\/span><\/span> <span style=\"font-family: Calibri, sans-serif;\"><span style=\"font-size: small;\">stronie<\/span><\/span> <a href=\"http:\/\/strefarodzica.budimex.pl\/index.php?page=strona_glowna\" target=\"_blank\" rel=\"noopener\"><span style=\"color: #000080;\"><span lang=\"zxx\"><u><span style=\"font-family: Calibri, sans-serif;\"><span style=\"font-size: small;\">http<\/span><\/span><\/u><\/span><\/span><span style=\"color: #000080;\"><span lang=\"zxx\"><u><span style=\"font-family: Calibri, sans-serif;\"><span style=\"font-size: small;\">:\/\/<\/span><\/span><\/u><\/span><\/span><span style=\"color: #000080;\"><span lang=\"zxx\"><u><span style=\"font-family: Calibri, sans-serif;\"><span style=\"font-size: small;\">strefarodzica<\/span><\/span><\/u><\/span><\/span><span style=\"color: #000080;\"><span lang=\"zxx\"><u><span style=\"font-family: Calibri, sans-serif;\"><span style=\"font-size: small;\">.<\/span><\/span><\/u><\/span><\/span><span style=\"color: #000080;\"><span lang=\"zxx\"><u><span style=\"font-family: Calibri, sans-serif;\"><span style=\"font-size: small;\">budimex<\/span><\/span><\/u><\/span><\/span><span style=\"color: #000080;\"><span lang=\"zxx\"><u><span style=\"font-family: Calibri, sans-serif;\"><span style=\"font-size: small;\">.<\/span><\/span><\/u><\/span><\/span><span style=\"color: #000080;\"><span lang=\"zxx\"><u><span style=\"font-family: Calibri, sans-serif;\"><span style=\"font-size: small;\">pl<\/span><\/span><\/u><\/span><\/span><span style=\"color: #000080;\"><span lang=\"zxx\"><u><span style=\"font-family: Calibri, sans-serif;\"><span style=\"font-size: small;\">\/\/<\/span><\/span><\/u><\/span><\/span><span style=\"color: #000080;\"><span lang=\"zxx\"><u><span style=\"font-family: Calibri, sans-serif;\"><span style=\"font-size: small;\">index<\/span><\/span><\/u><\/span><\/span><span style=\"color: #000080;\"><span lang=\"zxx\"><u><span style=\"font-family: Calibri, sans-serif;\"><span style=\"font-size: small;\">.<\/span><\/span><\/u><\/span><\/span><span style=\"color: #000080;\"><span lang=\"zxx\"><u><span style=\"font-family: Calibri, sans-serif;\"><span style=\"font-size: small;\">php<\/span><\/span><\/u><\/span><\/span><span style=\"color: #000080;\"><span lang=\"zxx\"><u><span style=\"font-family: Calibri, sans-serif;\"><span style=\"font-size: small;\">?<\/span><\/span><\/u><\/span><\/span><span style=\"color: #000080;\"><span lang=\"zxx\"><u><span style=\"font-family: Calibri, sans-serif;\"><span style=\"font-size: small;\">page<\/span><\/span><\/u><\/span><\/span><span style=\"color: #000080;\"><span lang=\"zxx\"><u><span style=\"font-family: Calibri, sans-serif;\"><span style=\"font-size: small;\">=<\/span><\/span><\/u><\/span><\/span><span style=\"color: #000080;\"><span lang=\"zxx\"><u><span style=\"font-family: Calibri, sans-serif;\"><span style=\"font-size: small;\">strona<\/span><\/span><\/u><\/span><\/span><span style=\"color: #000080;\"><span lang=\"zxx\"><u><span style=\"font-family: Calibri, sans-serif;\"><span style=\"font-size: small;\">_<\/span><\/span><\/u><\/span><\/span><span style=\"color: #000080;\"><span lang=\"zxx\"><u><span style=\"font-family: Calibri, sans-serif;\"><span style=\"font-size: small;\">glowna<\/span><\/span><\/u><\/span><\/span><\/a><\/p>\n<p style=\"text-align: right;\"><strong>(<span style=\"font-family: Calibri, sans-serif;\"><span style=\"font-size: small;\">a<\/span><\/span><span style=\"font-family: Calibri, sans-serif;\"><span style=\"font-size: small;\">)<\/span><\/span><\/strong><\/p>\n","protected":false},"excerpt":{"rendered":"<p>Szpital Dzieci\u0119cy im. prof. Jana Bogdanowicza przy ul. Niek\u0142a\u0144skiej na Saskiej K\u0119pie w Warszawie zosta\u0142 obj\u0119ty og\u00f3lnopolskim programem \u201eStrefa Rodzica. Budimex Dzieciom\u201d. To ju\u017c 25. lokalizacja w kt\u00f3rej zostanie stworzone niepowtarzalne miejsce dla najm\u0142odszych i ich opiekun\u00f3w. \u201eStrefa Rodzica. Budimex Dzieciom\u201d, to og\u00f3lnopolski program spo\u0142eczny, kt\u00f3rego celem jest tworzenie na oddzia\u0142ach dzieci\u0119cych polskich szpitali miejsc [&hellip;]<\/p>\n","protected":false},"author":2,"featured_media":2485,"comment_status":"closed","ping_status":"open","sticky":false,"template":"","format":"standard","meta":{"footnotes":""},"categories":[8,5],"tags":[],"class_list":["post-2484","post","type-post","status-publish","format-standard","has-post-thumbnail","hentry","category-roznosci","category-wiadomosci"],"_links":{"self":[{"href":"https:\/\/fleschmazowsza.com.pl\/index.php?rest_route=\/wp\/v2\/posts\/2484","targetHints":{"allow":["GET"]}}],"collection":[{"href":"https:\/\/fleschmazowsza.com.pl\/index.php?rest_route=\/wp\/v2\/posts"}],"about":[{"href":"https:\/\/fleschmazowsza.com.pl\/index.php?rest_route=\/wp\/v2\/types\/post"}],"author":[{"embeddable":true,"href":"https:\/\/fleschmazowsza.com.pl\/index.php?rest_route=\/wp\/v2\/users\/2"}],"replies":[{"embeddable":true,"href":"https:\/\/fleschmazowsza.com.pl\/index.php?rest_route=%2Fwp%2Fv2%2Fcomments&post=2484"}],"version-history":[{"count":1,"href":"https:\/\/fleschmazowsza.com.pl\/index.php?rest_route=\/wp\/v2\/posts\/2484\/revisions"}],"predecessor-version":[{"id":2486,"href":"https:\/\/fleschmazowsza.com.pl\/index.php?rest_route=\/wp\/v2\/posts\/2484\/revisions\/2486"}],"wp:featuredmedia":[{"embeddable":true,"href":"https:\/\/fleschmazowsza.com.pl\/index.php?rest_route=\/wp\/v2\/media\/2485"}],"wp:attachment":[{"href":"https:\/\/fleschmazowsza.com.pl\/index.php?rest_route=%2Fwp%2Fv2%2Fmedia&parent=2484"}],"wp:term":[{"taxonomy":"category","embeddable":true,"href":"https:\/\/fleschmazowsza.com.pl\/index.php?rest_route=%2Fwp%2Fv2%2Fcategories&post=2484"},{"taxonomy":"post_tag","embeddable":true,"href":"https:\/\/fleschmazowsza.com.pl\/index.php?rest_route=%2Fwp%2Fv2%2Ftags&post=2484"}],"curies":[{"name":"wp","href":"https:\/\/api.w.org\/{rel}","templated":true}]}}