{"id":2458,"date":"2018-06-06T09:40:20","date_gmt":"2018-06-06T08:40:20","guid":{"rendered":"http:\/\/fleschmazowsza.com.pl\/?p=2458"},"modified":"2018-06-06T09:40:20","modified_gmt":"2018-06-06T08:40:20","slug":"ku-niepodleglosci-konkurs-wojewody","status":"publish","type":"post","link":"https:\/\/fleschmazowsza.com.pl\/?p=2458","title":{"rendered":"\u201eKu Niepodleg\u0142o\u015bci&#8221; konkurs wojewody"},"content":{"rendered":"<p><strong>Nieznane i niezwyk\u0142e historie dotycz\u0105ce odzyskania niepodleg\u0142o\u015bci zaprezentuj\u0105 prace nades\u0142ane w konkursie \u201eKu Niepodleg\u0142o\u015bci&#8221;, realizowanym w ramach programu \u201eMazowieckie \u2013 historia Niepodleg\u0142o\u015bci&#8221;. Do wzi\u0119cia w nim udzia\u0142u zach\u0119caj\u0105 jego organizatorzy \u2013 Wojewoda Mazowiecki Zdzis\u0142aw Sipiera i Mazowiecki Kurator O\u015bwiaty Aurelia Micha\u0142owska. Zg\u0142oszenia prac b\u0119d\u0105 przyjmowane do 20 czerwca br. <\/strong><\/p>\n<p>Konkurs Wojewody na najlepsz\u0105 filmow\u0105 inscenizacj\u0119 historyczn\u0105, dotycz\u0105c\u0105 odzyskania przez Polsk\u0119 Niepodleg\u0142o\u015bci skierowany jest do dzieci i m\u0142odzie\u017cy ze szk\u00f3\u0142 podstawowych wojew\u00f3dztwa mazowieckiego. Uczestnicy konkursu b\u0119d\u0105 mieli za zadanie wykona\u0107 kr\u00f3tki (do 7 min.) film, zgodny z tematem projektu. Nades\u0142ane na konkurs ekranizacje zostan\u0105 ocenione pod wzgl\u0119dem przygotowania: scenariusza, dialog\u00f3w, scenografii, kostium\u00f3w, gry aktorskiej oraz wykonania zdj\u0119\u0107 i monta\u017cu.<\/p>\n<p>Dla laureat\u00f3w konkursu (trzy pierwsze miejsca) przewidziane zosta\u0142y atrakcyjne nagrody rzeczowe \u2013 trzy kamery wideo. Dodatkow\u0105 nagrod\u0105 dla zwyci\u0119zc\u00f3w b\u0119dzie r\u00f3wnie\u017c mo\u017cliwo\u015b\u0107 zaprezentowania scenicznej wersji inscenizacji na specjalnym pokonkursowym pokazie, kt\u00f3ry odb\u0119dzie si\u0119 3 pa\u017adziernika 2018 r.<\/p>\n<p>Prace nale\u017cy przes\u0142a\u0107 w formie pliku wideo w formacie mp4 na adres mailowy: niepodleglosc@mazowieckie.pl do 20 czerwca 2018 r. Uczestnik mo\u017ce z\u0142o\u017cy\u0107 maksymalnie jedn\u0105, nienagradzan\u0105 wcze\u015bniej w innych konkursach, prac\u0119 o d\u0142ugo\u015bci nieprzekraczaj\u0105cej 7 minut. Szczeg\u00f3\u0142y o warunkach uczestnictwa w konkursie dost\u0119pne s\u0105 na stronie internetowej Mazowieckiego Urz\u0119du Wojew\u00f3dzkiego \u2013 www.mazowieckie.pl (w zak\u0142adce \u201eMazowieckie \u2013 historia Niepodleg\u0142o\u015bci&#8221;).<\/p>\n<p>Nades\u0142ane prace z\u00a0historycznymi inscenizacjami prezentowane\u00a0 b\u0119d\u0105\u00a0 na stronie internetowej Mazowieckiego Urz\u0119du Wojew\u00f3dzkiego, Mazowieckiego Kuratorium O\u015bwiaty oraz w\u00a0mediach spo\u0142eczno\u015bciowych.<\/p>\n<p style=\"text-align: right;\"><em>Zesp\u00f3\u0142 Prasowy Wojewody Mazowieckiego<\/em><\/p>\n","protected":false},"excerpt":{"rendered":"<p>Nieznane i niezwyk\u0142e historie dotycz\u0105ce odzyskania niepodleg\u0142o\u015bci zaprezentuj\u0105 prace nades\u0142ane w konkursie \u201eKu Niepodleg\u0142o\u015bci&#8221;, realizowanym w ramach programu \u201eMazowieckie \u2013 historia Niepodleg\u0142o\u015bci&#8221;. Do wzi\u0119cia w nim udzia\u0142u zach\u0119caj\u0105 jego organizatorzy \u2013 Wojewoda Mazowiecki Zdzis\u0142aw Sipiera i Mazowiecki Kurator O\u015bwiaty Aurelia Micha\u0142owska. Zg\u0142oszenia prac b\u0119d\u0105 przyjmowane do 20 czerwca br. Konkurs Wojewody na najlepsz\u0105 filmow\u0105 inscenizacj\u0119 [&hellip;]<\/p>\n","protected":false},"author":2,"featured_media":2459,"comment_status":"closed","ping_status":"open","sticky":false,"template":"","format":"standard","meta":{"footnotes":""},"categories":[9,5],"tags":[],"class_list":["post-2458","post","type-post","status-publish","format-standard","has-post-thumbnail","hentry","category-edukacja","category-wiadomosci"],"_links":{"self":[{"href":"https:\/\/fleschmazowsza.com.pl\/index.php?rest_route=\/wp\/v2\/posts\/2458","targetHints":{"allow":["GET"]}}],"collection":[{"href":"https:\/\/fleschmazowsza.com.pl\/index.php?rest_route=\/wp\/v2\/posts"}],"about":[{"href":"https:\/\/fleschmazowsza.com.pl\/index.php?rest_route=\/wp\/v2\/types\/post"}],"author":[{"embeddable":true,"href":"https:\/\/fleschmazowsza.com.pl\/index.php?rest_route=\/wp\/v2\/users\/2"}],"replies":[{"embeddable":true,"href":"https:\/\/fleschmazowsza.com.pl\/index.php?rest_route=%2Fwp%2Fv2%2Fcomments&post=2458"}],"version-history":[{"count":2,"href":"https:\/\/fleschmazowsza.com.pl\/index.php?rest_route=\/wp\/v2\/posts\/2458\/revisions"}],"predecessor-version":[{"id":2461,"href":"https:\/\/fleschmazowsza.com.pl\/index.php?rest_route=\/wp\/v2\/posts\/2458\/revisions\/2461"}],"wp:featuredmedia":[{"embeddable":true,"href":"https:\/\/fleschmazowsza.com.pl\/index.php?rest_route=\/wp\/v2\/media\/2459"}],"wp:attachment":[{"href":"https:\/\/fleschmazowsza.com.pl\/index.php?rest_route=%2Fwp%2Fv2%2Fmedia&parent=2458"}],"wp:term":[{"taxonomy":"category","embeddable":true,"href":"https:\/\/fleschmazowsza.com.pl\/index.php?rest_route=%2Fwp%2Fv2%2Fcategories&post=2458"},{"taxonomy":"post_tag","embeddable":true,"href":"https:\/\/fleschmazowsza.com.pl\/index.php?rest_route=%2Fwp%2Fv2%2Ftags&post=2458"}],"curies":[{"name":"wp","href":"https:\/\/api.w.org\/{rel}","templated":true}]}}