{"id":245,"date":"2016-10-28T13:00:18","date_gmt":"2016-10-28T12:00:18","guid":{"rendered":"http:\/\/fleschmazowsza.com.pl\/?p=245"},"modified":"2016-10-28T13:00:18","modified_gmt":"2016-10-28T12:00:18","slug":"mieszkancy-powiatu-pruszkowskiego-z-inicjatywa-uchwalodawcza","status":"publish","type":"post","link":"https:\/\/fleschmazowsza.com.pl\/?p=245","title":{"rendered":"Mieszka\u0144cy Powiatu Pruszkowskiego z inicjatyw\u0105 uchwa\u0142odawcz\u0105"},"content":{"rendered":"<p><strong>W r\u0119ce mieszka\u0144c\u00f3w Powiatu przekazane zostaje narz\u0119dzie realnego wp\u0142ywu na obowi\u0105zuj\u0105ce w Powiecie Pruszkowskim prawo. B\u0119dzie to mo\u017cliwe dzi\u0119ki przyj\u0119tej jednog\u0142o\u015bnie we wtorek, 25 pa\u017adziernika 2016 podczas XXVI Sesji Rady Powiatu uchwa\u0142y daj\u0105cej mieszka\u0144com Powiatu pe\u0142n\u0105 mo\u017cliwo\u015b\u0107 podejmowania inicjatywy uchwa\u0142odawczej. <\/strong><\/p>\n<p>Realizacja prawa obywatelskiej inicjatywy uchwa\u0142odawczej umo\u017cliwia mieszka\u0144com Powiatu Pruszkowskiego sporz\u0105dzenie i wnoszenie projekt\u00f3w uchwa\u0142 lub wniosku o ich podj\u0119cie przez Rad\u0119 Powiatu. Co wa\u017cne, sama procedura i wymagania s\u0105 proste:<\/p>\n<p><em>\u201e<\/em><em>Z inicjatyw\u0105 podj\u0119cia okre\u015blonej uchwa\u0142y mog\u0105 wyst\u0105pi\u0107 mieszka\u0144cy Powiatu Pruszkowskiego, kt\u00f3rzy posiadaj\u0105 czynne prawo wyborcze. Szczeg\u00f3\u0142owe zasady i tryb znale\u017a\u0107 mo\u017cna w uchwale rady, ale to co dla mieszka\u0144c\u00f3w jest najistotniejsze to, \u017ce do z\u0142o\u017cenia inicjatywy uchwa\u0142odawczej wymagane jest zgromadzenie poparcia minimum 1000 os\u00f3b\u201d<\/em> \u2013 wyja\u015bnia Przewodnicz\u0105ca Rady Powiatu Maria Makowska.<\/p>\n<p>Zgodnie z obowi\u0105zuj\u0105cym ustawodawstwem mieszka\u0144cy powiatu podejmuj\u0105 rozstrzygni\u0119cia z\u0142o\u017conych uchwa\u0142 w g\u0142osowaniu powszechnym (w drodze wybor\u00f3w i referendum) lub za po\u015brednictwem organ\u00f3w powiatu. Obywatelska inicjatywa uchwa\u0142odawcza pozwala mieszka\u0144com naszego powiatu uczestniczy\u0107 w rozstrzyganiu istotnych spraw, sk\u0142adaj\u0105cych si\u0119 na zadania publiczne wykonywane w interesie mieszka\u0144c\u00f3w.<\/p>\n<p><em>\u201e<\/em><em>Liczymy, \u017ce \u015bwiadomo\u015b\u0107 mo\u017cliwo\u015bci aktywnego w\u0142\u0105czenia si\u0119 mieszka\u0144c\u00f3w w proces uchwa\u0142odawczy i stanowienie prawa b\u0119dzie pozytywnie wp\u0142ywa\u0142a na ich zaanga\u017cowanie w dzia\u0142alno\u015b\u0107 i prace Powiatu. Chcieli\u015bmy w ten spos\u00f3b zach\u0119ci\u0107 lokaln\u0105 spo\u0142eczno\u015b\u0107 do dzia\u0142ania na rzecz wsp\u00f3lnoty oddaj\u0105c w jej r\u0119ce narz\u0119dzie, kt\u00f3re to realnie umo\u017cliwia. Co wa\u017cne \u2013 to aktywizacja nie tylko w czasie wybor\u00f3w, ale te\u017c na co dzie\u0144.\u201d <\/em>\u2013 podkre\u015bla Starostwa Powiatu Pruszkowskiego Maksym Go\u0142o\u015b.<\/p>\n<p>Realizacja obywatelskiej inicjatywy uchwa\u0142odawczej w samorz\u0105dzie powiatowym s\u0142u\u017cy\u0107 b\u0119dzie aktywizacji mieszka\u0144c\u00f3w powiatu, co w konsekwencji przek\u0142ada\u0107 si\u0119 b\u0119dzie r\u00f3wnie\u017c na rozw\u00f3j<br \/>\ni kszta\u0142towanie spo\u0142ecze\u0144stwa obywatelskiego.<\/p>\n<p style=\"text-align: right;\"><strong>Krzysztof Bukowski<\/strong><\/p>\n<p style=\"text-align: right;\">Zast\u0119pca Naczelnika Biura Zarz\u0105du<\/p>\n<p style=\"text-align: right;\">Fot. <strong>Starostwo Powiatowe w Pruszkowie<\/strong><\/p>\n","protected":false},"excerpt":{"rendered":"<p>W r\u0119ce mieszka\u0144c\u00f3w Powiatu przekazane zostaje narz\u0119dzie realnego wp\u0142ywu na obowi\u0105zuj\u0105ce w Powiecie Pruszkowskim prawo. B\u0119dzie to mo\u017cliwe dzi\u0119ki przyj\u0119tej jednog\u0142o\u015bnie we wtorek, 25 pa\u017adziernika 2016 podczas XXVI Sesji Rady Powiatu uchwa\u0142y daj\u0105cej mieszka\u0144com Powiatu pe\u0142n\u0105 mo\u017cliwo\u015b\u0107 podejmowania inicjatywy uchwa\u0142odawczej. Realizacja prawa obywatelskiej inicjatywy uchwa\u0142odawczej umo\u017cliwia mieszka\u0144com Powiatu Pruszkowskiego sporz\u0105dzenie i wnoszenie projekt\u00f3w uchwa\u0142 lub [&hellip;]<\/p>\n","protected":false},"author":2,"featured_media":246,"comment_status":"closed","ping_status":"open","sticky":false,"template":"","format":"standard","meta":{"footnotes":""},"categories":[5],"tags":[],"class_list":["post-245","post","type-post","status-publish","format-standard","has-post-thumbnail","hentry","category-wiadomosci"],"_links":{"self":[{"href":"https:\/\/fleschmazowsza.com.pl\/index.php?rest_route=\/wp\/v2\/posts\/245","targetHints":{"allow":["GET"]}}],"collection":[{"href":"https:\/\/fleschmazowsza.com.pl\/index.php?rest_route=\/wp\/v2\/posts"}],"about":[{"href":"https:\/\/fleschmazowsza.com.pl\/index.php?rest_route=\/wp\/v2\/types\/post"}],"author":[{"embeddable":true,"href":"https:\/\/fleschmazowsza.com.pl\/index.php?rest_route=\/wp\/v2\/users\/2"}],"replies":[{"embeddable":true,"href":"https:\/\/fleschmazowsza.com.pl\/index.php?rest_route=%2Fwp%2Fv2%2Fcomments&post=245"}],"version-history":[{"count":1,"href":"https:\/\/fleschmazowsza.com.pl\/index.php?rest_route=\/wp\/v2\/posts\/245\/revisions"}],"predecessor-version":[{"id":247,"href":"https:\/\/fleschmazowsza.com.pl\/index.php?rest_route=\/wp\/v2\/posts\/245\/revisions\/247"}],"wp:featuredmedia":[{"embeddable":true,"href":"https:\/\/fleschmazowsza.com.pl\/index.php?rest_route=\/wp\/v2\/media\/246"}],"wp:attachment":[{"href":"https:\/\/fleschmazowsza.com.pl\/index.php?rest_route=%2Fwp%2Fv2%2Fmedia&parent=245"}],"wp:term":[{"taxonomy":"category","embeddable":true,"href":"https:\/\/fleschmazowsza.com.pl\/index.php?rest_route=%2Fwp%2Fv2%2Fcategories&post=245"},{"taxonomy":"post_tag","embeddable":true,"href":"https:\/\/fleschmazowsza.com.pl\/index.php?rest_route=%2Fwp%2Fv2%2Ftags&post=245"}],"curies":[{"name":"wp","href":"https:\/\/api.w.org\/{rel}","templated":true}]}}