{"id":2446,"date":"2018-06-04T12:51:17","date_gmt":"2018-06-04T11:51:17","guid":{"rendered":"http:\/\/fleschmazowsza.com.pl\/?p=2446"},"modified":"2018-06-04T12:51:17","modified_gmt":"2018-06-04T11:51:17","slug":"wazny-jest-kontakt-z-mieszkancami","status":"publish","type":"post","link":"https:\/\/fleschmazowsza.com.pl\/?p=2446","title":{"rendered":"Wa\u017cny jest kontakt z mieszka\u0144cami"},"content":{"rendered":"<p align=\"JUSTIFY\"><b>Podczas odbywaj\u0105cego si\u0119 w Katowicach jubileuszowego X Europejskiego Kongresu Gospodarczego Starosta Pruszkowski Maksym Go\u0142o\u015b zosta\u0142 wyr\u00f3\u017cniony tytu\u0142em Samorz\u0105dowca Roku 2017 w kategorii Starost\u00f3w. W g\u0142osowaniu wzi\u0119\u0142o udzia\u0142 ponad 270 tysi\u0119cy czytelnik\u00f3w Portalu Samorz\u0105dowego, organizatora plebiscytu.<\/b><\/p>\n<p align=\"JUSTIFY\">Burmistrz Mi\u0144ska Mazowieckiego Marcin Jakubowski, radny powiatu nowotarskiego Bogus\u0142aw Waksmundzki, radna sejmiku wojew\u00f3dztwa \u015bl\u0105skiego Halina Bieda, starosta pruszkowski Maksym Go\u0142o\u015b, marsza\u0142ek wojew\u00f3dztwa \u015bl\u0105skiego Wojciech Sa\u0142uga oraz miejski radny ze Stalowej Woli Daniel Hausner zostali laureatami organizowanego przez Portal Samorz\u0105dowy plebiscytu na Samorz\u0105dowca Roku 2017. Podczas uroczystej gali zorganizowanej w ramach Europejskiego Kongresu Gospodarczego laureaci odebrali wyr\u00f3\u017cnienia.<\/p>\n<p align=\"JUSTIFY\">Czytelnicy wybrali najlepszych samorz\u0105dowc\u00f3w w kategoriach: najlepszy marsza\u0142ek wojew\u00f3dztwa, najlepszy prezydent\/burmistrz miasta, najlepszy radny miejski, powiatowy i wojew\u00f3dzki oraz najlepszy starosta. Po raz pierwszy w PortalSamorz\u0105dowy.pl mo\u017cna by\u0142o g\u0142osowa\u0107 na najlepszego starost\u0119 powiatu. Zosta\u0142 nim Maksym Go\u0142o\u015b, Starosta Pruszkowski.<\/p>\n<p align=\"JUSTIFY\">Po odebraniu nagrody Maksym Go\u0142o\u015b podkre\u015bla\u0142 wag\u0119 kontaktu z mieszka\u0144cami i to nie tylko przed wyborami:<\/p>\n<p align=\"JUSTIFY\">-Staramy si\u0119 nie traci\u0107 kontaktu z mieszka\u0144cami, z nimi ustalamy priorytety. Wyb\u00f3r dokonuje si\u0119 nie tylko przy urnie, ale musi by\u0107 kontynuowany na ka\u017cdej sesji, zarz\u0105dzie \u2013 m\u00f3wi\u0142 podczas gali.<\/p>\n<p align=\"JUSTIFY\">Doda\u0142 tak\u017ce, \u017ce nagroda to motywacja do dalszej pracy.<\/p>\n<p align=\"JUSTIFY\">Ta edycja plebiscytu okaza\u0142a si\u0119 rekordow\u0105. W sumie na marsza\u0142k\u00f3w wojew\u00f3dztw, starost\u00f3w, prezydent\u00f3w i burmistrz\u00f3w miast oraz radnych miejskich, powiatowych i wojew\u00f3dzkich oddano ponad 270 tysi\u0119cy g\u0142os\u00f3w!<\/p>\n<p align=\"JUSTIFY\">Czytelnicy Portalu Samorz\u0105dowego, oddaj\u0105c g\u0142osy na swoich faworyt\u00f3w, wskazywali, kt\u00f3rzy przedstawiciele samorz\u0105du najlepiej wywi\u0105zuj\u0105 si\u0119 z przedwyborczych obietnic oraz wype\u0142niaj\u0105 swoje obowi\u0105zki. Liczba oddanych g\u0142os\u00f3w to tak\u017ce wskaz\u00f3wka, kt\u00f3rzy samorz\u0105dowcy ciesz\u0105 si\u0119 najwi\u0119kszym zaufaniem spo\u0142ecze\u0144stwa.<\/p>\n<p align=\"JUSTIFY\">Przypominamy, \u017ce w kwietniu tego roku Powiat Pruszkowski otrzyma\u0142 r\u00f3wnie\u017c tytu\u0142 Najlepszego Powiatu w Polsce.<\/p>\n<p style=\"text-align: right;\" align=\"JUSTIFY\"><strong>Krzysztof Bukowski,<\/strong><\/p>\n<p style=\"text-align: right;\" align=\"JUSTIFY\">Zast\u0119pca Naczelnika Biura Zarz\u0105du<\/p>\n","protected":false},"excerpt":{"rendered":"<p>Podczas odbywaj\u0105cego si\u0119 w Katowicach jubileuszowego X Europejskiego Kongresu Gospodarczego Starosta Pruszkowski Maksym Go\u0142o\u015b zosta\u0142 wyr\u00f3\u017cniony tytu\u0142em Samorz\u0105dowca Roku 2017 w kategorii Starost\u00f3w. W g\u0142osowaniu wzi\u0119\u0142o udzia\u0142 ponad 270 tysi\u0119cy czytelnik\u00f3w Portalu Samorz\u0105dowego, organizatora plebiscytu. Burmistrz Mi\u0144ska Mazowieckiego Marcin Jakubowski, radny powiatu nowotarskiego Bogus\u0142aw Waksmundzki, radna sejmiku wojew\u00f3dztwa \u015bl\u0105skiego Halina Bieda, starosta pruszkowski Maksym Go\u0142o\u015b, [&hellip;]<\/p>\n","protected":false},"author":2,"featured_media":2447,"comment_status":"closed","ping_status":"open","sticky":false,"template":"","format":"standard","meta":{"footnotes":""},"categories":[5],"tags":[],"class_list":["post-2446","post","type-post","status-publish","format-standard","has-post-thumbnail","hentry","category-wiadomosci"],"_links":{"self":[{"href":"https:\/\/fleschmazowsza.com.pl\/index.php?rest_route=\/wp\/v2\/posts\/2446","targetHints":{"allow":["GET"]}}],"collection":[{"href":"https:\/\/fleschmazowsza.com.pl\/index.php?rest_route=\/wp\/v2\/posts"}],"about":[{"href":"https:\/\/fleschmazowsza.com.pl\/index.php?rest_route=\/wp\/v2\/types\/post"}],"author":[{"embeddable":true,"href":"https:\/\/fleschmazowsza.com.pl\/index.php?rest_route=\/wp\/v2\/users\/2"}],"replies":[{"embeddable":true,"href":"https:\/\/fleschmazowsza.com.pl\/index.php?rest_route=%2Fwp%2Fv2%2Fcomments&post=2446"}],"version-history":[{"count":1,"href":"https:\/\/fleschmazowsza.com.pl\/index.php?rest_route=\/wp\/v2\/posts\/2446\/revisions"}],"predecessor-version":[{"id":2448,"href":"https:\/\/fleschmazowsza.com.pl\/index.php?rest_route=\/wp\/v2\/posts\/2446\/revisions\/2448"}],"wp:featuredmedia":[{"embeddable":true,"href":"https:\/\/fleschmazowsza.com.pl\/index.php?rest_route=\/wp\/v2\/media\/2447"}],"wp:attachment":[{"href":"https:\/\/fleschmazowsza.com.pl\/index.php?rest_route=%2Fwp%2Fv2%2Fmedia&parent=2446"}],"wp:term":[{"taxonomy":"category","embeddable":true,"href":"https:\/\/fleschmazowsza.com.pl\/index.php?rest_route=%2Fwp%2Fv2%2Fcategories&post=2446"},{"taxonomy":"post_tag","embeddable":true,"href":"https:\/\/fleschmazowsza.com.pl\/index.php?rest_route=%2Fwp%2Fv2%2Ftags&post=2446"}],"curies":[{"name":"wp","href":"https:\/\/api.w.org\/{rel}","templated":true}]}}