{"id":2436,"date":"2018-05-28T12:55:13","date_gmt":"2018-05-28T11:55:13","guid":{"rendered":"http:\/\/fleschmazowsza.com.pl\/?p=2436"},"modified":"2018-05-28T12:55:13","modified_gmt":"2018-05-28T11:55:13","slug":"w-ten-weekend-nikt-nie-spal","status":"publish","type":"post","link":"https:\/\/fleschmazowsza.com.pl\/?p=2436","title":{"rendered":"W ten weekend nikt nie spa\u0142"},"content":{"rendered":"<p align=\"JUSTIFY\"><strong><span style=\"font-size: small;\">W dniach 27 i 28 maja odby\u0142y si\u0119 XX Dni Pruszkowa. Organizatorzy do\u0142o\u017cyli wszelkich stara\u0144 aby ka\u017cdy znalaz\u0142 dla siebie co\u015b interesuj\u0105cego.<\/span><\/strong><\/p>\n<p align=\"JUSTIFY\"><span style=\"font-size: small;\">Program imprezy roz\u0142o\u017cony zosta\u0142 na dwa dni i a\u017c trzy lokalizacje.<\/span><\/p>\n<p align=\"JUSTIFY\"><span style=\"font-size: small;\">Sobotnia, pierwsza cz\u0119\u015b\u0107 rozpocz\u0119\u0142a si\u0119 o godzinie 12:00 w Parku Ko\u015bciuszki i dedykowana zosta\u0142a przede wszystkim najm\u0142odszym.<\/span><\/p>\n<p align=\"JUSTIFY\"><span style=\"font-size: small;\">Biuro Promocji i Kultury Miasta przygotowa\u0142o szereg atrakcji, kt\u00f3re odbywa\u0142y si\u0119 pod okiem profesjonalnych animator\u00f3w. W programie znalaz\u0142y si\u0119: gry, konkursy, zaj\u0119cia tematyczne, warsztaty plastyczne, zabawy taneczne.<\/span><\/p>\n<p align=\"JUSTIFY\"><span style=\"font-size: small;\">Od godziny 16:00 <\/span><span style=\"font-size: small;\">w Parku Ko\u015bciuszki <\/span><span style=\"font-size: small;\">zacz\u0119\u0142a si\u0119 cz\u0119\u015b\u0107 koncertowa, kt\u00f3ra mimo z\u0142ej aury (padaj\u0105cy deszcz) przyci\u0105gn\u0119\u0142a t\u0142umy mieszka\u0144c\u00f3w Pruszkowa. Mi\u0142o\u015bnicy polskiej muzyki rozrywkowej mogli bawi\u0107 si\u0119 razem z takimi zespo\u0142ami jak: BOYS, New York oraz Piersi.<\/span><\/p>\n<p align=\"JUSTIFY\"><span style=\"font-size: small;\">Niedzielna ods\u0142ona Dni Pruszkowa rozpocz\u0119\u0142a si\u0119 od pi\u0105tej ju\u017c edycji Pruszkowskiego Biegu Wolno\u015bci. Biegacze startuj\u0105cy o godz. 10.00 ze stadionu Znicza przebiegli ulicami miasta dystans 10 km. Po sportowych zmaganiach impreza znowu przenios\u0142a si\u0119 do Parku Ko\u015bciuszki gdzie na dzieci ponownie czeka\u0142o wiele atrakcji. A w\u015br\u00f3d nich: miasteczko ruchu drogowego, wystawa zwierz\u0105t, malowanie buziek, zawody i konkursy. Milusi\u0144scy mogli te\u017c zrobi\u0107 sobie zdj\u0119cia z bajkowymi pluszakami.<\/span><\/p>\n<p align=\"JUSTIFY\"><span style=\"font-size: small;\">O godz. 15.00 na terenie P\u0142ywalni Kapry na mi\u0142o\u015bnik\u00f3w sport\u00f3w wodnych czeka\u0142y emocje sportowe w postaci rozgrywanych w ramach Pruszkowskiej Ligi P\u0142ywackiej zawod\u00f3w.<\/span><\/p>\n<p align=\"JUSTIFY\"><span style=\"font-size: small;\">Od godziny 16:00 rozpocz\u0119\u0142a si\u0119 druga cz\u0119\u015b\u0107 koncertowa. Tego dnia mi\u0142o\u015bnicy rocka i mocniejszego grania mogli spotka\u0107 si\u0119 ze swoimi idolami i wsp\u00f3lnie bawi\u0107 a\u017c do p\u00f3\u017anych godzin wieczornych. Na scenie pojawili si\u0119 najpierw Avocado, nast\u0119pnie Nocny Kochanek, zesp\u00f3\u0142 Cree a niekwestionowan\u0105 gwiazd\u0105 wieczoru by\u0142a Agnieszka Chyli\u0144ska i to jej koncert przyci\u0105gn\u0105\u0142 najwi\u0119cej fan\u00f3w.<\/span><\/p>\n<p align=\"JUSTIFY\"><a name=\"_GoBack\"><\/a><span style=\"font-size: small;\">W trakcie \u015bwi\u0119ta swojego miasta mieszka\u0144cy Pruszkowa mogli zje\u015b\u0107 przepyszne potrawy przygotowane przez wystawc\u00f3w. Nie zabrak\u0142o namiotu Miejskiej Rady Senior\u00f3w, Bud\u017cetu Obywatelskiego, <\/span><span style=\"font-size: small;\">gdzie przy pomocy pracownik\u00f3w urz\u0119du zag\u0142osowa\u0107 mo\u017cna by\u0142o na sw\u00f3j ulubiony projekt przysz\u0142orocznej inwestycji. T\u0142umnie odwiedzany by\u0142 tak\u017ce namiot Pruszkowskiego Stowarzyszenia na Rzecz Zwierz\u0105t, kt\u00f3rego jeste\u015bmy patronem medialnym. Mo\u017cna by\u0142o zg\u0142osi\u0107 si\u0119 do wolontariatu, zadeklarowa\u0107 adopcj\u0119 zwierzaka lub po prostu dowiedzie\u0107 si\u0119 czego\u015b wi\u0119cej na temat dzia\u0142alno\u015bci PSnRZ.<\/span><\/p>\n<p align=\"JUSTIFY\"><span style=\"font-size: small;\">Przez ca\u0142e dwa dni nad bezpiecze\u0144stwem mieszka\u0144c\u00f3w czuwa\u0142y s\u0142u\u017cby porz\u0105dkowe.<\/span><\/p>\n<p align=\"JUSTIFY\"><span style=\"font-size: small;\">W imieniu swoim i mieszka\u0144c\u00f3w dzi\u0119kujemy organizatorom za tak wspania\u0142e przygotowanie XX Dni Pruszkowa oraz czekamy na kolejne imprezy plenerowe przygotowywane przez miasto. B\u0119dziemy tam z Wami i b\u0119dziemy jak zwykle relacjonowa\u0107 przebieg. Jedno jest pewne, \u017ce w ten weekend Pruszk\u00f3w nie spa\u0142.<\/span><\/p>\n<p style=\"text-align: right;\" align=\"JUSTIFY\">Tekst i foto: <strong>Katarzyna W\u0142odarczyk<\/strong><\/p>\n","protected":false},"excerpt":{"rendered":"<p>W dniach 27 i 28 maja odby\u0142y si\u0119 XX Dni Pruszkowa. Organizatorzy do\u0142o\u017cyli wszelkich stara\u0144 aby ka\u017cdy znalaz\u0142 dla siebie co\u015b interesuj\u0105cego. Program imprezy roz\u0142o\u017cony zosta\u0142 na dwa dni i a\u017c trzy lokalizacje. Sobotnia, pierwsza cz\u0119\u015b\u0107 rozpocz\u0119\u0142a si\u0119 o godzinie 12:00 w Parku Ko\u015bciuszki i dedykowana zosta\u0142a przede wszystkim najm\u0142odszym. Biuro Promocji i Kultury Miasta [&hellip;]<\/p>\n","protected":false},"author":2,"featured_media":2437,"comment_status":"closed","ping_status":"open","sticky":false,"template":"","format":"standard","meta":{"footnotes":""},"categories":[6,8,4],"tags":[],"class_list":["post-2436","post","type-post","status-publish","format-standard","has-post-thumbnail","hentry","category-kultura","category-roznosci","category-sport"],"_links":{"self":[{"href":"https:\/\/fleschmazowsza.com.pl\/index.php?rest_route=\/wp\/v2\/posts\/2436","targetHints":{"allow":["GET"]}}],"collection":[{"href":"https:\/\/fleschmazowsza.com.pl\/index.php?rest_route=\/wp\/v2\/posts"}],"about":[{"href":"https:\/\/fleschmazowsza.com.pl\/index.php?rest_route=\/wp\/v2\/types\/post"}],"author":[{"embeddable":true,"href":"https:\/\/fleschmazowsza.com.pl\/index.php?rest_route=\/wp\/v2\/users\/2"}],"replies":[{"embeddable":true,"href":"https:\/\/fleschmazowsza.com.pl\/index.php?rest_route=%2Fwp%2Fv2%2Fcomments&post=2436"}],"version-history":[{"count":1,"href":"https:\/\/fleschmazowsza.com.pl\/index.php?rest_route=\/wp\/v2\/posts\/2436\/revisions"}],"predecessor-version":[{"id":2438,"href":"https:\/\/fleschmazowsza.com.pl\/index.php?rest_route=\/wp\/v2\/posts\/2436\/revisions\/2438"}],"wp:featuredmedia":[{"embeddable":true,"href":"https:\/\/fleschmazowsza.com.pl\/index.php?rest_route=\/wp\/v2\/media\/2437"}],"wp:attachment":[{"href":"https:\/\/fleschmazowsza.com.pl\/index.php?rest_route=%2Fwp%2Fv2%2Fmedia&parent=2436"}],"wp:term":[{"taxonomy":"category","embeddable":true,"href":"https:\/\/fleschmazowsza.com.pl\/index.php?rest_route=%2Fwp%2Fv2%2Fcategories&post=2436"},{"taxonomy":"post_tag","embeddable":true,"href":"https:\/\/fleschmazowsza.com.pl\/index.php?rest_route=%2Fwp%2Fv2%2Ftags&post=2436"}],"curies":[{"name":"wp","href":"https:\/\/api.w.org\/{rel}","templated":true}]}}