{"id":2423,"date":"2018-05-21T13:31:40","date_gmt":"2018-05-21T12:31:40","guid":{"rendered":"http:\/\/fleschmazowsza.com.pl\/?p=2423"},"modified":"2018-05-21T13:47:08","modified_gmt":"2018-05-21T12:47:08","slug":"ruszaja-przygotowania-do-budowy-duzej-obwodnicy-warszawy","status":"publish","type":"post","link":"https:\/\/fleschmazowsza.com.pl\/?p=2423","title":{"rendered":"Ruszaj\u0105 przygotowania do budowy \u201edu\u017cej\u201d obwodnicy Warszawy"},"content":{"rendered":"<p><strong>Zapowiedzi wiceministra infrastruktury Marka Chodkiewicza dotycz\u0105ce plan\u00f3w budowy tzw. \u201edu\u017cej\u201d obwodnicy Warszawy zaczynaj\u0105 si\u0119 urzeczywistnia\u0107. Generalna Dyrekcja Dr\u00f3g Krajowych i Autostrad rozpoczyna analizy dotycz\u0105ce tej inwestycji.<\/strong><\/p>\n<p style=\"text-align: center;\"><strong>Du\u017ce nat\u0119\u017cenie ruchu<\/strong><\/p>\n<p>O konieczno\u015bci budowy obwodnicy Warszawy m\u00f3wi si\u0119 ju\u017c od dawna. Mimo, \u017ce warszawiacy maj\u0105 ju\u017c kilka sporych fragment\u00f3w umo\u017cliwiaj\u0105cych cz\u0119\u015bciowy objazd stolicy, brakuje jeszcze wielu kilometr\u00f3w zewn\u0119trznego ringu. Wed\u0142ug Generalnej Dyrekcji Dr\u00f3g Krajowych i Autostrad miastu potrzebna jest du\u017ca obwodnica ze wzgl\u0119du na coraz wi\u0119ksze nat\u0119\u017cenie ruchu na ju\u017c istniej\u0105cych odcinkach obwodnicy w ci\u0105gu tras S2 i S8.<\/p>\n<p>Ostatni Generalny Pomiar Ruchu, kt\u00f3ry Generalna Dyrekcja Dr\u00f3g Krajowych i Autostrad przeprowadzi\u0142a w 2015 r. pokaza\u0142, \u017ce przez most Grota Roweckiego w ci\u0105gu S8 przeje\u017cd\u017ca \u015brednio ponad 140 tys. pojazd\u00f3w na dob\u0119, a w godzinach szczytu ten fragment obwodnicy Warszawy jest permanentnie zakorkowany. T\u0142oczno jest tak\u017ce na zachodnim wylocie z Warszawy oraz zachodnio \u2013 po\u0142udniowej obwodnicy w ci\u0105gu drogi S2.<\/p>\n<p>Z tego powodu, w Generalnej Dyrekcji Dr\u00f3g Krajowych i Autostrad ruszaj\u0105 prace nad tras\u0105 A50, czyli \u201edu\u017c\u0105\u201d obwodnic\u0105 Warszawy.<\/p>\n<p style=\"text-align: center;\"><strong>Ruszaj\u0105 prace analityczne<\/strong><\/p>\n<p>\u2013 W pierwszej kolejno\u015bci przeprowadzona zostanie analiza wskazuj\u0105ca na optymalne oddalenie wariant\u00f3w przysz\u0142ej obwodnicy od granic administracyjnych miasta oraz miejsca ich mo\u017cliwych powi\u0105za\u0144 z istniej\u0105c\u0105 i planowan\u0105 sieci\u0105 dr\u00f3g. Uwzgl\u0119dnione zostanie r\u00f3wnie\u017c skomunikowanie z planowanym Centralnym Portem Komunikacyjnym. Nast\u0119pnie dla wst\u0119pnie nakre\u015blonego modelu sieci drogowej zostanie wykonana uproszczona prognoza ruchu, kt\u00f3rej wyniki poka\u017c\u0105 przysz\u0142e, szacunkowe nat\u0119\u017cenia ruchu \u2013 wyja\u015bnia Jan Krynicki, rzecznik prasowy Generalnej Dyrekcji Dr\u00f3g Krajowych i Autostrad.<\/p>\n<p>\u2013 Wielop\u0142aszczyznowa analiza b\u0119dzie podstaw\u0105 do okre\u015blenia klasy i przekroju planowanej obwodnicy. R\u00f3wnocze\u015bnie, wskazane elementy sieci zostan\u0105 wst\u0119pnie poddane analizie oddzia\u0142ywania na \u015brodowisko przyrodnicze i mieszka\u0144c\u00f3w, co pozwoli na wskazanie stref wyj\u0105tkowo wra\u017cliwych dla maj\u0105cych powsta\u0107 poszczeg\u00f3lnych element\u00f3w du\u017cej obwodnicy Stolicy \u2013 dodaje.<\/p>\n<p style=\"text-align: center;\"><strong>Czekamy na plany obwodnicy<\/strong><\/p>\n<p>W wyniku analizy mo\u017cliwe b\u0119dzie wskazanie pogl\u0105dowych wariant\u00f3w korytarzy obwodnicy. Te za\u015b b\u0119dzie trzeba podda\u0107 dalszym pracom, aby w rezultacie uzyska\u0107 finalne Studium Korytarzowe.<\/p>\n<p>Niezale\u017cnie od tego aktualnie w Generalnej Dyrekcji Dr\u00f3g Krajowych i Autostrad opracowywane jest Studium Korytarzowe dla drogi ekspresowej S10 Toru\u0144 \u2013 P\u0142ock \u2013 S7 (Nowy Dw\u00f3r Mazowiecki) \u2013 S8 (Wo\u0142omin).<\/p>\n<p>W za\u0142o\u017ceniu jeden z fragment\u00f3w drogi S10 ma stanowi\u0107 p\u00f3\u0142nocn\u0105 obwodnic\u0119 Stolicy, staj\u0105c si\u0119 elementem \u201edu\u017cej\u201d obwodnicy Warszawy.<\/p>\n<p style=\"text-align: right;\"><strong>Kinga Rochalska<\/strong><\/p>\n<p style=\"text-align: right;\">Fot.<strong><em> <a href=\"http:\/\/www.flickr.com\/\" target=\"_blank\" rel=\"noopener\"><span style=\"color: #000080;\"><span lang=\"zxx\"><u>www<\/u><\/span><\/span><span style=\"color: #000080;\"><span lang=\"zxx\"><u>.<\/u><\/span><\/span><span style=\"color: #000080;\"><span lang=\"zxx\"><u>flickr<\/u><\/span><\/span><span style=\"color: #000080;\"><span lang=\"zxx\"><u>.<\/u><\/span><\/span><span style=\"color: #000080;\"><span lang=\"zxx\"><u>com<\/u><\/span><\/span><\/a><\/em><\/strong><\/p>\n","protected":false},"excerpt":{"rendered":"<p>Zapowiedzi wiceministra infrastruktury Marka Chodkiewicza dotycz\u0105ce plan\u00f3w budowy tzw. \u201edu\u017cej\u201d obwodnicy Warszawy zaczynaj\u0105 si\u0119 urzeczywistnia\u0107. Generalna Dyrekcja Dr\u00f3g Krajowych i Autostrad rozpoczyna analizy dotycz\u0105ce tej inwestycji. Du\u017ce nat\u0119\u017cenie ruchu O konieczno\u015bci budowy obwodnicy Warszawy m\u00f3wi si\u0119 ju\u017c od dawna. Mimo, \u017ce warszawiacy maj\u0105 ju\u017c kilka sporych fragment\u00f3w umo\u017cliwiaj\u0105cych cz\u0119\u015bciowy objazd stolicy, brakuje jeszcze wielu kilometr\u00f3w [&hellip;]<\/p>\n","protected":false},"author":2,"featured_media":2424,"comment_status":"closed","ping_status":"open","sticky":false,"template":"","format":"standard","meta":{"footnotes":""},"categories":[8,5],"tags":[],"class_list":["post-2423","post","type-post","status-publish","format-standard","has-post-thumbnail","hentry","category-roznosci","category-wiadomosci"],"_links":{"self":[{"href":"https:\/\/fleschmazowsza.com.pl\/index.php?rest_route=\/wp\/v2\/posts\/2423","targetHints":{"allow":["GET"]}}],"collection":[{"href":"https:\/\/fleschmazowsza.com.pl\/index.php?rest_route=\/wp\/v2\/posts"}],"about":[{"href":"https:\/\/fleschmazowsza.com.pl\/index.php?rest_route=\/wp\/v2\/types\/post"}],"author":[{"embeddable":true,"href":"https:\/\/fleschmazowsza.com.pl\/index.php?rest_route=\/wp\/v2\/users\/2"}],"replies":[{"embeddable":true,"href":"https:\/\/fleschmazowsza.com.pl\/index.php?rest_route=%2Fwp%2Fv2%2Fcomments&post=2423"}],"version-history":[{"count":2,"href":"https:\/\/fleschmazowsza.com.pl\/index.php?rest_route=\/wp\/v2\/posts\/2423\/revisions"}],"predecessor-version":[{"id":2426,"href":"https:\/\/fleschmazowsza.com.pl\/index.php?rest_route=\/wp\/v2\/posts\/2423\/revisions\/2426"}],"wp:featuredmedia":[{"embeddable":true,"href":"https:\/\/fleschmazowsza.com.pl\/index.php?rest_route=\/wp\/v2\/media\/2424"}],"wp:attachment":[{"href":"https:\/\/fleschmazowsza.com.pl\/index.php?rest_route=%2Fwp%2Fv2%2Fmedia&parent=2423"}],"wp:term":[{"taxonomy":"category","embeddable":true,"href":"https:\/\/fleschmazowsza.com.pl\/index.php?rest_route=%2Fwp%2Fv2%2Fcategories&post=2423"},{"taxonomy":"post_tag","embeddable":true,"href":"https:\/\/fleschmazowsza.com.pl\/index.php?rest_route=%2Fwp%2Fv2%2Ftags&post=2423"}],"curies":[{"name":"wp","href":"https:\/\/api.w.org\/{rel}","templated":true}]}}