{"id":2416,"date":"2018-05-21T13:22:09","date_gmt":"2018-05-21T12:22:09","guid":{"rendered":"http:\/\/fleschmazowsza.com.pl\/?p=2416"},"modified":"2018-05-21T13:22:09","modified_gmt":"2018-05-21T12:22:09","slug":"w-oczekiwaniu-na-otwarcie-kapieliska","status":"publish","type":"post","link":"https:\/\/fleschmazowsza.com.pl\/?p=2416","title":{"rendered":"W oczekiwaniu na otwarcie k\u0105pieliska"},"content":{"rendered":"<p><strong>Podobnie jak w latach ubieg\u0142ych, r\u00f3wnie\u017c w tym roku w letnie, upalne dni mieszka\u0144cy powiatu pruszkowskiego b\u0119d\u0105 mogli sp\u0119dzi\u0107 czas nad wod\u0105. Sprawdzili\u015bmy, kiedy planowane jest otwarcie miejskiego k\u0105pieliska w Parku Mazowsze.<\/strong><\/p>\n<p>Popularnym miejscem na sp\u0119dzanie wolnego czasu w upalne dni s\u0105 dla pruszkowian glinianki w Parku Mazowsze. Do dyspozycji mieszka\u0144c\u00f3w miasto oddaje w tym miejscu strze\u017cone k\u0105pielisko znajduj\u0105ce si\u0119 u zbiegu ulic Mostowej i Zachodniej. Dodatkowo na terenie parku dzia\u0142a zaplecze k\u0105pielowe z sanitariatami i pawilon medyczny, w kt\u00f3rym w razie konieczno\u015bci mo\u017cna uzyska\u0107 pomoc.<\/p>\n<p>Podobnie jak w latach ubieg\u0142ych, r\u00f3wnie\u017c w tym roku k\u0105pielisko zostanie otwarte dla mieszka\u0144c\u00f3w. Sezon k\u0105pielowy w Pruszkowie rozpocznie si\u0119 wraz z wakacjami \u2013 30 czerwca i potrwa do 2 wrze\u015bnia. Przygotowania do inauguracji sezonu ju\u017c ruszy\u0142y.<\/p>\n<p>\u2013 Jeste\u015bmy po szkoleniach z ratownictwa, w tym roku nasz sprz\u0119t powi\u0119kszy si\u0119 o defibrylator \u2013 m\u00f3wi Jacek El\u017canowski, dyrektor miejskiej p\u0142ywalni \u201eKapry\u201d, kt\u00f3ra odpowiada za organizacj\u0119 i bezpiecze\u0144stwo na k\u0105pielisku.<br \/>\nPodobnie jak w poprzednich latach ratownicy dost\u0119pni b\u0119d\u0105 zar\u00f3wno w dni powszednie, jak i w weekendy. K\u0105piel dozwolona b\u0119dzie w godzinach pracy ekipy ratownik\u00f3w.<\/p>\n<p>&#8211; W momencie, gdy ko\u0144czymy prac\u0119 wieszamy tabliczk\u0119 \u201ezakaz k\u0105pieli\u201d, w tym momencie wchodzenie do wody jest zakazane \u2013 podkre\u015bla Jacek El\u017canowski.<\/p>\n<p style=\"text-align: right;\"><strong>Kinga Rochalska<\/strong><\/p>\n<p style=\"text-align: right;\">Fot. <em><strong>www.pruszkow.pl<\/strong><\/em><\/p>\n","protected":false},"excerpt":{"rendered":"<p>Podobnie jak w latach ubieg\u0142ych, r\u00f3wnie\u017c w tym roku w letnie, upalne dni mieszka\u0144cy powiatu pruszkowskiego b\u0119d\u0105 mogli sp\u0119dzi\u0107 czas nad wod\u0105. Sprawdzili\u015bmy, kiedy planowane jest otwarcie miejskiego k\u0105pieliska w Parku Mazowsze. Popularnym miejscem na sp\u0119dzanie wolnego czasu w upalne dni s\u0105 dla pruszkowian glinianki w Parku Mazowsze. Do dyspozycji mieszka\u0144c\u00f3w miasto oddaje w tym [&hellip;]<\/p>\n","protected":false},"author":2,"featured_media":2417,"comment_status":"closed","ping_status":"open","sticky":false,"template":"","format":"standard","meta":{"footnotes":""},"categories":[8,5],"tags":[],"class_list":["post-2416","post","type-post","status-publish","format-standard","has-post-thumbnail","hentry","category-roznosci","category-wiadomosci"],"_links":{"self":[{"href":"https:\/\/fleschmazowsza.com.pl\/index.php?rest_route=\/wp\/v2\/posts\/2416","targetHints":{"allow":["GET"]}}],"collection":[{"href":"https:\/\/fleschmazowsza.com.pl\/index.php?rest_route=\/wp\/v2\/posts"}],"about":[{"href":"https:\/\/fleschmazowsza.com.pl\/index.php?rest_route=\/wp\/v2\/types\/post"}],"author":[{"embeddable":true,"href":"https:\/\/fleschmazowsza.com.pl\/index.php?rest_route=\/wp\/v2\/users\/2"}],"replies":[{"embeddable":true,"href":"https:\/\/fleschmazowsza.com.pl\/index.php?rest_route=%2Fwp%2Fv2%2Fcomments&post=2416"}],"version-history":[{"count":2,"href":"https:\/\/fleschmazowsza.com.pl\/index.php?rest_route=\/wp\/v2\/posts\/2416\/revisions"}],"predecessor-version":[{"id":2419,"href":"https:\/\/fleschmazowsza.com.pl\/index.php?rest_route=\/wp\/v2\/posts\/2416\/revisions\/2419"}],"wp:featuredmedia":[{"embeddable":true,"href":"https:\/\/fleschmazowsza.com.pl\/index.php?rest_route=\/wp\/v2\/media\/2417"}],"wp:attachment":[{"href":"https:\/\/fleschmazowsza.com.pl\/index.php?rest_route=%2Fwp%2Fv2%2Fmedia&parent=2416"}],"wp:term":[{"taxonomy":"category","embeddable":true,"href":"https:\/\/fleschmazowsza.com.pl\/index.php?rest_route=%2Fwp%2Fv2%2Fcategories&post=2416"},{"taxonomy":"post_tag","embeddable":true,"href":"https:\/\/fleschmazowsza.com.pl\/index.php?rest_route=%2Fwp%2Fv2%2Ftags&post=2416"}],"curies":[{"name":"wp","href":"https:\/\/api.w.org\/{rel}","templated":true}]}}