{"id":2382,"date":"2018-05-07T13:55:11","date_gmt":"2018-05-07T12:55:11","guid":{"rendered":"http:\/\/fleschmazowsza.com.pl\/?p=2382"},"modified":"2018-05-07T13:55:11","modified_gmt":"2018-05-07T12:55:11","slug":"rysunki-dla-dzieci-od-dzieci","status":"publish","type":"post","link":"https:\/\/fleschmazowsza.com.pl\/?p=2382","title":{"rendered":"Rysunki dla dzieci od dzieci"},"content":{"rendered":"<p><strong>W niedzielne popo\u0142udnie w brwinowskim Okej-u odby\u0142y si\u0119 warsztaty ilustratorskie w ramach projektu \u201eDzieci Dzieciom\u201d. Dzieci rysowa\u0142y ilustracje do ksi\u0105\u017cki charytatywnej, kt\u00f3ra trafi do dzieci\u0119cych oddzia\u0142\u00f3w szpitalnych, dom\u00f3w dziecka i bibliotek.<\/strong><\/p>\n<p>Koordynatorem projektu jest Wydawnictwo \u201eSofijka\u201d, kt\u00f3rego siedziba mie\u015bci si\u0119 w\u0142a\u015bnie w Brwinowie. Specjalizuje si\u0119 ono w wydawaniu ksi\u0105\u017cek edukacyjnych, wspomagaj\u0105cych nauk\u0119 czytania u najm\u0142odszych. W ofercie \u201eSofijki\u201d s\u0105 r\u00f3wnie\u017c kreatywne warsztaty wsp\u00f3lnego tworzenia ksi\u0105\u017cki oraz spotkania edukacyjno-literackie dla dzieci.<\/p>\n<p>Ide\u0105 ksi\u0105\u017cki \u201eDzieci Dzieciom\u201d jest, aby zar\u00f3wno autorami tekst\u00f3w, jak i ilustracji by\u0142y dzieci. Spo\u015br\u00f3d wielu bajek napisanych i nades\u0142anych przez dzieci, do ksi\u0105\u017cki wybrano 32, wed\u0142ug kryterium oryginalno\u015bci pomys\u0142u i wysokiego poziomu j\u0119zykowego.<\/p>\n<p>Podczas brwinowskich warsztat\u00f3w ilustratorskich najm\u0142odszym odczytano 4 bajki, zatytu\u0142owane: \u201eSmocza Gwiazda\u201d, \u201eB\u0142\u0119kit fali\u201d, \u201eNiezwyk\u0142a przygoda Sary\u201d i \u201eBajka o \u015blimaku\u201d. Dzieci mog\u0142y zilustrowa\u0107 temat, kt\u00f3ry je zainteresowa\u0142, przy pomocy kredek o\u0142\u00f3wkowych, pasteli olejnych i suchych, flamastr\u00f3w i d\u0142ugopis\u00f3w \u017celowych.<\/p>\n<p>Rysunki, tworzone pod okiem i doradztwem ilustratorki Wydawnictwa \u201eSofijka\u201d, wykorzystane zostan\u0105 jako ilustracje do ksi\u0105\u017cki charytatywnej, do jej promocji i podczas premiery ksi\u0105\u017cki, kt\u00f3ra odb\u0119dzie si\u0119 8 wrze\u015bnia.<\/p>\n<p style=\"text-align: right;\">Tekst i foto: <strong>Sylwia Pa\u0144k\u00f3w<\/strong><\/p>\n","protected":false},"excerpt":{"rendered":"<p>W niedzielne popo\u0142udnie w brwinowskim Okej-u odby\u0142y si\u0119 warsztaty ilustratorskie w ramach projektu \u201eDzieci Dzieciom\u201d. Dzieci rysowa\u0142y ilustracje do ksi\u0105\u017cki charytatywnej, kt\u00f3ra trafi do dzieci\u0119cych oddzia\u0142\u00f3w szpitalnych, dom\u00f3w dziecka i bibliotek. Koordynatorem projektu jest Wydawnictwo \u201eSofijka\u201d, kt\u00f3rego siedziba mie\u015bci si\u0119 w\u0142a\u015bnie w Brwinowie. Specjalizuje si\u0119 ono w wydawaniu ksi\u0105\u017cek edukacyjnych, wspomagaj\u0105cych nauk\u0119 czytania u najm\u0142odszych. [&hellip;]<\/p>\n","protected":false},"author":2,"featured_media":2383,"comment_status":"closed","ping_status":"open","sticky":false,"template":"","format":"standard","meta":{"footnotes":""},"categories":[9,6],"tags":[],"class_list":["post-2382","post","type-post","status-publish","format-standard","has-post-thumbnail","hentry","category-edukacja","category-kultura"],"_links":{"self":[{"href":"https:\/\/fleschmazowsza.com.pl\/index.php?rest_route=\/wp\/v2\/posts\/2382","targetHints":{"allow":["GET"]}}],"collection":[{"href":"https:\/\/fleschmazowsza.com.pl\/index.php?rest_route=\/wp\/v2\/posts"}],"about":[{"href":"https:\/\/fleschmazowsza.com.pl\/index.php?rest_route=\/wp\/v2\/types\/post"}],"author":[{"embeddable":true,"href":"https:\/\/fleschmazowsza.com.pl\/index.php?rest_route=\/wp\/v2\/users\/2"}],"replies":[{"embeddable":true,"href":"https:\/\/fleschmazowsza.com.pl\/index.php?rest_route=%2Fwp%2Fv2%2Fcomments&post=2382"}],"version-history":[{"count":1,"href":"https:\/\/fleschmazowsza.com.pl\/index.php?rest_route=\/wp\/v2\/posts\/2382\/revisions"}],"predecessor-version":[{"id":2384,"href":"https:\/\/fleschmazowsza.com.pl\/index.php?rest_route=\/wp\/v2\/posts\/2382\/revisions\/2384"}],"wp:featuredmedia":[{"embeddable":true,"href":"https:\/\/fleschmazowsza.com.pl\/index.php?rest_route=\/wp\/v2\/media\/2383"}],"wp:attachment":[{"href":"https:\/\/fleschmazowsza.com.pl\/index.php?rest_route=%2Fwp%2Fv2%2Fmedia&parent=2382"}],"wp:term":[{"taxonomy":"category","embeddable":true,"href":"https:\/\/fleschmazowsza.com.pl\/index.php?rest_route=%2Fwp%2Fv2%2Fcategories&post=2382"},{"taxonomy":"post_tag","embeddable":true,"href":"https:\/\/fleschmazowsza.com.pl\/index.php?rest_route=%2Fwp%2Fv2%2Ftags&post=2382"}],"curies":[{"name":"wp","href":"https:\/\/api.w.org\/{rel}","templated":true}]}}