{"id":2379,"date":"2018-05-07T13:45:12","date_gmt":"2018-05-07T12:45:12","guid":{"rendered":"http:\/\/fleschmazowsza.com.pl\/?p=2379"},"modified":"2018-05-07T13:45:12","modified_gmt":"2018-05-07T12:45:12","slug":"najlepsza-orkiestra-deta-na-mazowszu-poszukiwana","status":"publish","type":"post","link":"https:\/\/fleschmazowsza.com.pl\/?p=2379","title":{"rendered":"Najlepsza orkiestra d\u0119ta na Mazowszu poszukiwana"},"content":{"rendered":"<p><strong>Ju\u017c od pi\u0119ciu lat orkiestry d\u0119te z Mazowsza mog\u0105 rywalizowa\u0107 o tytu\u0142 tej najlepszej. Konkurs organizowany przez biuro regionalne Krajowej Sieci Obszar\u00f3w Wiejskich cieszy si\u0119 ogromn\u0105 popularno\u015bci\u0105, a fina\u0142owe wyst\u0119py przyci\u0105gaj\u0105 t\u0142umy. W tym roku kolejni muzycy mog\u0105 powalczy\u0107 o nagrod\u0119. Termin na zg\u0142oszenie up\u0142ywa 29 czerwca.<\/strong><\/p>\n<p>\u2013 To udany konkurs, kt\u00f3ry pokaza\u0142, jak wiele mamy na Mazowszu bardzo zaanga\u017cowanych w swoj\u0105 dzia\u0142alno\u015b\u0107 orkiestr. Ich wyst\u0119py to nie tylko feeria d\u017awi\u0119k\u00f3w, ale i barw, ze wzgl\u0119du m.in. na kolorowe stroje. Chcemy nagradza\u0107 w\u0142a\u015bnie takie profesjonalne podej\u015bcie. Zw\u0142aszcza, \u017ce orkiestry u\u015bwietniaj\u0105 wiele wa\u017cnych wydarze\u0144 i potrafi\u0105 swoj\u0105 pasj\u0105 zara\u017ca\u0107 innych \u2013 m\u00f3wi marsza\u0142ek Adam Struzik.<\/p>\n<p style=\"text-align: center;\"><strong>Zg\u0142o\u015b si\u0119 ju\u017c dzi\u015b<\/strong><\/p>\n<p>Aby wzi\u0105\u0107 udzia\u0142 w konkursie, nale\u017cy do 29 czerwca 2018 r. zg\u0142osi\u0107 si\u0119 do urz\u0119du marsza\u0142kowskiego \u2013 przy czym zg\u0142aszana dzia\u0142alno\u015b\u0107 musi by\u0107 udokumentowana w postaci kronik, sprawozda\u0144, relacji w mediach. Pierwszy etap to ocena pisemnych zg\u0142osze\u0144, a kolejny \u2013 przes\u0142uchania podczas uroczystego koncertu fina\u0142owego. Wyboru dokona profesjonalna komisja konkursowa.<\/p>\n<p>Nagrody, o jakie b\u0119d\u0105 walczy\u0107 orkiestry, to odpowiednio do 5 tys. z\u0142 brutto za I miejsce, do 3,5 tys. z\u0142 brutto za II miejsce i do 2,5 tys. z\u0142 brutto za III miejsce. Mo\u017cliwe s\u0105 r\u00f3wnie\u017c wyr\u00f3\u017cnienia.<\/p>\n<p>W konkursie nie mog\u0105 bra\u0107 udzia\u0142u orkiestry, kt\u00f3re zdoby\u0142y tytu\u0142 laureata I miejsca w dotychczasowych edycjach.<\/p>\n<p style=\"text-align: center;\"><strong>Bez nich nie ma do\u017cynek<\/strong><\/p>\n<p>\u2013 Nie wyobra\u017cam sobie do\u017cynek czy lokalnych uroczysto\u015bci bez orkiestr d\u0119tych. W ich muzyce s\u0142ycha\u0107 talent, pasj\u0119 oraz ogrom wykonanej pracy. Warto podkre\u015bli\u0107, \u017ce nasze mazowieckie orkiestry reprezentuj\u0105 wysoki poziom artystyczny, a do tego wykazuj\u0105 si\u0119 du\u017c\u0105 kreatywno\u015bci\u0105 np.: w interpretacji utwor\u00f3w czy doborze stroju. Co roku wyb\u00f3r tej najlepszej jest bardzo trudny, dlatego cz\u0119sto przyznajemy tak\u017ce wyr\u00f3\u017cnienia \u2013 doda\u0142a wicemarsza\u0142ek Janina Ewa Orze\u0142owska.<\/p>\n<p>Formularze zg\u0142oszeniowe z dodatkowymi dokumentami nale\u017cy przes\u0142a\u0107 na adres:<\/p>\n<p>Urz\u0105d Marsza\u0142kowski Wojew\u00f3dztwa Mazowieckiego w Warszawie<\/p>\n<p>Departament Rolnictwa i Rozwoju Obszar\u00f3w Wiejskich, ul. Skoczylasa 4, 03-469 Warszawa<\/p>\n<p>z dopiskiem na kopercie \u201eKonkurs dla orkiestr d\u0119tych&#8221;.<\/p>\n<p>Regulamin i formularz zg\u0142oszeniowy dost\u0119pne s\u0105 na stronie mazowieckiego KSOW: <a href=\"http:\/\/www.mazowieckie.ksow.pl\">www.mazowieckie.ksow.pl<\/a>.<\/p>\n<p>Konkurs organizowany przez Biuro Regionalne Krajowej Sieci Obszar\u00f3w Wiejskich pod patronatem Marsza\u0142ka Wojew\u00f3dztwa Mazowieckiego.<\/p>\n<p style=\"text-align: right;\"><strong>Marta Milewska<\/strong><\/p>\n<p style=\"text-align: right;\">Rzecznik Prasowy<\/p>\n<p style=\"text-align: right;\">Urz\u0105d Marsza\u0142kowski Wojew\u00f3dztwa Mazowieckiego<\/p>\n","protected":false},"excerpt":{"rendered":"<p>Ju\u017c od pi\u0119ciu lat orkiestry d\u0119te z Mazowsza mog\u0105 rywalizowa\u0107 o tytu\u0142 tej najlepszej. Konkurs organizowany przez biuro regionalne Krajowej Sieci Obszar\u00f3w Wiejskich cieszy si\u0119 ogromn\u0105 popularno\u015bci\u0105, a fina\u0142owe wyst\u0119py przyci\u0105gaj\u0105 t\u0142umy. W tym roku kolejni muzycy mog\u0105 powalczy\u0107 o nagrod\u0119. Termin na zg\u0142oszenie up\u0142ywa 29 czerwca. \u2013 To udany konkurs, kt\u00f3ry pokaza\u0142, jak wiele [&hellip;]<\/p>\n","protected":false},"author":2,"featured_media":2380,"comment_status":"closed","ping_status":"open","sticky":false,"template":"","format":"standard","meta":{"footnotes":""},"categories":[9,6,8,5],"tags":[],"class_list":["post-2379","post","type-post","status-publish","format-standard","has-post-thumbnail","hentry","category-edukacja","category-kultura","category-roznosci","category-wiadomosci"],"_links":{"self":[{"href":"https:\/\/fleschmazowsza.com.pl\/index.php?rest_route=\/wp\/v2\/posts\/2379","targetHints":{"allow":["GET"]}}],"collection":[{"href":"https:\/\/fleschmazowsza.com.pl\/index.php?rest_route=\/wp\/v2\/posts"}],"about":[{"href":"https:\/\/fleschmazowsza.com.pl\/index.php?rest_route=\/wp\/v2\/types\/post"}],"author":[{"embeddable":true,"href":"https:\/\/fleschmazowsza.com.pl\/index.php?rest_route=\/wp\/v2\/users\/2"}],"replies":[{"embeddable":true,"href":"https:\/\/fleschmazowsza.com.pl\/index.php?rest_route=%2Fwp%2Fv2%2Fcomments&post=2379"}],"version-history":[{"count":1,"href":"https:\/\/fleschmazowsza.com.pl\/index.php?rest_route=\/wp\/v2\/posts\/2379\/revisions"}],"predecessor-version":[{"id":2381,"href":"https:\/\/fleschmazowsza.com.pl\/index.php?rest_route=\/wp\/v2\/posts\/2379\/revisions\/2381"}],"wp:featuredmedia":[{"embeddable":true,"href":"https:\/\/fleschmazowsza.com.pl\/index.php?rest_route=\/wp\/v2\/media\/2380"}],"wp:attachment":[{"href":"https:\/\/fleschmazowsza.com.pl\/index.php?rest_route=%2Fwp%2Fv2%2Fmedia&parent=2379"}],"wp:term":[{"taxonomy":"category","embeddable":true,"href":"https:\/\/fleschmazowsza.com.pl\/index.php?rest_route=%2Fwp%2Fv2%2Fcategories&post=2379"},{"taxonomy":"post_tag","embeddable":true,"href":"https:\/\/fleschmazowsza.com.pl\/index.php?rest_route=%2Fwp%2Fv2%2Ftags&post=2379"}],"curies":[{"name":"wp","href":"https:\/\/api.w.org\/{rel}","templated":true}]}}