{"id":2375,"date":"2018-05-07T13:37:30","date_gmt":"2018-05-07T12:37:30","guid":{"rendered":"http:\/\/fleschmazowsza.com.pl\/?p=2375"},"modified":"2018-05-07T13:37:30","modified_gmt":"2018-05-07T12:37:30","slug":"ursus-pod-okiem-aktywistow-z-miasto-jest-nasze","status":"publish","type":"post","link":"https:\/\/fleschmazowsza.com.pl\/?p=2375","title":{"rendered":"Ursus pod okiem aktywist\u00f3w z Miasto Jest Nasze"},"content":{"rendered":"<p><strong>Pod koniec ubieg\u0142ego roku najmniejsza dzielnica Warszawy doczeka\u0142a si\u0119 swojego oddzia\u0142u Stowarzyszenia Miasto Jest Nasze. Jego za\u0142o\u017cycielk\u0105 jest Justyna Czarnocka. Na Facebooku mo\u017cna ju\u017c znale\u017a\u0107 fanpage organizacji dzia\u0142aj\u0105cej w interesie mieszka\u0144c\u00f3w Ursusa.<\/strong><\/p>\n<p style=\"text-align: center;\"><strong>Jak trafi\u0142a Pani do Stowarzyszenia Miasto Jest Nasze?<\/strong><\/p>\n<p>Dwa lata temu zacz\u0119\u0142am je \u015bledzi\u0107 na Facebooku. Najbardziej zainteresowa\u0142a mnie kwestia smogu, co na tamten czas by\u0142o nietypowe, bo wi\u0119kszo\u015b\u0107 os\u00f3b zainteresowana by\u0142a tematem reprywatyzacji.<\/p>\n<p>Pracowa\u0142am wtedy na Mokotowie i przez pierwszy rok dzia\u0142a\u0142am w\u0142a\u015bnie tam, z uwagi na ilo\u015b\u0107 czasu, kt\u00f3r\u0105 tam sp\u0119dza\u0142am. Pomys\u0142 na dzia\u0142anie w Ursusie pojawi\u0142 si\u0119, gdy zrezygnowa\u0142am z tamtej pracy, mia\u0142am troch\u0119 wi\u0119cej wolnego czasu i postanowi\u0142am, \u017ce spr\u00f3buj\u0119 dzia\u0142a\u0107 w swojej dzielnicy. Zobaczymy co z tego wyjdzie.<\/p>\n<p style=\"text-align: center;\"><strong>W listopadzie odby\u0142o si\u0119 pierwsze otwarte spotkanie dla mieszka\u0144c\u00f3w, na kt\u00f3rym przedstawiona zosta\u0142a dzia\u0142alno\u015b\u0107 stowarzyszenia, w lutym \u2013 kolejne. Czy ustalono na nich jakie potrzeby mieszka\u0144c\u00f3w s\u0105 najbardziej pal\u0105ce w tym momencie?<\/strong><\/p>\n<p>Na pierwszym spotkaniu mieli\u015bmy przygotowan\u0105 list\u0119 potrzeb, ale te\u017c zadali\u015bmy pytanie otwarte mieszka\u0144com i okaza\u0142o si\u0119, \u017ce te tematy si\u0119 pokry\u0142y. Przewija\u0142 si\u0119 temat to\u017csamo\u015bci Ursusa, komunikacji miejskiej i remontu na kolei. Pojawi\u0142 si\u0119 tak\u017ce temat smogu, jednak na spotkanie przysz\u0142o tylko pi\u0119\u0107 os\u00f3b, wi\u0119c frekwencja nie dopisa\u0142a. Przed drugim spotkaniem zakre\u015bli\u0142am trzy tematy, kt\u00f3re b\u0119dziemy porusza\u0107. By\u0142a to kultura, komunikacja miejska oraz kwestia rzemie\u015blnik\u00f3w, kt\u00f3rych map\u0119 tworzy MJN. Zacz\u0119\u0142o si\u0119 od \u017boliborza, potem by\u0142a Praga, Mokot\u00f3w, teraz wydali\u015bmy map\u0119 na \u015ar\u00f3dmie\u015bciu.<\/p>\n<p>Na drugim spotkaniu pojawi\u0142y si\u0119 osoby zainteresowane tylko tematem rzemie\u015blnik\u00f3w, wi\u0119c uda\u0142o si\u0119 skonkretyzowa\u0107 pewne dzia\u0142ania. Na wiosn\u0119 zamierzamy odwiedza\u0107 ich punkty pracy.<\/p>\n<p>Ide\u0105 tego projektu jest przypomnienie warszawiakom, \u017ce mamy takie miejsca, \u017ce s\u0105 osoby, kt\u00f3re jeszcze dzia\u0142aj\u0105 i nie s\u0105 to wcale wymar\u0142e zawody. Tak wi\u0119c chcemy im zrobi\u0107 tak\u0105 reklam\u0119, uratowa\u0107 te zawody od schy\u0142ku i zrobi\u0107 map\u0119 rzemie\u015blnik\u00f3w ca\u0142ej Warszawy. Do tej pory uda\u0142o si\u0119 w dzielnicach, gdzie jest nas najwi\u0119cej, bo to zajmuje sporo czasu. Trzeba uda\u0107 si\u0119 w ka\u017cde takie miejsce, spyta\u0107 tak\u0105 osob\u0119 czy chce pojawi\u0107 si\u0119 na tej mapie. To jest ca\u0142kowicie darmowe. Rzemie\u015blnicy nic za to nie p\u0142ac\u0105. Pytamy te\u017c o r\u00f3\u017cne dodatkowe informacje, czy np. prowadz\u0105 jakie\u015b warsztaty, o godziny otwarcia itp. Nasze mapy powstaj\u0105 w wersji drukowanej i elektronicznej. Ten projekt ma swoj\u0105 stron\u0119 internetow\u0105.<\/p>\n<p style=\"text-align: center;\"><strong>Czy MJN ma ju\u017c na swoim koncie jakie\u015b znacz\u0105ce sukcesy? Je\u015bli tak, to co uwa\u017ca Pani za najwi\u0119ksze osi\u0105gni\u0119cie Stowarzyszenia?<\/strong><\/p>\n<p>Je\u015bli chodzi o ca\u0142\u0105 Warszaw\u0119 to na pewno jest to sprawa reprywatyzacji i nag\u0142o\u015bnienie tego problemu. Gdyby MJN istnia\u0142 w Ursusie wcze\u015bniej na pewno przyjrza\u0142by si\u0119 sprawie przej\u0119cia Zak\u0142ad\u00f3w Mechanicznych Ursus. \u017ba\u0142uj\u0119, \u017ce nie by\u0142o nas wtedy gdy syndyk przej\u0105\u0142 te zak\u0142ady.<\/p>\n<p>Na Pradze i \u015ar\u00f3dmie\u015bciu bardzo rozwin\u0105\u0142 si\u0119 temat rzemie\u015blnik\u00f3w. Organizowane s\u0105 spotkania z nimi, na kt\u00f3rych opowiadaj\u0105 o swoim zawodzie. W Warszawie na pewno bardzo od\u017cy\u0142a profesja zegarmistrza, gorzej z takimi zawodami jak tapicer \u2013 tych jest bardzo ma\u0142o, z biegiem czasu coraz mniej. W MJN dzielimy si\u0119 nie tylko na dzielnice. Istnieje r\u00f3wnie\u017c podzia\u0142 tematyczny i mamy tzw. komisje. Obecnie powsta\u0142a komisja dedykowana rzemie\u015blnikom i handlowi lokalnemu. Chcieliby\u015bmy to dalej rozwija\u0107, ale konkret\u00f3w na razie nie mog\u0119 poda\u0107.<\/p>\n<p>Zorganizowali\u015bmy wiele akcji. Pierwsza piesza masa krytyczna r\u00f3wnie\u017c by\u0142a zainicjowana przez nas.<\/p>\n<p style=\"text-align: center;\"><strong>W tym roku min\u0119\u0142a setna rocznica praw wyborczych kobiet w Polsce. Czy MJN prowadzi jakie\u015b dzia\u0142ania w kierunku upami\u0119tnienia kobiet, kt\u00f3re przyczyni\u0142y si\u0119 do rozwoju dzielnicy?<\/strong><\/p>\n<p>Tak, ta akcja zosta\u0142a zainicjowana przez nas i Fundacj\u0119 Ster. Na naszym fanpage\u2019u zamieszczane s\u0105 posty z kobietami, kt\u00f3re ju\u017c s\u0105 patronkami ulic w Ursusie.<\/p>\n<p style=\"text-align: center;\"><strong>Czy MJN ma jakie\u015b plany w zwi\u0105zku ze zbli\u017caj\u0105cymi si\u0119 wyborami samorz\u0105dowymi?<\/strong><\/p>\n<p>Ostatnio og\u0142osili\u015bmy koalicj\u0119 ruch\u00f3w miejskich w Warszawie. Je\u015bli chodzi o dzia\u0142ania w Ursusie to ze wzgl\u0119du na ma\u0142\u0105 frekwencj\u0119 nie wystawiamy komitetu wyborczego.<\/p>\n<p>Kto, poza samymi mieszka\u0144cami, wsp\u00f3\u0142pracuje z MJN w Ursusie? Jak wygl\u0105da taka wsp\u00f3\u0142praca w innych dzielnicach?<\/p>\n<p>W dzielnicy planujemy wsp\u00f3\u0142prac\u0119 z Izb\u0105 To\u017csamo\u015bci Ursusa na temat prac zwi\u0105zanych z upami\u0119tnianiem rzemie\u015blnik\u00f3w. Projekt ten akurat wpisuje si\u0119 w ich polityk\u0119 \u2013 to te\u017c to\u017csamo\u015b\u0107 dzielnicy.<\/p>\n<p style=\"text-align: center;\"><strong>\u00a0Dzi\u0119kuj\u0119 za rozmow\u0119.<\/strong><\/p>\n<p style=\"text-align: left;\"><em>Zapraszamy na fanpage MJN:https:\/\/www.facebook.com\/MJN.Ursus<\/em><\/p>\n<p style=\"text-align: left;\">Z Justyn\u0105 Czarnock\u0105, cz\u0142onkini\u0105 komisji rewizyjnej Stowarzyszenia Miasto Jest Nasze oraz koordynatork\u0105 lokaln\u0105 w dzielnicy Ursus rozmawia\u0142a <strong>Lucyna D\u0105browska<\/strong>.<\/p>\n","protected":false},"excerpt":{"rendered":"<p>Pod koniec ubieg\u0142ego roku najmniejsza dzielnica Warszawy doczeka\u0142a si\u0119 swojego oddzia\u0142u Stowarzyszenia Miasto Jest Nasze. Jego za\u0142o\u017cycielk\u0105 jest Justyna Czarnocka. Na Facebooku mo\u017cna ju\u017c znale\u017a\u0107 fanpage organizacji dzia\u0142aj\u0105cej w interesie mieszka\u0144c\u00f3w Ursusa. Jak trafi\u0142a Pani do Stowarzyszenia Miasto Jest Nasze? Dwa lata temu zacz\u0119\u0142am je \u015bledzi\u0107 na Facebooku. Najbardziej zainteresowa\u0142a mnie kwestia smogu, co na [&hellip;]<\/p>\n","protected":false},"author":2,"featured_media":2376,"comment_status":"closed","ping_status":"open","sticky":false,"template":"","format":"standard","meta":{"footnotes":""},"categories":[8,5],"tags":[],"class_list":["post-2375","post","type-post","status-publish","format-standard","has-post-thumbnail","hentry","category-roznosci","category-wiadomosci"],"_links":{"self":[{"href":"https:\/\/fleschmazowsza.com.pl\/index.php?rest_route=\/wp\/v2\/posts\/2375","targetHints":{"allow":["GET"]}}],"collection":[{"href":"https:\/\/fleschmazowsza.com.pl\/index.php?rest_route=\/wp\/v2\/posts"}],"about":[{"href":"https:\/\/fleschmazowsza.com.pl\/index.php?rest_route=\/wp\/v2\/types\/post"}],"author":[{"embeddable":true,"href":"https:\/\/fleschmazowsza.com.pl\/index.php?rest_route=\/wp\/v2\/users\/2"}],"replies":[{"embeddable":true,"href":"https:\/\/fleschmazowsza.com.pl\/index.php?rest_route=%2Fwp%2Fv2%2Fcomments&post=2375"}],"version-history":[{"count":2,"href":"https:\/\/fleschmazowsza.com.pl\/index.php?rest_route=\/wp\/v2\/posts\/2375\/revisions"}],"predecessor-version":[{"id":2378,"href":"https:\/\/fleschmazowsza.com.pl\/index.php?rest_route=\/wp\/v2\/posts\/2375\/revisions\/2378"}],"wp:featuredmedia":[{"embeddable":true,"href":"https:\/\/fleschmazowsza.com.pl\/index.php?rest_route=\/wp\/v2\/media\/2376"}],"wp:attachment":[{"href":"https:\/\/fleschmazowsza.com.pl\/index.php?rest_route=%2Fwp%2Fv2%2Fmedia&parent=2375"}],"wp:term":[{"taxonomy":"category","embeddable":true,"href":"https:\/\/fleschmazowsza.com.pl\/index.php?rest_route=%2Fwp%2Fv2%2Fcategories&post=2375"},{"taxonomy":"post_tag","embeddable":true,"href":"https:\/\/fleschmazowsza.com.pl\/index.php?rest_route=%2Fwp%2Fv2%2Ftags&post=2375"}],"curies":[{"name":"wp","href":"https:\/\/api.w.org\/{rel}","templated":true}]}}