{"id":2372,"date":"2018-05-07T13:29:03","date_gmt":"2018-05-07T12:29:03","guid":{"rendered":"http:\/\/fleschmazowsza.com.pl\/?p=2372"},"modified":"2018-05-07T13:29:03","modified_gmt":"2018-05-07T12:29:03","slug":"piastow-ruszyla-rewitalizacja-terenow-zielonych","status":"publish","type":"post","link":"https:\/\/fleschmazowsza.com.pl\/?p=2372","title":{"rendered":"PIAST\u00d3W. Ruszy\u0142a rewitalizacja teren\u00f3w zielonych"},"content":{"rendered":"<p><strong>Rozpocz\u0119\u0142a si\u0119 rewitalizacja trzech piastowskich skwer\u00f3w \u2013 Placu Zgody, Placu S\u0142onecznego i Ziele\u0144ca przy Al. Tysi\u0105clecia 5. Prace s\u0105 cz\u0119\u015bci\u0105 du\u017cego projektu pn. \u201ePoprawa jako\u015bci \u015brodowiska w Mie\u015bcie Piastowie poprzez rozw\u00f3j teren\u00f3w zieleni\u201d.<\/strong><\/p>\n<p>Miasto Piast\u00f3w przyst\u0105pi\u0142o do realizacji projektu pn. \u201ePoprawa jako\u015bci \u015brodowiska w Mie\u015bcie Piastowie poprzez rozw\u00f3j teren\u00f3w zieleni\u201d finansowanego ze \u015brodk\u00f3w Programu Operacyjnego Infrastruktura i \u015arodowisko. Obejmuje on swoim zakresem modernizacj\u0119 park\u00f3w, ziele\u0144c\u00f3w oraz obszar\u00f3w w obr\u0119bie g\u0142\u00f3wnych dr\u00f3g w mie\u015bcie. Powierzchnia przestrzeni obj\u0119tej projektem wynosi niemal 12 ha, w tym powierzchnia teren\u00f3w zielonych &#8211; prawie 11 ha.<\/p>\n<p>Oko\u0142o 5,5 mln z\u0142 na rewitalizacj\u0119 i rozw\u00f3j teren\u00f3w zielonych w Piastowie miasto otrzyma z Narodowego Funduszu Ochrony \u015arodowiska i Gospodarki Wodnej. Umow\u0119 o dofinansowanie tego projektu Burmistrz Piastowa podpisa\u0142 w 2016 roku. Obj\u0119te projektem obszary po zako\u0144czeniu realizacji ca\u0142ego zadania b\u0119d\u0105 w ponad 91% pokryte zieleni\u0105.<\/p>\n<p>Na pocz\u0105tku nowe oblicze zyskaj\u0105 Plac Zgody, Plac S\u0142oneczny i Zieleniec przy Al. Tysi\u0105clecia 5. Rewitalizacj\u0105 tych teren\u00f3w zajmie si\u0119 firma BAOBAB Marek Brandys z Warszawy. Kilka tygodni temu Burmistrz Miasta Piastowa Grzegorz Szuplewski podpisa\u0142 w tej sprawie umow\u0119 z wykonawc\u0105.<\/p>\n<p>Jak zmieni\u0105 si\u0119 miejskie skwery? Na Placu Zgody wykonane zostan\u0105 nasadzenia drzew, krzew\u00f3w i bylin oraz elementy ma\u0142ej architektury. Zaplanowano te\u017c przebudow\u0119 ci\u0105g\u00f3w rekreacyjnych i o\u015bwietlenia. Na Placu S\u0142onecznym tak\u017ce pojawi\u0105 si\u0119 nowe nasadzenia drzew, krzew\u00f3w i bylin oraz elementy ma\u0142ej architektury. Co wi\u0119cej, przebudowane zostan\u0105 ci\u0105gi rekreacyjne. Natomiast zieleniec przy Al. Tysi\u0105clecia 5 zostanie wzbogacony o nowe nasadzenia drzew, krzew\u00f3w i bylin. Warto\u015b\u0107 umowy to prawie 700 tys. z\u0142.<\/p>\n<p style=\"text-align: right;\"><strong>Kinga Rochalska<\/strong><\/p>\n<p style=\"text-align: right;\"><strong>Fot. <em><a href=\"http:\/\/www.piastow.pl\">www.piastow.pl<\/a><\/em><\/strong><\/p>\n","protected":false},"excerpt":{"rendered":"<p>Rozpocz\u0119\u0142a si\u0119 rewitalizacja trzech piastowskich skwer\u00f3w \u2013 Placu Zgody, Placu S\u0142onecznego i Ziele\u0144ca przy Al. Tysi\u0105clecia 5. Prace s\u0105 cz\u0119\u015bci\u0105 du\u017cego projektu pn. \u201ePoprawa jako\u015bci \u015brodowiska w Mie\u015bcie Piastowie poprzez rozw\u00f3j teren\u00f3w zieleni\u201d. Miasto Piast\u00f3w przyst\u0105pi\u0142o do realizacji projektu pn. \u201ePoprawa jako\u015bci \u015brodowiska w Mie\u015bcie Piastowie poprzez rozw\u00f3j teren\u00f3w zieleni\u201d finansowanego ze \u015brodk\u00f3w Programu Operacyjnego [&hellip;]<\/p>\n","protected":false},"author":2,"featured_media":2373,"comment_status":"closed","ping_status":"open","sticky":false,"template":"","format":"standard","meta":{"footnotes":""},"categories":[6,5],"tags":[],"class_list":["post-2372","post","type-post","status-publish","format-standard","has-post-thumbnail","hentry","category-kultura","category-wiadomosci"],"_links":{"self":[{"href":"https:\/\/fleschmazowsza.com.pl\/index.php?rest_route=\/wp\/v2\/posts\/2372","targetHints":{"allow":["GET"]}}],"collection":[{"href":"https:\/\/fleschmazowsza.com.pl\/index.php?rest_route=\/wp\/v2\/posts"}],"about":[{"href":"https:\/\/fleschmazowsza.com.pl\/index.php?rest_route=\/wp\/v2\/types\/post"}],"author":[{"embeddable":true,"href":"https:\/\/fleschmazowsza.com.pl\/index.php?rest_route=\/wp\/v2\/users\/2"}],"replies":[{"embeddable":true,"href":"https:\/\/fleschmazowsza.com.pl\/index.php?rest_route=%2Fwp%2Fv2%2Fcomments&post=2372"}],"version-history":[{"count":1,"href":"https:\/\/fleschmazowsza.com.pl\/index.php?rest_route=\/wp\/v2\/posts\/2372\/revisions"}],"predecessor-version":[{"id":2374,"href":"https:\/\/fleschmazowsza.com.pl\/index.php?rest_route=\/wp\/v2\/posts\/2372\/revisions\/2374"}],"wp:featuredmedia":[{"embeddable":true,"href":"https:\/\/fleschmazowsza.com.pl\/index.php?rest_route=\/wp\/v2\/media\/2373"}],"wp:attachment":[{"href":"https:\/\/fleschmazowsza.com.pl\/index.php?rest_route=%2Fwp%2Fv2%2Fmedia&parent=2372"}],"wp:term":[{"taxonomy":"category","embeddable":true,"href":"https:\/\/fleschmazowsza.com.pl\/index.php?rest_route=%2Fwp%2Fv2%2Fcategories&post=2372"},{"taxonomy":"post_tag","embeddable":true,"href":"https:\/\/fleschmazowsza.com.pl\/index.php?rest_route=%2Fwp%2Fv2%2Ftags&post=2372"}],"curies":[{"name":"wp","href":"https:\/\/api.w.org\/{rel}","templated":true}]}}