{"id":2354,"date":"2018-04-13T14:50:08","date_gmt":"2018-04-13T13:50:08","guid":{"rendered":"http:\/\/fleschmazowsza.com.pl\/?p=2354"},"modified":"2018-04-13T14:50:21","modified_gmt":"2018-04-13T13:50:21","slug":"mieszkanie-plus-nie-dla-pruszkowa","status":"publish","type":"post","link":"https:\/\/fleschmazowsza.com.pl\/?p=2354","title":{"rendered":"Mieszkanie Plus nie dla Pruszkowa"},"content":{"rendered":"<p><strong>W ramach rz\u0105dowego programu Mieszkanie Plus, w Pruszkowie mia\u0142o powsta\u0107 a\u017c 329 mieszka\u0144 \u201ena wynajem\u201d. Lokale mia\u0142a wybudowa\u0107 Korporacja Budowlana Dom Sp. z o.o. Jednak pod koniec lutego firma z\u0142o\u017cy\u0142a wniosek o og\u0142oszenie upad\u0142o\u015bci.<\/strong><\/p>\n<p>W Pruszkowie powsta\u0107 mia\u0142 pierwszy w wojew\u00f3dztwie mazowieckim projekt mieszkalny w ramach rz\u0105dowego programu Mieszkanie Plus. Przy ulicy Wary\u0144skiego wybudowanych mia\u0142o zosta\u0107 a\u017c 329 mieszka\u0144 \u201ena wynajem\u201d.<\/p>\n<p>Mia\u0142o to by\u0107 pierwsze od co najmniej 20 lat tak du\u017ce osiedle zbudowane w Polsce w ca\u0142o\u015bci w technologii prefabrykowanej, czyli z tzw. wielkiej p\u0142yty. Za zaprojektowanie i wybudowanie osiedla, kt\u00f3re mia\u0142o sk\u0142ada\u0107 si\u0119 z czterech siedmiokondygnacyjnych budynk\u00f3w, odpowiedzialna by\u0142a Korporacja Budowlana Dom. Generalny wykonawca wykonywa\u0142 prace na zlecenie inwestora \u2013 firmy Europlan. Osiedle mia\u0142o by\u0107 gotowe w 2019 roku. Zgodnie z harmonogramem, jeden z czterech budynk\u00f3w powinien by\u0107 ju\u017c wybudowany.<\/p>\n<p>Tymczasem pracownikom KB Dom uda\u0142o si\u0119 jedynie zrobi\u0107 wykop pod fundamenty, a firma zesz\u0142a z placu budowy. Generalny wykonawca uzasadni\u0142 swoje odst\u0105pienie od umowy op\u00f3\u017anieniami w p\u0142atno\u015bciach ze strony inwestora, czyli firmy deweloperskiej Europlan. Co wi\u0119cej, pod koniec lutego sp\u00f3\u0142ka KB Dom z\u0142o\u017cy\u0142a wniosek o og\u0142oszenie upad\u0142o\u015bci.<\/p>\n<p>Jak poinformowa\u0142a rzecznik prasowa obs\u0142uguj\u0105cej rz\u0105dowy program sp\u00f3\u0142ki BGK Nieruchomo\u015bci Ewa Syta, inwestycje realizowane przez BGK Nieruchomo\u015bci maj\u0105 charakter komercyjny i nie zak\u0142adaj\u0105 jakiegokolwiek wsparcia z pieni\u0119dzy publicznych. Rzeczniczka wyt\u0142umaczy\u0142a, \u017ce jednym z modeli inwestycyjnych jest zakup od dewelopera gotowych mieszka\u0144, kt\u00f3re p\u00f3\u017aniej b\u0119d\u0105 wynajmowane osobom gorzej sytuowanym, na preferencyjnych warunkach. Ryzyko zwi\u0105zane z wyborem generalnego wykonawcy spoczywa za\u015b na deweloperze.<\/p>\n<p>Wszystko wskazuje wi\u0119c na to, \u017ce w Pruszkowie nie zostan\u0105 wybudowane bloki w ramach rz\u0105dowego programu Mieszkanie Plus. Jak informuj\u0105 w\u0142adze Pruszkowa, inwestycja zostanie jednak doko\u0144czona.<\/p>\n<p>&#8211; Jeste\u015bmy w kontakcie z t\u0105 firm\u0105, informuj\u0105 nas, \u017ce s\u0105 przedsi\u0119biorstwa zainteresowane zakupem. Mieszkania tam powstan\u0105, ale ju\u017c nie w programie Mieszkanie Plus, tylko w trybie deweloperskim \u2013 m\u00f3wi wiceprezydent Pruszkowa, Andrzej Kurzela.<\/p>\n<p style=\"text-align: right;\"><strong>Kinga Rochalska<\/strong><\/p>\n","protected":false},"excerpt":{"rendered":"<p>W ramach rz\u0105dowego programu Mieszkanie Plus, w Pruszkowie mia\u0142o powsta\u0107 a\u017c 329 mieszka\u0144 \u201ena wynajem\u201d. Lokale mia\u0142a wybudowa\u0107 Korporacja Budowlana Dom Sp. z o.o. Jednak pod koniec lutego firma z\u0142o\u017cy\u0142a wniosek o og\u0142oszenie upad\u0142o\u015bci. W Pruszkowie powsta\u0107 mia\u0142 pierwszy w wojew\u00f3dztwie mazowieckim projekt mieszkalny w ramach rz\u0105dowego programu Mieszkanie Plus. Przy ulicy Wary\u0144skiego wybudowanych mia\u0142o [&hellip;]<\/p>\n","protected":false},"author":2,"featured_media":0,"comment_status":"closed","ping_status":"open","sticky":false,"template":"","format":"standard","meta":{"footnotes":""},"categories":[8,5],"tags":[],"class_list":["post-2354","post","type-post","status-publish","format-standard","hentry","category-roznosci","category-wiadomosci"],"_links":{"self":[{"href":"https:\/\/fleschmazowsza.com.pl\/index.php?rest_route=\/wp\/v2\/posts\/2354","targetHints":{"allow":["GET"]}}],"collection":[{"href":"https:\/\/fleschmazowsza.com.pl\/index.php?rest_route=\/wp\/v2\/posts"}],"about":[{"href":"https:\/\/fleschmazowsza.com.pl\/index.php?rest_route=\/wp\/v2\/types\/post"}],"author":[{"embeddable":true,"href":"https:\/\/fleschmazowsza.com.pl\/index.php?rest_route=\/wp\/v2\/users\/2"}],"replies":[{"embeddable":true,"href":"https:\/\/fleschmazowsza.com.pl\/index.php?rest_route=%2Fwp%2Fv2%2Fcomments&post=2354"}],"version-history":[{"count":3,"href":"https:\/\/fleschmazowsza.com.pl\/index.php?rest_route=\/wp\/v2\/posts\/2354\/revisions"}],"predecessor-version":[{"id":2357,"href":"https:\/\/fleschmazowsza.com.pl\/index.php?rest_route=\/wp\/v2\/posts\/2354\/revisions\/2357"}],"wp:attachment":[{"href":"https:\/\/fleschmazowsza.com.pl\/index.php?rest_route=%2Fwp%2Fv2%2Fmedia&parent=2354"}],"wp:term":[{"taxonomy":"category","embeddable":true,"href":"https:\/\/fleschmazowsza.com.pl\/index.php?rest_route=%2Fwp%2Fv2%2Fcategories&post=2354"},{"taxonomy":"post_tag","embeddable":true,"href":"https:\/\/fleschmazowsza.com.pl\/index.php?rest_route=%2Fwp%2Fv2%2Ftags&post=2354"}],"curies":[{"name":"wp","href":"https:\/\/api.w.org\/{rel}","templated":true}]}}