{"id":2348,"date":"2018-04-13T14:45:54","date_gmt":"2018-04-13T13:45:54","guid":{"rendered":"http:\/\/fleschmazowsza.com.pl\/?p=2348"},"modified":"2018-04-13T14:45:54","modified_gmt":"2018-04-13T13:45:54","slug":"kazdemu-przydasie","status":"publish","type":"post","link":"https:\/\/fleschmazowsza.com.pl\/?p=2348","title":{"rendered":"Ka\u017cdemu Przydasi\u0119"},"content":{"rendered":"<p><strong>8 kwietnia w brwinowskim Parku Miejskim odby\u0142 si\u0119 pierwszy w tym roku plenerowy Targ Przydasi\u00f3w. Pogoda szcz\u0119\u015bliwie dopisa\u0142a, by\u0142o s\u0142onecznie i ciep\u0142o.<\/strong><\/p>\n<p>Targi Przydasi\u00f3w wpisa\u0142y si\u0119 ju\u017c w klimat Brwinowa, odbywaj\u0105 si\u0119 od 11 lat. W sezonie jesienno-zimowym miejsca wystawiaj\u0105cym u\u017cycza Ochotnicza Stra\u017c Po\u017carna, w sezonie wiosenno-letnim przestrze\u0144 Parku Miejskiego.<\/p>\n<p>Kwietniowa oferta Przydasi\u00f3w, wystawiona w malowniczym otoczeniu parkowego starodrzewu,\u00a0 przedwojennych kamienic i linowego placu zabaw, by\u0142a bogata i zr\u00f3\u017cnicowana, adresowana w\u0142a\u015bciwie do wszystkich.<\/p>\n<p>Ubrania, buty i torebki: codzienne, wizytowe i sportowe, a nawet komunijne, wszelkich styl\u00f3w i kolor\u00f3w, te modne i te ciekawe, cz\u0119sto w stanie niemal idealnym, dla doros\u0142ych i dla dzieci.<\/p>\n<p>Kolekcja barwnych, wzorzystych szali przyci\u0105gaj\u0105ca oko. Gry, samochodziki i lalki Barbie dla najm\u0142odszych, z pewno\u015bci\u0105 ka\u017cde dziecko znalaz\u0142oby co\u015b do zabawy. Imponuj\u0105ca kolekcja pami\u0105tkowych korali z kamieni p\u00f3\u0142szlachetnych i bursztynu, przywo\u017conych ongi\u015b z sanatori\u00f3w lub modna bi\u017cuteria r\u0119cznie robiona w ramach hobby po pracy.<\/p>\n<p>Stare akwarele pozostawione losowi przez dawnych w\u0142a\u015bcicieli domu, docenione i pieczo\u0142owicie oprawione. Wsp\u00f3\u0142czesne obrazy namalowane z artystycznej pasji: akty, pejza\u017ce, motywy ro\u015blin i zwierz\u0105t. Ozdobna ceramika idealna do dekoracji domu. I mn\u00f3stwo innych niezliczonych rzeczy, niepotrzebnych ju\u017c jednym, ale przydatnych lub podobaj\u0105cym si\u0119 innym.<\/p>\n<p>Targ Przydasi\u00f3w zaprasza wi\u0119c zar\u00f3wno wystawiaj\u0105cych, jak i zainteresowanych w ka\u017cd\u0105 pierwsz\u0105 niedziel\u0119 miesi\u0105ca, w godzinach 10-14. Zw\u0142aszcza teraz, gdy aura sprzyja spacerom i wycieczkom rowerowym, warto zajrze\u0107 do parku i znale\u017a\u0107 co\u015b ciekawego dla siebie, rodziny i przyjaci\u00f3\u0142.<\/p>\n<p style=\"text-align: right;\">Tekst i foto: <strong>Sylwia Pa\u0144k\u00f3w<\/strong><\/p>\n","protected":false},"excerpt":{"rendered":"<p>8 kwietnia w brwinowskim Parku Miejskim odby\u0142 si\u0119 pierwszy w tym roku plenerowy Targ Przydasi\u00f3w. Pogoda szcz\u0119\u015bliwie dopisa\u0142a, by\u0142o s\u0142onecznie i ciep\u0142o. Targi Przydasi\u00f3w wpisa\u0142y si\u0119 ju\u017c w klimat Brwinowa, odbywaj\u0105 si\u0119 od 11 lat. W sezonie jesienno-zimowym miejsca wystawiaj\u0105cym u\u017cycza Ochotnicza Stra\u017c Po\u017carna, w sezonie wiosenno-letnim przestrze\u0144 Parku Miejskiego. Kwietniowa oferta Przydasi\u00f3w, wystawiona w [&hellip;]<\/p>\n","protected":false},"author":2,"featured_media":2349,"comment_status":"closed","ping_status":"open","sticky":false,"template":"","format":"standard","meta":{"footnotes":""},"categories":[8,5],"tags":[],"class_list":["post-2348","post","type-post","status-publish","format-standard","has-post-thumbnail","hentry","category-roznosci","category-wiadomosci"],"_links":{"self":[{"href":"https:\/\/fleschmazowsza.com.pl\/index.php?rest_route=\/wp\/v2\/posts\/2348","targetHints":{"allow":["GET"]}}],"collection":[{"href":"https:\/\/fleschmazowsza.com.pl\/index.php?rest_route=\/wp\/v2\/posts"}],"about":[{"href":"https:\/\/fleschmazowsza.com.pl\/index.php?rest_route=\/wp\/v2\/types\/post"}],"author":[{"embeddable":true,"href":"https:\/\/fleschmazowsza.com.pl\/index.php?rest_route=\/wp\/v2\/users\/2"}],"replies":[{"embeddable":true,"href":"https:\/\/fleschmazowsza.com.pl\/index.php?rest_route=%2Fwp%2Fv2%2Fcomments&post=2348"}],"version-history":[{"count":1,"href":"https:\/\/fleschmazowsza.com.pl\/index.php?rest_route=\/wp\/v2\/posts\/2348\/revisions"}],"predecessor-version":[{"id":2350,"href":"https:\/\/fleschmazowsza.com.pl\/index.php?rest_route=\/wp\/v2\/posts\/2348\/revisions\/2350"}],"wp:featuredmedia":[{"embeddable":true,"href":"https:\/\/fleschmazowsza.com.pl\/index.php?rest_route=\/wp\/v2\/media\/2349"}],"wp:attachment":[{"href":"https:\/\/fleschmazowsza.com.pl\/index.php?rest_route=%2Fwp%2Fv2%2Fmedia&parent=2348"}],"wp:term":[{"taxonomy":"category","embeddable":true,"href":"https:\/\/fleschmazowsza.com.pl\/index.php?rest_route=%2Fwp%2Fv2%2Fcategories&post=2348"},{"taxonomy":"post_tag","embeddable":true,"href":"https:\/\/fleschmazowsza.com.pl\/index.php?rest_route=%2Fwp%2Fv2%2Ftags&post=2348"}],"curies":[{"name":"wp","href":"https:\/\/api.w.org\/{rel}","templated":true}]}}