{"id":2345,"date":"2018-04-13T14:39:41","date_gmt":"2018-04-13T13:39:41","guid":{"rendered":"http:\/\/fleschmazowsza.com.pl\/?p=2345"},"modified":"2018-04-13T14:39:41","modified_gmt":"2018-04-13T13:39:41","slug":"duze-potrzeby-spoleczne","status":"publish","type":"post","link":"https:\/\/fleschmazowsza.com.pl\/?p=2345","title":{"rendered":"Du\u017ce potrzeby spo\u0142eczne"},"content":{"rendered":"<p><strong>Ju\u017c wkr\u00f3tce rozpocznie si\u0119 rewitalizacja Willi Millera oraz otaczaj\u0105cego j\u0105 parku, a tak\u017ce przebudowa targowiska miejskiego. B\u0119dzie to mo\u017cliwe dzi\u0119ki dofinansowaniu z Unii Europejskiej oraz bud\u017cetu pa\u0144stwa.<\/strong><\/p>\n<p>Burmistrz Piastowa Grzegorz Szuplewski i El\u017cbieta Lanc, cz\u0142onek zarz\u0105du wojew\u00f3dztwa mazowieckiego podpisali umow\u0119 na dofinansowanie rewitalizacji Willi Millera oraz otaczaj\u0105cego j\u0105 parku, a tak\u017ce przebudow\u0119 targowiska miejskiego. Prace budowlane poch\u0142on\u0105 6,1 mln z\u0142, z czego blisko 5,5 mln z\u0142 b\u0119dzie pochodzi\u0107 z dofinansowania.<\/p>\n<p>Willa Millera przejdzie kapitalny remont. Modernizacji zostanie tak\u017ce poddany otaczaj\u0105cy Will\u0119 park. Budynek, ze wzgl\u0119du na z\u0142y stan techniczny, jest obecnie nieu\u017cytkowany. Docelowo stanie si\u0119 m.in. siedzib\u0105 filii biblioteki publicznej, harcerstwa wraz z \u201eharc\u00f3wk\u0105\u201d, domu dziennego pobytu dla senior\u00f3w oraz og\u00f3lnodost\u0119pnej \u015bwietlicy \u015brodowiskowej Centrum Dialogu \u201ePokolenia\u201d.<\/p>\n<p>\u2013 Piast\u00f3w to miasto o du\u017cej g\u0119sto\u015bci zaludnienia (3 tys. os\u00f3b na metr kwadratowy), kt\u00f3ra plasuje nas na drugiej pozycji w kraju, tu\u017c za Legionowem. Dlatego potrzeb spo\u0142ecznych mamy naprawd\u0119 sporo. Z ut\u0119sknieniem czekali\u015bmy na podpisanie umowy na rewitalizacj\u0119 willi. Ruszamy teraz niezw\u0142ocznie z projektem i mam nadziej\u0119, \u017ce za kilkana\u015bcie miesi\u0119cy poznamy nowe oblicze obiektu \u2013 m\u00f3wi Burmistrz Piastowa Grzegorz Szuplewski.<\/p>\n<p>Ponadto, w ramach projektu zmodernizowany zostanie teren targowiska w rejonie ul. Lwowskiej i Al. Krakowskiej. Prace obejm\u0105 remont nawierzchni wzd\u0142u\u017c pawilon\u00f3w, plac\u00f3w postojowych, przebudow\u0119 parkingu, budow\u0119 odwodnienia, a tak\u017ce zagospodarowanie zieleni.<\/p>\n<p style=\"text-align: right;\"><strong>Kinga Rochalska<\/strong><\/p>\n<p style=\"text-align: right;\">Fot. <a href=\"http:\/\/www.mazovia.pl\"><strong><em>www.mazovia.pl<\/em><\/strong><\/a><\/p>\n","protected":false},"excerpt":{"rendered":"<p>Ju\u017c wkr\u00f3tce rozpocznie si\u0119 rewitalizacja Willi Millera oraz otaczaj\u0105cego j\u0105 parku, a tak\u017ce przebudowa targowiska miejskiego. B\u0119dzie to mo\u017cliwe dzi\u0119ki dofinansowaniu z Unii Europejskiej oraz bud\u017cetu pa\u0144stwa. Burmistrz Piastowa Grzegorz Szuplewski i El\u017cbieta Lanc, cz\u0142onek zarz\u0105du wojew\u00f3dztwa mazowieckiego podpisali umow\u0119 na dofinansowanie rewitalizacji Willi Millera oraz otaczaj\u0105cego j\u0105 parku, a tak\u017ce przebudow\u0119 targowiska miejskiego. Prace [&hellip;]<\/p>\n","protected":false},"author":2,"featured_media":2346,"comment_status":"closed","ping_status":"open","sticky":false,"template":"","format":"standard","meta":{"footnotes":""},"categories":[9,6,5],"tags":[],"class_list":["post-2345","post","type-post","status-publish","format-standard","has-post-thumbnail","hentry","category-edukacja","category-kultura","category-wiadomosci"],"_links":{"self":[{"href":"https:\/\/fleschmazowsza.com.pl\/index.php?rest_route=\/wp\/v2\/posts\/2345","targetHints":{"allow":["GET"]}}],"collection":[{"href":"https:\/\/fleschmazowsza.com.pl\/index.php?rest_route=\/wp\/v2\/posts"}],"about":[{"href":"https:\/\/fleschmazowsza.com.pl\/index.php?rest_route=\/wp\/v2\/types\/post"}],"author":[{"embeddable":true,"href":"https:\/\/fleschmazowsza.com.pl\/index.php?rest_route=\/wp\/v2\/users\/2"}],"replies":[{"embeddable":true,"href":"https:\/\/fleschmazowsza.com.pl\/index.php?rest_route=%2Fwp%2Fv2%2Fcomments&post=2345"}],"version-history":[{"count":1,"href":"https:\/\/fleschmazowsza.com.pl\/index.php?rest_route=\/wp\/v2\/posts\/2345\/revisions"}],"predecessor-version":[{"id":2347,"href":"https:\/\/fleschmazowsza.com.pl\/index.php?rest_route=\/wp\/v2\/posts\/2345\/revisions\/2347"}],"wp:featuredmedia":[{"embeddable":true,"href":"https:\/\/fleschmazowsza.com.pl\/index.php?rest_route=\/wp\/v2\/media\/2346"}],"wp:attachment":[{"href":"https:\/\/fleschmazowsza.com.pl\/index.php?rest_route=%2Fwp%2Fv2%2Fmedia&parent=2345"}],"wp:term":[{"taxonomy":"category","embeddable":true,"href":"https:\/\/fleschmazowsza.com.pl\/index.php?rest_route=%2Fwp%2Fv2%2Fcategories&post=2345"},{"taxonomy":"post_tag","embeddable":true,"href":"https:\/\/fleschmazowsza.com.pl\/index.php?rest_route=%2Fwp%2Fv2%2Ftags&post=2345"}],"curies":[{"name":"wp","href":"https:\/\/api.w.org\/{rel}","templated":true}]}}