{"id":2329,"date":"2018-04-03T13:33:06","date_gmt":"2018-04-03T12:33:06","guid":{"rendered":"http:\/\/fleschmazowsza.com.pl\/?p=2329"},"modified":"2018-04-03T13:33:06","modified_gmt":"2018-04-03T12:33:06","slug":"drugi-basen-w-pruszkowie","status":"publish","type":"post","link":"https:\/\/fleschmazowsza.com.pl\/?p=2329","title":{"rendered":"Drugi basen w Pruszkowie"},"content":{"rendered":"<p><strong>Na pierwszej w tym roku sesji powiatu pruszkowskiego radni uchwalili projekt budowy krytej p\u0142ywalni przy ulicy Gomuli\u0144skiego. Basen ma powsta\u0107 przy Zespole Szk\u00f3\u0142 Og\u00f3lnokszta\u0142c\u0105cych i Sportowych.<\/strong><\/p>\n<p>Od ponad 15 lat mieszka\u0144cy Pruszkowa mog\u0105 korzysta\u0107 z p\u0142ywalni Kapry przy ul. Andrzeja. By\u0107 mo\u017ce wkr\u00f3tce miasto wzbogaci si\u0119 o kolejny basen. W\u0142adze powiatu pruszkowskiego planuj\u0105 budow\u0119 nowej p\u0142ywalni przy Zespole Szk\u00f3\u0142 Og\u00f3lnokszta\u0142c\u0105cych i Sportowych przy ul. Gomuli\u0144skiego w Pruszkowie.<\/p>\n<p>W tym celu poczyniono ju\u017c pierwsze kroki. Radni powiatowi podj\u0119li uchwa\u0142\u0119, dzi\u0119ki kt\u00f3rej budowa basenu znalaz\u0142a si\u0119 w tegorocznym bud\u017cecie. Powiat z\u0142o\u017cy\u0142 wniosek do Ministerstwa Sportu i Turystyki o dofinansowanie budowy w ramach \u201eProgramu inwestycji o szczeg\u00f3lnym znaczeniu dla sportu \u2013 edycja 2018\u201d.<\/p>\n<p>\u2013 Mam nadziej\u0119, \u017ce ta decyzja oka\u017ce si\u0119 pierwszym krokiem na drodze do powstania nowego obiektu \u2013 informuje starosta pruszkowski, Maksym Go\u0142o\u015b.<\/p>\n<p>Szczeg\u00f3\u0142owe informacje w sprawie nowej p\u0142ywalni nie s\u0105 jeszcze znane. Jak wskazuje \u0141ukasz Borkowski, dyrektor Zespo\u0142u Szk\u00f3\u0142 Og\u00f3lnokszta\u0142c\u0105cych i Sportowych w Pruszkowie, basen ma by\u0107 typowo basenem szkoleniowym \u2013 sze\u015bciotorowym z dwoma torami do nauki p\u0142ywania oraz trybunami na 150 \u2013 200 os\u00f3b. By\u0107 mo\u017ce p\u0142ywalnia b\u0119dzie posiada\u0107 tak\u017ce zaplecze z saunami.<\/p>\n<p>Jest tak\u017ce zbyt wcze\u015bnie, by m\u00f3wi\u0107 o kosztach tej inwestycji. Szacowan\u0105 wycen\u0119 poznamy prawdopodobnie po Wielkanocy, kiedy gotowy b\u0119dzie kosztorys przedsi\u0119wzi\u0119cia zwi\u0105zanego z budow\u0105 basenu.<\/p>\n<p style=\"text-align: right;\"><strong>Kinga Rochalska<\/strong><\/p>\n<p style=\"text-align: right;\">Fot. <strong><em>mat. prasowe starostwa powiatowego w Pruszkowie<\/em><\/strong><\/p>\n","protected":false},"excerpt":{"rendered":"<p>Na pierwszej w tym roku sesji powiatu pruszkowskiego radni uchwalili projekt budowy krytej p\u0142ywalni przy ulicy Gomuli\u0144skiego. Basen ma powsta\u0107 przy Zespole Szk\u00f3\u0142 Og\u00f3lnokszta\u0142c\u0105cych i Sportowych. Od ponad 15 lat mieszka\u0144cy Pruszkowa mog\u0105 korzysta\u0107 z p\u0142ywalni Kapry przy ul. Andrzeja. By\u0107 mo\u017ce wkr\u00f3tce miasto wzbogaci si\u0119 o kolejny basen. W\u0142adze powiatu pruszkowskiego planuj\u0105 budow\u0119 nowej [&hellip;]<\/p>\n","protected":false},"author":2,"featured_media":2330,"comment_status":"closed","ping_status":"open","sticky":false,"template":"","format":"standard","meta":{"footnotes":""},"categories":[9,8],"tags":[],"class_list":["post-2329","post","type-post","status-publish","format-standard","has-post-thumbnail","hentry","category-edukacja","category-roznosci"],"_links":{"self":[{"href":"https:\/\/fleschmazowsza.com.pl\/index.php?rest_route=\/wp\/v2\/posts\/2329","targetHints":{"allow":["GET"]}}],"collection":[{"href":"https:\/\/fleschmazowsza.com.pl\/index.php?rest_route=\/wp\/v2\/posts"}],"about":[{"href":"https:\/\/fleschmazowsza.com.pl\/index.php?rest_route=\/wp\/v2\/types\/post"}],"author":[{"embeddable":true,"href":"https:\/\/fleschmazowsza.com.pl\/index.php?rest_route=\/wp\/v2\/users\/2"}],"replies":[{"embeddable":true,"href":"https:\/\/fleschmazowsza.com.pl\/index.php?rest_route=%2Fwp%2Fv2%2Fcomments&post=2329"}],"version-history":[{"count":1,"href":"https:\/\/fleschmazowsza.com.pl\/index.php?rest_route=\/wp\/v2\/posts\/2329\/revisions"}],"predecessor-version":[{"id":2331,"href":"https:\/\/fleschmazowsza.com.pl\/index.php?rest_route=\/wp\/v2\/posts\/2329\/revisions\/2331"}],"wp:featuredmedia":[{"embeddable":true,"href":"https:\/\/fleschmazowsza.com.pl\/index.php?rest_route=\/wp\/v2\/media\/2330"}],"wp:attachment":[{"href":"https:\/\/fleschmazowsza.com.pl\/index.php?rest_route=%2Fwp%2Fv2%2Fmedia&parent=2329"}],"wp:term":[{"taxonomy":"category","embeddable":true,"href":"https:\/\/fleschmazowsza.com.pl\/index.php?rest_route=%2Fwp%2Fv2%2Fcategories&post=2329"},{"taxonomy":"post_tag","embeddable":true,"href":"https:\/\/fleschmazowsza.com.pl\/index.php?rest_route=%2Fwp%2Fv2%2Ftags&post=2329"}],"curies":[{"name":"wp","href":"https:\/\/api.w.org\/{rel}","templated":true}]}}