{"id":2323,"date":"2018-04-03T13:08:56","date_gmt":"2018-04-03T12:08:56","guid":{"rendered":"http:\/\/fleschmazowsza.com.pl\/?p=2323"},"modified":"2018-04-03T13:08:56","modified_gmt":"2018-04-03T12:08:56","slug":"ursus-kino-retro-powraca","status":"publish","type":"post","link":"https:\/\/fleschmazowsza.com.pl\/?p=2323","title":{"rendered":"URSUS. Kino Retro powraca"},"content":{"rendered":"<p><strong>W nowym roku mo\u017cemy obejrze\u0107 kolejne filmy z cyklu \u2013 Kino Retro. Repertuar zosta\u0142 zaplanowany i upubliczniony przez organizatorki na najbli\u017csze sze\u015b\u0107 miesi\u0119cy. Czeka nas mn\u00f3stwo niebanalnych nowo\u015bci filmowych.<\/strong><\/p>\n<p>W ubieg\u0142ym roku w O\u015brodku Kultury \u201eArsus\u201d wy\u015bwietlonych zosta\u0142o pi\u0119\u0107 film\u00f3w fabularnych o tematyce spo\u0142ecznej. Wszystkie projekcje zako\u0144czone by\u0142y dyskusj\u0105 publiczno\u015bci z zaproszonymi go\u015b\u0107mi, psychologami i trenerami antydyskryminacyjnymi. Mi\u0142ym akcentem by\u0142 r\u00f3wnie\u017c drobny pocz\u0119stunek dla publiczno\u015bci.<\/p>\n<p style=\"text-align: center;\"><strong>Demaskowanie stereotyp\u00f3w<\/strong><\/p>\n<p>Wymienionych atrakcji nie zabraknie r\u00f3wnie\u017c w tym roku. W lutym odby\u0142a si\u0119 pierwsza projekcja \u2013 \u201eI tak ci\u0119 kocham\u201d \u2013 w re\u017cyserii Michaela Showaltera, z Zoe Kazan w jednej z g\u0142\u00f3wnych r\u00f3l.<\/p>\n<p>Produkcja reklamowana jako komedia romantyczna wymyka\u0142a si\u0119 definicji przypisanego jej gatunku. Nie by\u0142o tu ckliwo\u015bci, naiwnej fabu\u0142y i romansowej sztampy. Wr\u0119cz przeciwnie, film demaskowa\u0142 wiele stereotyp\u00f3w, szczeg\u00f3lnie o imigrantach, w spos\u00f3b zabawny i niewymuszony.<\/p>\n<p>O poruszaj\u0105cej historii Pakista\u0144czyka zakochanego w ameryka\u0144skiej dziewczynie publiczno\u015b\u0107 dyskutowa\u0142a z zaproszonym go\u015bciem \u2013 dr Joanna Chyli\u0144sk\u0105.<\/p>\n<p style=\"text-align: center;\"><strong>Wiosna z Kinem Retro<\/strong><\/p>\n<p>W pi\u0105tek, 16-ego marca, obejrzeli\u015bmy kolejn\u0105 produkcj\u0119 \u2013 \u201ePo tamtej stronie\u201d, w re\u017cyserii Akiego Kaurism\u00e4kiego, a po filmie dyskutowano o sytuacji imigrant\u00f3w z dr Sylwi\u0105 Urba\u0144sk\u0105 z Instytutu Socjologii Uniwersytetu Warszawskiego.<\/p>\n<p>Na 12 kwietnia zaplanowano natomiast film, przywo\u0142uj\u0105cy ducha rewolucji \u2013 \u201eDumni i w\u015bciekli\u201d, w re\u017cyserii Matthew Warchusa. Historia strajkuj\u0105cych g\u00f3rnik\u00f3w z prowincjonalnego miasteczka, kt\u00f3rym pomagaj\u0105 geje i lesbijki z wielkiej metropolii. Po seansie tego niezwyk\u0142ego filmu widzowie b\u0119d\u0105 rozmawia\u0107 z zaproszonym go\u015bciem o tym jak tradycja mierzy si\u0119 z nowoczesno\u015bci\u0105, o tolerancji i wzajemnej pomocy ponad podzia\u0142ami.<\/p>\n<p>W \u015brod\u0119, 16-ego maja, planowana jest projekcja wyj\u0105tkowo ujmuj\u0105cego filmu \u2013 \u201ePrawie jak matka\u201d, w re\u017cyserii Anny Muylaert. Historia brazylijskiej gosposi do z\u0142udzenia przypomina losy polskich i ukrai\u0144skich migrantek ekonomicznych. Spu\u015bcizna niewolnictwa trwa do dzisiaj, a najwi\u0119ksze \u017cniwa zbiera w\u015br\u00f3d kobiet o niskim statusie ekonomicznym.<\/p>\n<p style=\"text-align: center;\"><strong>Kiedy puszczaj\u0105 nerwy<\/strong><\/p>\n<p>Pierwsze p\u00f3\u0142rocze Kina Retro zako\u0144czy, wbijaj\u0105ca w fotel, czarna komedia \u2013 \u201eDzikie historie\u201d, w re\u017cyserii Dami\u00e1na Szifr\u00f3na. Nominowana do Oscara w kategorii najlepszy film nieangloj\u0119zyczny produkcja Pedro Almodovara trzyma w napi\u0119ciu od samego pocz\u0105tku.<\/p>\n<p>Opowie\u015b\u0107 o tym jak, na co dzie\u0144 spokojnym ludziom, puszczaj\u0105 nerwy i do czego s\u0105 wtedy zdolni, przedstawiona jest za pomoc\u0105 sze\u015bciu historii. Niedoceniany muzyk, znany milioner, kelnerka, biznesmen, panna m\u0142oda oraz specjalista od materia\u0142\u00f3w wybuchowych przekrocz\u0105 pr\u00f3g swojej wytrzyma\u0142o\u015bci. Jak to si\u0119 sko\u0144czy, zobaczymy ju\u017c 13 czerwca.<\/p>\n<p>Wszystkie projekcje zaczynaj\u0105 si\u0119 o godzinie 17.00 i s\u0105 bezp\u0142atne.<\/p>\n<p>Organizatorem cyklu Kino Retro jest Stowarzyszenie Pracownia Etnograficzna wraz z O\u015brodkiem Kultury Arsus. Projekt wsp\u00f3\u0142finansuje Miasto Sto\u0142eczne Warszawa. Patronat nad wydarzeniem obj\u0119\u0142a Biblioteka Publiczna w Dzielnicy Ursus m.st. Warszawy. Patronat medialny: Flesch Mazowsza, Mocne Strony oraz RDC.<\/p>\n<p style=\"text-align: right;\"><strong>Lucyna D\u0105browska<\/strong><\/p>\n<p style=\"text-align: right;\">Fot. <strong><em>Hanna Jednoralska<\/em><\/strong><\/p>\n","protected":false},"excerpt":{"rendered":"<p>W nowym roku mo\u017cemy obejrze\u0107 kolejne filmy z cyklu \u2013 Kino Retro. Repertuar zosta\u0142 zaplanowany i upubliczniony przez organizatorki na najbli\u017csze sze\u015b\u0107 miesi\u0119cy. Czeka nas mn\u00f3stwo niebanalnych nowo\u015bci filmowych. W ubieg\u0142ym roku w O\u015brodku Kultury \u201eArsus\u201d wy\u015bwietlonych zosta\u0142o pi\u0119\u0107 film\u00f3w fabularnych o tematyce spo\u0142ecznej. Wszystkie projekcje zako\u0144czone by\u0142y dyskusj\u0105 publiczno\u015bci z zaproszonymi go\u015b\u0107mi, psychologami i [&hellip;]<\/p>\n","protected":false},"author":2,"featured_media":2324,"comment_status":"closed","ping_status":"open","sticky":false,"template":"","format":"standard","meta":{"footnotes":""},"categories":[6,8],"tags":[],"class_list":["post-2323","post","type-post","status-publish","format-standard","has-post-thumbnail","hentry","category-kultura","category-roznosci"],"_links":{"self":[{"href":"https:\/\/fleschmazowsza.com.pl\/index.php?rest_route=\/wp\/v2\/posts\/2323","targetHints":{"allow":["GET"]}}],"collection":[{"href":"https:\/\/fleschmazowsza.com.pl\/index.php?rest_route=\/wp\/v2\/posts"}],"about":[{"href":"https:\/\/fleschmazowsza.com.pl\/index.php?rest_route=\/wp\/v2\/types\/post"}],"author":[{"embeddable":true,"href":"https:\/\/fleschmazowsza.com.pl\/index.php?rest_route=\/wp\/v2\/users\/2"}],"replies":[{"embeddable":true,"href":"https:\/\/fleschmazowsza.com.pl\/index.php?rest_route=%2Fwp%2Fv2%2Fcomments&post=2323"}],"version-history":[{"count":1,"href":"https:\/\/fleschmazowsza.com.pl\/index.php?rest_route=\/wp\/v2\/posts\/2323\/revisions"}],"predecessor-version":[{"id":2325,"href":"https:\/\/fleschmazowsza.com.pl\/index.php?rest_route=\/wp\/v2\/posts\/2323\/revisions\/2325"}],"wp:featuredmedia":[{"embeddable":true,"href":"https:\/\/fleschmazowsza.com.pl\/index.php?rest_route=\/wp\/v2\/media\/2324"}],"wp:attachment":[{"href":"https:\/\/fleschmazowsza.com.pl\/index.php?rest_route=%2Fwp%2Fv2%2Fmedia&parent=2323"}],"wp:term":[{"taxonomy":"category","embeddable":true,"href":"https:\/\/fleschmazowsza.com.pl\/index.php?rest_route=%2Fwp%2Fv2%2Fcategories&post=2323"},{"taxonomy":"post_tag","embeddable":true,"href":"https:\/\/fleschmazowsza.com.pl\/index.php?rest_route=%2Fwp%2Fv2%2Ftags&post=2323"}],"curies":[{"name":"wp","href":"https:\/\/api.w.org\/{rel}","templated":true}]}}