{"id":2315,"date":"2018-04-03T12:55:00","date_gmt":"2018-04-03T11:55:00","guid":{"rendered":"http:\/\/fleschmazowsza.com.pl\/?p=2315"},"modified":"2018-04-03T12:55:00","modified_gmt":"2018-04-03T11:55:00","slug":"drugi-grodziski-dzien-mlodziezy","status":"publish","type":"post","link":"https:\/\/fleschmazowsza.com.pl\/?p=2315","title":{"rendered":"Drugi Grodziski Dzie\u0144 M\u0142odzie\u017cy"},"content":{"rendered":"<p><strong>Centrum Kultury przy ul. Sp\u00f3\u0142dzielczej zosta\u0142o w ca\u0142o\u015bci opanowane przez grodzisk\u0105 m\u0142odzie\u017c. M\u0142odzie\u017cowa Grupa Konsultacyjna Grodziska Mazowieckiego, b\u0119d\u0105ca organem doradczym Burmistrza, zorganizowa\u0142a atrakcyjne, wielow\u0105tkowe i wielogodzinne wydarzenie adresowane do m\u0142odych.<\/strong><\/p>\n<p>W samo po\u0142udnie rozpocz\u0119\u0142y si\u0119 rozliczne warsztaty, spotkania, pokazy \u2013 po kolejnych pi\u0119trach i salach Centrum Kultury mo\u017cna si\u0119 by\u0142o porusza\u0107 niczym w labiryncie, gdzie wsz\u0119dzie oczekuj\u0105 niespodzianki.<\/p>\n<p style=\"text-align: center;\"><strong>Nie tylko kulinarnie<\/strong><\/p>\n<p>Podczas spotkania \u201eJak zosta\u0107 podr\u00f3\u017cnikiem\u201d mo\u017cna by\u0142o zorientowa\u0107 si\u0119 m.in. jakie zagro\u017cenia zdrowotne i higieniczne czyhaj\u0105 na potencjalnych obie\u017cy\u015bwiat\u00f3w i jak racjonalnie stawi\u0107 im czo\u0142o. Warsztaty make up-u przyci\u0105gn\u0119\u0142y liczn\u0105 grup\u0119 dziewcz\u0105t, kt\u00f3re uzbrojone w p\u0119dzel do makija\u017cu, profesjonalne lustro i kosmetyki we wszystkich barwach t\u0119czy zg\u0142\u0119bia\u0142y tajniki poprawiania urody i bycia pi\u0119kn\u0105. Na parterze taniec, b\u0119bniarze i capoeira, na I pi\u0119trze amatorzy animacji poklatkowej lub adepci gry na perkusji, oraz konsumpcja pizzy, na drugim pi\u0119trze mobilne studio radiowe i przyrz\u0105dzanie sushi \u2013 oraz wiele innych opcji czeka\u0142o na grodzisk\u0105 m\u0142odzie\u017c.<\/p>\n<p style=\"text-align: center;\"><strong>Historyczni detektywi<\/strong><\/p>\n<p>Z pi\u0119tra na pi\u0119tro wind\u0105 i po schodach przemieszcza\u0142y si\u0119 grupki uczestnik\u00f3w gry historyczno-detektywistycznej, kt\u00f3rej celem by\u0142o wskazanie winnego zab\u00f3jstwa Arcyksi\u0119cia Franciszka Ferdynanda, a tym samym rozp\u0119tania I wojny \u015bwiatowej. Od pierwszego rzutu oka najbardziej podejrzanymi wydawali si\u0119: \u017co\u0142nierz w wojskowym szynelu i rogatywce, lekarz w fartuchu ze stetoskopem oraz szofer, aczkolwiek branie ich pod uwag\u0119 rozmija\u0142oby si\u0119 z prawd\u0105 historyczn\u0105.<\/p>\n<p>Po godzinie 15-tej impreza przenios\u0142a si\u0119 do sali widowiskowej Centrum Kultury. Klub sportowy Capoeira Camangula z Grodziska da\u0142 pokaz sztuki walki, ta\u0144ca i akrobatyki w brazylijskim stylu i w charakterystycznych dla capoeiry bia\u0142ych spodniach-abadach.<\/p>\n<p style=\"text-align: center;\"><strong>Iluzjonista z \u201eMam talent\u201d<\/strong><\/p>\n<p>Rewelacyjny m\u0142ody iluzjonista Maciej P\u0119da, znany szerzej z uczestnictwa w telewizyjnym programie \u201eMam talent!\u201d, oraz z faktu, \u017ce zdj\u0105\u0142 niepostrze\u017cenie zegarek z r\u0119ki samemu Augustinowi Egurroli, nie tylko zadziwi\u0142, ale tak\u017ce rozbawi\u0142 zgromadzon\u0105 publiczno\u015b\u0107. Tym razem zabra\u0142 zegarek Marioli Go\u017adzikowskiej, koordynatorce grodziskiego projektu Galeria M\u0142odych, do kt\u00f3rego niejako wst\u0119p stanowi\u0142 Grodziski Dzie\u0144 M\u0142odzie\u017cy.<\/p>\n<p>Iluzjonista da\u0142 \u015bwietny pokaz nie tylko umiej\u0119tno\u015bci prestidigitatorskich, zr\u0119czno\u015bciowych, ale tak\u017ce talentu komicznego, scenicznego i zdolno\u015bci b\u0142yskawicznego nawi\u0105zywania kontaktu z publiczno\u015bci\u0105.<\/p>\n<p style=\"text-align: center;\"><strong>Gar\u015b\u0107 praktycznych rad<\/strong><\/p>\n<p>Niew\u0105tpliwym gwo\u017adziem programu Grodziskiego Dnia M\u0142odzie\u017cy by\u0142o spotkanie i wywiad z popularnymi youtuberami, m\u0142odymi tw\u00f3rcami kana\u0142u \u201eMatura to bzdura\u201d i aplikacji mobilnej \u201eQuiz House\u201d. Adam Drzewicki i Piotr \u201eDyziak\u201d Dybski zaimponowali profesjonalizmem, ale te\u017c otwarto\u015bci\u0105 i ch\u0119ci\u0105 podzielenia si\u0119 wiedz\u0105 jak osi\u0105gn\u0105\u0107 sukces w Internecie lub sukces na wsp\u00f3\u0142czesnym rynku pracy.<\/p>\n<p>Odpowiadaj\u0105c na pytania z sali sformu\u0142owali szereg wniosk\u00f3w i rad: o wy\u017cszo\u015bci pracy zespo\u0142owej, traktowanej jako antidotum na potencjalne b\u0142\u0119dy, o regularno\u015bci, pod\u0105\u017caniu za pasj\u0105, wyczuciu tego, co warto robi\u0107 w danym czasie. Zwr\u00f3cili uwag\u0119 na fakt, \u017ce b\u0119dzie wzrasta\u0107 zapotrzebowanie na programist\u00f3w wyspecjalizowanych w konkretnych dziedzinach, w miar\u0119 jak ro\u015bnie odwzorowywanie \u015bwiata rzeczywistego w \u015bwiecie wirtualnym. \u017be z punktu widzenia sukcesu zawodowego by\u0107 mo\u017ce warto zaj\u0105\u0107 si\u0119 jak\u0105\u015b dziedzin\u0105 rzemios\u0142a i rozpropagowa\u0107 j\u0105 w social mediach, ni\u017c mno\u017cy\u0107 kolejne dyplomy dla nich samych.<\/p>\n<p>Warto r\u00f3wnie\u017c pokusi\u0107 si\u0119 o przytoczenie dw\u00f3ch celnych obserwacji, jakie pad\u0142y podczas wywiadu z tw\u00f3rcami kana\u0142u \u201eMatura to bzdura\u201d: \u017ce \u201ekreatywno\u015b\u0107 niewiedzy jest nieograniczona\u201d \u2013 uliczni respondenci odpytywani do programu potrafi\u0105 wygenerowa\u0107 i\u015bcie \u201ehardcorowe\u201d, najdziwniejsze b\u0142\u0119dne odpowiedzi; i \u017ce pojawi\u0142a si\u0119 pierwsza w historii generacja, kt\u00f3ra dok\u0142adnie archiwizuje, np. na Instagramie ka\u017cdy sw\u00f3j krok \u017cyciowy, trudno na razie rozs\u0105dzi\u0107 znaczenie tego zjawiska.<\/p>\n<p style=\"text-align: center;\"><strong>\u015awietny pomys\u0142 i organizacja<\/strong><\/p>\n<p>Nie spos\u00f3b oprze\u0107 si\u0119 wra\u017ceniu, \u017ce wsp\u00f3\u0142praca M\u0142odzie\u017cowej Grupy Konsultacyjnej z Centrum\u00a0 Kultury da\u0142a spektakularny efekt &#8211; 2. Grodziski Dzie\u0144 M\u0142odzie\u017cy zosta\u0142 \u015bwietnie pomy\u015blany i zorganizowany. Maksymalne wykorzystanie przestrzenne Centrum Kultury, szeroka oferta warsztat\u00f3w, spotka\u0144 i pokaz\u00f3w, mistrzowsko przeprowadzone wywiady z youtuberami i iluzjonist\u0105 (brawa dla Amelki i Karola), mn\u00f3stwo sensownych pyta\u0144 zadawanych przez m\u0142odych internaut\u00f3w youtuberom, \u201epikiety\u201d informacyjne rozstawione w CK, luz, dowcip i u\u015bmiech m\u0142odych organizator\u00f3w i pomocnik\u00f3w \u2013 wszystko to by\u0142o na najwy\u017cszym poziomie.<\/p>\n<p>Korzystaj\u0105c te\u017c z okazji zach\u0119camy do udzia\u0142u w nowym grodziskim projekcie \u201eGaleria M\u0142odych\u201d, skierowanych do os\u00f3b w wieku 13-21 lat. Informacji o bezp\u0142atnych warsztatach prowadzonych przez animator\u00f3w i instruktor\u00f3w w Radogoszczy zasi\u0119gn\u0105\u0107 mo\u017cna na stronie: <a href=\"http:\/\/www.willaradogoszcz.eu\/\">www.willaradogoszcz.eu<\/a> lub u koordynatorki Marioli Go\u017adzikowskiej: m.gozdzikowska@centrumkultury.eu<\/p>\n<p style=\"text-align: right;\">Tekst i foto: <strong>Sylwia Pa\u0144k\u00f3w<\/strong><\/p>\n","protected":false},"excerpt":{"rendered":"<p>Centrum Kultury przy ul. Sp\u00f3\u0142dzielczej zosta\u0142o w ca\u0142o\u015bci opanowane przez grodzisk\u0105 m\u0142odzie\u017c. M\u0142odzie\u017cowa Grupa Konsultacyjna Grodziska Mazowieckiego, b\u0119d\u0105ca organem doradczym Burmistrza, zorganizowa\u0142a atrakcyjne, wielow\u0105tkowe i wielogodzinne wydarzenie adresowane do m\u0142odych. W samo po\u0142udnie rozpocz\u0119\u0142y si\u0119 rozliczne warsztaty, spotkania, pokazy \u2013 po kolejnych pi\u0119trach i salach Centrum Kultury mo\u017cna si\u0119 by\u0142o porusza\u0107 niczym w labiryncie, gdzie [&hellip;]<\/p>\n","protected":false},"author":2,"featured_media":2316,"comment_status":"closed","ping_status":"open","sticky":false,"template":"","format":"standard","meta":{"footnotes":""},"categories":[9,6,8],"tags":[],"class_list":["post-2315","post","type-post","status-publish","format-standard","has-post-thumbnail","hentry","category-edukacja","category-kultura","category-roznosci"],"_links":{"self":[{"href":"https:\/\/fleschmazowsza.com.pl\/index.php?rest_route=\/wp\/v2\/posts\/2315","targetHints":{"allow":["GET"]}}],"collection":[{"href":"https:\/\/fleschmazowsza.com.pl\/index.php?rest_route=\/wp\/v2\/posts"}],"about":[{"href":"https:\/\/fleschmazowsza.com.pl\/index.php?rest_route=\/wp\/v2\/types\/post"}],"author":[{"embeddable":true,"href":"https:\/\/fleschmazowsza.com.pl\/index.php?rest_route=\/wp\/v2\/users\/2"}],"replies":[{"embeddable":true,"href":"https:\/\/fleschmazowsza.com.pl\/index.php?rest_route=%2Fwp%2Fv2%2Fcomments&post=2315"}],"version-history":[{"count":1,"href":"https:\/\/fleschmazowsza.com.pl\/index.php?rest_route=\/wp\/v2\/posts\/2315\/revisions"}],"predecessor-version":[{"id":2317,"href":"https:\/\/fleschmazowsza.com.pl\/index.php?rest_route=\/wp\/v2\/posts\/2315\/revisions\/2317"}],"wp:featuredmedia":[{"embeddable":true,"href":"https:\/\/fleschmazowsza.com.pl\/index.php?rest_route=\/wp\/v2\/media\/2316"}],"wp:attachment":[{"href":"https:\/\/fleschmazowsza.com.pl\/index.php?rest_route=%2Fwp%2Fv2%2Fmedia&parent=2315"}],"wp:term":[{"taxonomy":"category","embeddable":true,"href":"https:\/\/fleschmazowsza.com.pl\/index.php?rest_route=%2Fwp%2Fv2%2Fcategories&post=2315"},{"taxonomy":"post_tag","embeddable":true,"href":"https:\/\/fleschmazowsza.com.pl\/index.php?rest_route=%2Fwp%2Fv2%2Ftags&post=2315"}],"curies":[{"name":"wp","href":"https:\/\/api.w.org\/{rel}","templated":true}]}}