{"id":2312,"date":"2018-04-03T12:50:05","date_gmt":"2018-04-03T11:50:05","guid":{"rendered":"http:\/\/fleschmazowsza.com.pl\/?p=2312"},"modified":"2018-04-03T12:50:05","modified_gmt":"2018-04-03T11:50:05","slug":"muzyka-celtycka-zespol-gwerenn-w-poczekalni-pkp","status":"publish","type":"post","link":"https:\/\/fleschmazowsza.com.pl\/?p=2312","title":{"rendered":"Muzyka celtycka \u2013 zesp\u00f3\u0142 Gwerenn w Poczekalni PKP"},"content":{"rendered":"<p><strong>Z okazji Dnia \u015bw. Patryka \u2013 patrona Irlandii, przypadaj\u0105cego 17 marca, w Przestrzeni Kulturze Przyjaznej wyst\u0105pi\u0142 polski zesp\u00f3\u0142 folkowy Gwerenn, wykonuj\u0105cy muzyk\u0119 irlandzk\u0105 i breto\u0144sk\u0105. Nawi\u0105zuj\u0105c do irlandzkiej tradycji, kt\u00f3ra wymaga noszenia tego dnia zielonych ubra\u0144, Poczekalnia PKP roz\u015bwietli\u0142a si\u0119 zielonym \u015bwiat\u0142em.<\/strong><\/p>\n<p>Wsp\u00f3\u0142czesna muzyka celtycka, b\u0119d\u0105ca jedn\u0105 z popularniejszych odmian muzyki folkowej, wyros\u0142a z tradycyjnej muzyki narod\u00f3w celtyckich, zamieszkuj\u0105cych m.in. obszary dzisiejszej Irlandii oraz francuskiej Bretanii. Jest to muzyka taneczna, s\u0142u\u017c\u0105ca wsp\u00f3lnej, wielopokoleniowej zabawie i ku takiemu klimatowi zmierzaj\u0105 koncerty Gwerenn.<\/p>\n<p>Podczas koncertu mieli\u015bmy okazj\u0119 us\u0142ysze\u0107 (i zata\u0144czy\u0107) formy muzyczne w typie: jig i reel, charakterystyczne dla muzyki irlandzkiej oraz formy breto\u0144skie: gawot i bourree \u2013 kojarz\u0105ce si\u0119 z klasyczn\u0105 muzyk\u0105 barokow\u0105, jednak ich pochodzenie jest ludowe.<\/p>\n<p>Muzyka folkowa jest muzyk\u0105 \u017cyw\u0105, rozwijaj\u0105c\u0105 si\u0119, \u0142\u0105cz\u0105c\u0105 elementy tradycyjne ze wsp\u00f3\u0142czesnymi brzmieniami i instrumentami, tote\u017c obecno\u015b\u0107 saksofonu dawa\u0142a koncertowi Gwerenn wyra\u017anie jazzowy charakter.<\/p>\n<p style=\"text-align: right;\">Tekst i foto: <strong>Sylwia Pa\u0144k\u00f3w<\/strong><\/p>\n","protected":false},"excerpt":{"rendered":"<p>Z okazji Dnia \u015bw. Patryka \u2013 patrona Irlandii, przypadaj\u0105cego 17 marca, w Przestrzeni Kulturze Przyjaznej wyst\u0105pi\u0142 polski zesp\u00f3\u0142 folkowy Gwerenn, wykonuj\u0105cy muzyk\u0119 irlandzk\u0105 i breto\u0144sk\u0105. Nawi\u0105zuj\u0105c do irlandzkiej tradycji, kt\u00f3ra wymaga noszenia tego dnia zielonych ubra\u0144, Poczekalnia PKP roz\u015bwietli\u0142a si\u0119 zielonym \u015bwiat\u0142em. Wsp\u00f3\u0142czesna muzyka celtycka, b\u0119d\u0105ca jedn\u0105 z popularniejszych odmian muzyki folkowej, wyros\u0142a z tradycyjnej [&hellip;]<\/p>\n","protected":false},"author":2,"featured_media":2313,"comment_status":"closed","ping_status":"open","sticky":false,"template":"","format":"standard","meta":{"footnotes":""},"categories":[9,6,8],"tags":[],"class_list":["post-2312","post","type-post","status-publish","format-standard","has-post-thumbnail","hentry","category-edukacja","category-kultura","category-roznosci"],"_links":{"self":[{"href":"https:\/\/fleschmazowsza.com.pl\/index.php?rest_route=\/wp\/v2\/posts\/2312","targetHints":{"allow":["GET"]}}],"collection":[{"href":"https:\/\/fleschmazowsza.com.pl\/index.php?rest_route=\/wp\/v2\/posts"}],"about":[{"href":"https:\/\/fleschmazowsza.com.pl\/index.php?rest_route=\/wp\/v2\/types\/post"}],"author":[{"embeddable":true,"href":"https:\/\/fleschmazowsza.com.pl\/index.php?rest_route=\/wp\/v2\/users\/2"}],"replies":[{"embeddable":true,"href":"https:\/\/fleschmazowsza.com.pl\/index.php?rest_route=%2Fwp%2Fv2%2Fcomments&post=2312"}],"version-history":[{"count":1,"href":"https:\/\/fleschmazowsza.com.pl\/index.php?rest_route=\/wp\/v2\/posts\/2312\/revisions"}],"predecessor-version":[{"id":2314,"href":"https:\/\/fleschmazowsza.com.pl\/index.php?rest_route=\/wp\/v2\/posts\/2312\/revisions\/2314"}],"wp:featuredmedia":[{"embeddable":true,"href":"https:\/\/fleschmazowsza.com.pl\/index.php?rest_route=\/wp\/v2\/media\/2313"}],"wp:attachment":[{"href":"https:\/\/fleschmazowsza.com.pl\/index.php?rest_route=%2Fwp%2Fv2%2Fmedia&parent=2312"}],"wp:term":[{"taxonomy":"category","embeddable":true,"href":"https:\/\/fleschmazowsza.com.pl\/index.php?rest_route=%2Fwp%2Fv2%2Fcategories&post=2312"},{"taxonomy":"post_tag","embeddable":true,"href":"https:\/\/fleschmazowsza.com.pl\/index.php?rest_route=%2Fwp%2Fv2%2Ftags&post=2312"}],"curies":[{"name":"wp","href":"https:\/\/api.w.org\/{rel}","templated":true}]}}