{"id":2297,"date":"2018-03-29T11:53:13","date_gmt":"2018-03-29T10:53:13","guid":{"rendered":"http:\/\/fleschmazowsza.com.pl\/?p=2297"},"modified":"2018-03-29T11:53:13","modified_gmt":"2018-03-29T10:53:13","slug":"dzieciece-warsztaty-swiateczno-wiosenne-w-grodziskim-centrum-kultury","status":"publish","type":"post","link":"https:\/\/fleschmazowsza.com.pl\/?p=2297","title":{"rendered":"Dzieci\u0119ce warsztaty \u015bwi\u0105teczno-wiosenne w grodziskim Centrum Kultury"},"content":{"rendered":"<p><strong>W sobot\u0119 24 marca foyer grodziskiego kina zape\u0142ni\u0142o si\u0119 dzie\u0107mi, kt\u00f3re wzi\u0119\u0142y udzia\u0142 w przed\u015bwi\u0105tecznych warsztatach plastycznych. Od wczesnego popo\u0142udnia pod okiem animator\u00f3w i przy pomocy rodzic\u00f3w robi\u0142y wielkanocne i wiosenne ozdoby z wykorzystaniem pomys\u0142owych technik.<\/strong><\/p>\n<p>Baranki, kurczaczki i skacz\u0105ce zaj\u0105czki wielkanocne, wymy\u015blne kwiatuszki wiosenne, myde\u0142ka z zatopionymi p\u0142atkami r\u00f3\u017c \u2013 przy ka\u017cdym z sze\u015bciu sto\u0142\u00f3w rozstawionych w foyer animatorzy oferowali inne pomys\u0142y. Paski kolorowego papieru i karbowanej bibu\u0142ki, pomponiki i plastikowe oczka, papierowa wiklina, kolorowa rafia, wst\u0105\u017ceczki, spr\u0119\u017cynki kreatywne, kulki z waty \u2013 z tych materia\u0142\u00f3w powstawa\u0142y wielkanocne motywy, wed\u0142ug na tyle prostych schemat\u00f3w, \u017ce ka\u017cde dziecko bez problemu osi\u0105ga\u0142o po\u017c\u0105dany efekt.<\/p>\n<p>Pojawi\u0142a si\u0119 r\u00f3wnie\u017c atrakcja wyj\u0105tkowo popularna w\u015br\u00f3d dzieci, czyli malowanie buziek \u2013 animatorki malowa\u0142y na twarzach profesjonalnie i efektownie wykonane motywy motyli i zaj\u0105czk\u00f3w.<\/p>\n<p>Centrum Kultury zmobilizowa\u0142o wielu do\u015bwiadczonych animator\u00f3w dzieci\u0119cych zabaw, r\u00f3wnie\u017c ze \u015bwietlic w Kozerkach i \u0141\u0105kach. Wsp\u00f3\u0142pracuj\u0105ce z CK r\u0119kodzielniczki z \u201eK\u0105cika sznurka i szyde\u0142ka\u201d instruowa\u0142y jak zrobi\u0107 wielkanocne zwierz\u0105tka, a \u201eCentrum Animacji\u201d pomaga\u0142o odla\u0107 w foremkach glicerynowe myde\u0142ka. Dekoracyjne nakrycia g\u0142owy animatorek podkre\u015bla\u0142y atmosfer\u0119 dobrej zabawy. Warsztaty trwa\u0142y kilka godzin, formu\u0142a by\u0142a jednak lu\u017ana, dostosowana do cierpliwo\u015bci i wytrwa\u0142o\u015bci m\u0142odych uczestnik\u00f3w, dzieci przychodzi\u0142y i wychodzi\u0142y rotacyjnie.<\/p>\n<p style=\"text-align: right;\">Tekst i foto: <strong>Sylwia Pa\u0144k\u00f3w<\/strong><\/p>\n","protected":false},"excerpt":{"rendered":"<p>W sobot\u0119 24 marca foyer grodziskiego kina zape\u0142ni\u0142o si\u0119 dzie\u0107mi, kt\u00f3re wzi\u0119\u0142y udzia\u0142 w przed\u015bwi\u0105tecznych warsztatach plastycznych. Od wczesnego popo\u0142udnia pod okiem animator\u00f3w i przy pomocy rodzic\u00f3w robi\u0142y wielkanocne i wiosenne ozdoby z wykorzystaniem pomys\u0142owych technik. Baranki, kurczaczki i skacz\u0105ce zaj\u0105czki wielkanocne, wymy\u015blne kwiatuszki wiosenne, myde\u0142ka z zatopionymi p\u0142atkami r\u00f3\u017c \u2013 przy ka\u017cdym z sze\u015bciu [&hellip;]<\/p>\n","protected":false},"author":2,"featured_media":2299,"comment_status":"closed","ping_status":"open","sticky":false,"template":"","format":"standard","meta":{"footnotes":""},"categories":[9,6,8],"tags":[],"class_list":["post-2297","post","type-post","status-publish","format-standard","has-post-thumbnail","hentry","category-edukacja","category-kultura","category-roznosci"],"_links":{"self":[{"href":"https:\/\/fleschmazowsza.com.pl\/index.php?rest_route=\/wp\/v2\/posts\/2297","targetHints":{"allow":["GET"]}}],"collection":[{"href":"https:\/\/fleschmazowsza.com.pl\/index.php?rest_route=\/wp\/v2\/posts"}],"about":[{"href":"https:\/\/fleschmazowsza.com.pl\/index.php?rest_route=\/wp\/v2\/types\/post"}],"author":[{"embeddable":true,"href":"https:\/\/fleschmazowsza.com.pl\/index.php?rest_route=\/wp\/v2\/users\/2"}],"replies":[{"embeddable":true,"href":"https:\/\/fleschmazowsza.com.pl\/index.php?rest_route=%2Fwp%2Fv2%2Fcomments&post=2297"}],"version-history":[{"count":1,"href":"https:\/\/fleschmazowsza.com.pl\/index.php?rest_route=\/wp\/v2\/posts\/2297\/revisions"}],"predecessor-version":[{"id":2300,"href":"https:\/\/fleschmazowsza.com.pl\/index.php?rest_route=\/wp\/v2\/posts\/2297\/revisions\/2300"}],"wp:featuredmedia":[{"embeddable":true,"href":"https:\/\/fleschmazowsza.com.pl\/index.php?rest_route=\/wp\/v2\/media\/2299"}],"wp:attachment":[{"href":"https:\/\/fleschmazowsza.com.pl\/index.php?rest_route=%2Fwp%2Fv2%2Fmedia&parent=2297"}],"wp:term":[{"taxonomy":"category","embeddable":true,"href":"https:\/\/fleschmazowsza.com.pl\/index.php?rest_route=%2Fwp%2Fv2%2Fcategories&post=2297"},{"taxonomy":"post_tag","embeddable":true,"href":"https:\/\/fleschmazowsza.com.pl\/index.php?rest_route=%2Fwp%2Fv2%2Ftags&post=2297"}],"curies":[{"name":"wp","href":"https:\/\/api.w.org\/{rel}","templated":true}]}}