{"id":2286,"date":"2018-03-12T15:57:36","date_gmt":"2018-03-12T14:57:36","guid":{"rendered":"http:\/\/fleschmazowsza.com.pl\/?p=2286"},"modified":"2018-03-12T15:57:36","modified_gmt":"2018-03-12T14:57:36","slug":"inwestycja-za-40-milionow","status":"publish","type":"post","link":"https:\/\/fleschmazowsza.com.pl\/?p=2286","title":{"rendered":"Inwestycja za 40 milion\u00f3w"},"content":{"rendered":"<p><strong>Przyspieszaj\u0105 przygotowania do rozpocz\u0119cia budowy nowego kompleksu szkolnego przy ul. Hennela. Dzi\u0119ki prospo\u0142ecznej postawie dewelopera buduj\u0105cego w tym rejonie osiedle mieszkaniowe ju\u017c wkr\u00f3tce rozpocznie si\u0119 realizacja pierwszego etapu inwestycji \u2013 budowa przedszkola. Sta\u0142o si\u0119 to mo\u017cliwe dzi\u0119ki przekazaniu przez firm\u0119 CPD S.A. na rzecz m.st. Warszawy gruntu pod budow\u0119 kompleksu.<\/strong><\/p>\n<p>Akt notarialny w sprawie przekazania gruntu podpisano w poniedzia\u0142ek, 19 lutego br. Firm\u0119 CPD S.A. reprezentowa\u0142a prezes El\u017cbieta Wiczkowska, Miasto reprezentowali burmistrz Urszula Kierzkowska oraz zast\u0119pcy \u2013 Wies\u0142aw Krzemie\u0144 i Kazimierz Sternik.<br \/>\nNa dzia\u0142ce przy ul. Hennela dzielnica wybuduje przedszkole oraz szko\u0142\u0119 podstawow\u0105. Plac\u00f3wka ma odci\u0105\u017cy\u0107 szko\u0142y p\u00f3\u0142nocnego Ursusa i zapewni\u0107 miejsce dla uczni\u00f3w z terenu budowanego osiedla. Ca\u0142o\u015b\u0107 inwestycji ma zosta\u0107 zako\u0144czona do 2020 roku.<br \/>\n-Budowa nowego kompleksu szkolnego w rejonie p\u00f3\u0142nocnego Ursusa b\u0119dzie kosztowa\u0107 dzielnic\u0119 ok. 40 mln z\u0142otych. Ten koszt by\u0142by znacznie wi\u0119kszy, gdyby\u015bmy musieli kupi\u0107 grunt pod inwestycje po cenie rynkowej. Takich pieni\u0119dzy w tej chwili po prostu nie mamy, rozpocz\u0119cie zadania by\u0142oby niemo\u017cliwe. Odpowiedzialna postawa dewelopera, kt\u00f3ry przekaza\u0142 na rzecz miasta grunt pod budow\u0119 przedszkola i szko\u0142y sprawia, \u017ce mo\u017cemy natychmiast rusza\u0107 z inwestycj\u0105, a w nied\u0142ugim czasie nasi najm\u0142odsi mieszka\u0144cy b\u0119d\u0105 mieli do dyspozycji nowe plac\u00f3wki o\u015bwiatowej \u2013 powiedzia\u0142a burmistrz Urszula Kierzkowska.<\/p>\n<p style=\"text-align: right;\">Tekst i foto:<strong> www.ursus.warszawa.pl<\/strong><\/p>\n","protected":false},"excerpt":{"rendered":"<p>Przyspieszaj\u0105 przygotowania do rozpocz\u0119cia budowy nowego kompleksu szkolnego przy ul. Hennela. Dzi\u0119ki prospo\u0142ecznej postawie dewelopera buduj\u0105cego w tym rejonie osiedle mieszkaniowe ju\u017c wkr\u00f3tce rozpocznie si\u0119 realizacja pierwszego etapu inwestycji \u2013 budowa przedszkola. Sta\u0142o si\u0119 to mo\u017cliwe dzi\u0119ki przekazaniu przez firm\u0119 CPD S.A. na rzecz m.st. Warszawy gruntu pod budow\u0119 kompleksu. Akt notarialny w sprawie przekazania [&hellip;]<\/p>\n","protected":false},"author":2,"featured_media":2287,"comment_status":"closed","ping_status":"open","sticky":false,"template":"","format":"standard","meta":{"footnotes":""},"categories":[9,8,5],"tags":[],"class_list":["post-2286","post","type-post","status-publish","format-standard","has-post-thumbnail","hentry","category-edukacja","category-roznosci","category-wiadomosci"],"_links":{"self":[{"href":"https:\/\/fleschmazowsza.com.pl\/index.php?rest_route=\/wp\/v2\/posts\/2286","targetHints":{"allow":["GET"]}}],"collection":[{"href":"https:\/\/fleschmazowsza.com.pl\/index.php?rest_route=\/wp\/v2\/posts"}],"about":[{"href":"https:\/\/fleschmazowsza.com.pl\/index.php?rest_route=\/wp\/v2\/types\/post"}],"author":[{"embeddable":true,"href":"https:\/\/fleschmazowsza.com.pl\/index.php?rest_route=\/wp\/v2\/users\/2"}],"replies":[{"embeddable":true,"href":"https:\/\/fleschmazowsza.com.pl\/index.php?rest_route=%2Fwp%2Fv2%2Fcomments&post=2286"}],"version-history":[{"count":1,"href":"https:\/\/fleschmazowsza.com.pl\/index.php?rest_route=\/wp\/v2\/posts\/2286\/revisions"}],"predecessor-version":[{"id":2288,"href":"https:\/\/fleschmazowsza.com.pl\/index.php?rest_route=\/wp\/v2\/posts\/2286\/revisions\/2288"}],"wp:featuredmedia":[{"embeddable":true,"href":"https:\/\/fleschmazowsza.com.pl\/index.php?rest_route=\/wp\/v2\/media\/2287"}],"wp:attachment":[{"href":"https:\/\/fleschmazowsza.com.pl\/index.php?rest_route=%2Fwp%2Fv2%2Fmedia&parent=2286"}],"wp:term":[{"taxonomy":"category","embeddable":true,"href":"https:\/\/fleschmazowsza.com.pl\/index.php?rest_route=%2Fwp%2Fv2%2Fcategories&post=2286"},{"taxonomy":"post_tag","embeddable":true,"href":"https:\/\/fleschmazowsza.com.pl\/index.php?rest_route=%2Fwp%2Fv2%2Ftags&post=2286"}],"curies":[{"name":"wp","href":"https:\/\/api.w.org\/{rel}","templated":true}]}}