{"id":2283,"date":"2018-03-12T15:52:48","date_gmt":"2018-03-12T14:52:48","guid":{"rendered":"http:\/\/fleschmazowsza.com.pl\/?p=2283"},"modified":"2018-03-12T15:52:48","modified_gmt":"2018-03-12T14:52:48","slug":"wzorowe-malzenstwa","status":"publish","type":"post","link":"https:\/\/fleschmazowsza.com.pl\/?p=2283","title":{"rendered":"Wzorowe ma\u0142\u017ce\u0144stwa"},"content":{"rendered":"<p><strong>Cztery piastowskie pary odebra\u0142y medale nadane przez Prezydenta RP za prze\u017cycie ponad pi\u0119\u0107dziesi\u0119ciu lat w jednym zwi\u0105zku ma\u0142\u017ce\u0144skim.<\/strong><\/p>\n<p>Wyr\u00f3\u017cnieni Jubilaci to:<br \/>\nPa\u0144stwo Maria i Stanis\u0142aw Krzemi\u0144scy,<br \/>\nPa\u0144stwo Jadwiga i Marian Misiorowie (z powodu choroby m\u0119\u017ca, Pani Jadwidze podczas uroczysto\u015bci towarzyszy\u0142 syn),<br \/>\nPa\u0144stwo Barbara i Edward Pierzynowscy,<br \/>\nPa\u0144stwo Miros\u0142awa i Jan Sobczykowie.<\/p>\n<p>Uroczysto\u015bci jubileuszowe odby\u0142y si\u0119 w Miejskim O\u015brodku Kultury. Odznaczenia wr\u0119czy\u0142 ma\u0142\u017conkom Burmistrz Miasta Piastowa Grzegorz Szuplewski wraz z Przewodnicz\u0105c\u0105 Rady Miejskiej w Piastowie Agat\u0105 Korczak, Wiceprzewodnicz\u0105cym Rady Kazimierzem Dymkiem oraz Kierownikiem USC Ew\u0105 Sorok\u0105.<\/p>\n<p>Odznaczonym Parom gratulujemy i sk\u0142adamy najserdeczniejsze \u017cyczenia szcz\u0119\u015bcia, zdrowia oraz kolejnych, pi\u0119knych jubileuszy. Niech ich zwi\u0105zki b\u0119d\u0105 przyk\u0142adem i inspiracj\u0105 dla m\u0142odych i przysz\u0142ych ma\u0142\u017ce\u0144stw.<\/p>\n<p>Medal za D\u0142ugoletnie Po\u017cycie Ma\u0142\u017ce\u0144skie stanowi nagrod\u0119 dla os\u00f3b, kt\u00f3re prze\u017cy\u0142y co najmniej 50 lat w jednym zwi\u0105zku ma\u0142\u017ce\u0144skim, zgodnie z ustaw\u0105 z 1992 r. o orderach i odznaczeniach. Z inicjatyw\u0105 ich przyznania wyst\u0119puj\u0105 jubilaci lub ich krewni do Urz\u0119du Stanu Cywilnego ze wzgl\u0119du na miejsce sta\u0142ego pobytu pary ma\u0142\u017ce\u0144skiej.<\/p>\n<p style=\"text-align: right;\"><strong>Anna Lorens<\/strong><\/p>\n<p style=\"text-align: right;\">Fot. <strong><em>www.piastow.pl<\/em><\/strong><\/p>\n","protected":false},"excerpt":{"rendered":"<p>Cztery piastowskie pary odebra\u0142y medale nadane przez Prezydenta RP za prze\u017cycie ponad pi\u0119\u0107dziesi\u0119ciu lat w jednym zwi\u0105zku ma\u0142\u017ce\u0144skim. Wyr\u00f3\u017cnieni Jubilaci to: Pa\u0144stwo Maria i Stanis\u0142aw Krzemi\u0144scy, Pa\u0144stwo Jadwiga i Marian Misiorowie (z powodu choroby m\u0119\u017ca, Pani Jadwidze podczas uroczysto\u015bci towarzyszy\u0142 syn), Pa\u0144stwo Barbara i Edward Pierzynowscy, Pa\u0144stwo Miros\u0142awa i Jan Sobczykowie. Uroczysto\u015bci jubileuszowe odby\u0142y si\u0119 [&hellip;]<\/p>\n","protected":false},"author":2,"featured_media":2284,"comment_status":"closed","ping_status":"open","sticky":false,"template":"","format":"standard","meta":{"footnotes":""},"categories":[8,5],"tags":[],"class_list":["post-2283","post","type-post","status-publish","format-standard","has-post-thumbnail","hentry","category-roznosci","category-wiadomosci"],"_links":{"self":[{"href":"https:\/\/fleschmazowsza.com.pl\/index.php?rest_route=\/wp\/v2\/posts\/2283","targetHints":{"allow":["GET"]}}],"collection":[{"href":"https:\/\/fleschmazowsza.com.pl\/index.php?rest_route=\/wp\/v2\/posts"}],"about":[{"href":"https:\/\/fleschmazowsza.com.pl\/index.php?rest_route=\/wp\/v2\/types\/post"}],"author":[{"embeddable":true,"href":"https:\/\/fleschmazowsza.com.pl\/index.php?rest_route=\/wp\/v2\/users\/2"}],"replies":[{"embeddable":true,"href":"https:\/\/fleschmazowsza.com.pl\/index.php?rest_route=%2Fwp%2Fv2%2Fcomments&post=2283"}],"version-history":[{"count":1,"href":"https:\/\/fleschmazowsza.com.pl\/index.php?rest_route=\/wp\/v2\/posts\/2283\/revisions"}],"predecessor-version":[{"id":2285,"href":"https:\/\/fleschmazowsza.com.pl\/index.php?rest_route=\/wp\/v2\/posts\/2283\/revisions\/2285"}],"wp:featuredmedia":[{"embeddable":true,"href":"https:\/\/fleschmazowsza.com.pl\/index.php?rest_route=\/wp\/v2\/media\/2284"}],"wp:attachment":[{"href":"https:\/\/fleschmazowsza.com.pl\/index.php?rest_route=%2Fwp%2Fv2%2Fmedia&parent=2283"}],"wp:term":[{"taxonomy":"category","embeddable":true,"href":"https:\/\/fleschmazowsza.com.pl\/index.php?rest_route=%2Fwp%2Fv2%2Fcategories&post=2283"},{"taxonomy":"post_tag","embeddable":true,"href":"https:\/\/fleschmazowsza.com.pl\/index.php?rest_route=%2Fwp%2Fv2%2Ftags&post=2283"}],"curies":[{"name":"wp","href":"https:\/\/api.w.org\/{rel}","templated":true}]}}