{"id":2271,"date":"2018-03-12T15:37:31","date_gmt":"2018-03-12T14:37:31","guid":{"rendered":"http:\/\/fleschmazowsza.com.pl\/?p=2271"},"modified":"2018-03-12T15:37:31","modified_gmt":"2018-03-12T14:37:31","slug":"nowa-placowka-na-bakach","status":"publish","type":"post","link":"https:\/\/fleschmazowsza.com.pl\/?p=2271","title":{"rendered":"Nowa plac\u00f3wka na B\u0105kach"},"content":{"rendered":"<p><strong>Ju\u017c we wrze\u015bniu 2018 roku miasto Pruszk\u00f3w oddaje do u\u017cytku kompleks o\u015bwiatowy w dzielnicy B\u0105ki. Zapisy do plac\u00f3wek b\u0119d\u0105 prowadzone przez ca\u0142y marzec.<\/strong><\/p>\n<p>We wrze\u015bniu do u\u017cytku mieszka\u0144c\u00f3w dzielnicy B\u0105ki ma zosta\u0107 oddana nowoczesna plac\u00f3wka o\u015bwiatowa przy ul. Jarzynowej. W kompleksie znajdzie si\u0119 przedszkole, \u017c\u0142obek i szko\u0142a podstawowa.<\/p>\n<p style=\"text-align: center;\"><strong>Kompleks o\u015bwiatowy na B\u0105kach<\/strong><\/p>\n<p>Przedszkole i \u017c\u0142obek zlokalizowane b\u0119d\u0105 w jednym budynku po\u0142\u0105czonym wsp\u00f3lnym dzieci\u0144cem i sal\u0105 rekreacyjn\u0105. B\u0119dzie to energooszcz\u0119dny i przyjazdy dla dzieci budynek o powierzchni zabudowy 3 195 m kw. i kubaturze ponad 9,5 tys. m kw. Obiekt przeznaczony b\u0119dzie dla 250 dzieci \u2013 150 w \u017c\u0142obku oraz 100 w przedszkolu.<\/p>\n<p>Wraz z budynkiem powstaje otaczaj\u0105ca go infrastruktura m.in. place zabaw, ziele\u0144ce, elementy ma\u0142ej architektury oraz parkingi dla rodzic\u00f3w dowo\u017c\u0105cych dzieci. Budynek i jego otoczenie b\u0119d\u0105 przystosowane dla os\u00f3b niepe\u0142nosprawnych.<\/p>\n<p>Siedziba szko\u0142y podstawowej ma by\u0107 obiektem nieco wi\u0119kszym. Zgodnie z planami, szko\u0142a ma sk\u0142ada\u0107 si\u0119 z o\u015bmiu oddzia\u0142\u00f3w klas 0-III dla dzieci w wieku od 5 lat do 9 lat oraz z sze\u015bciu oddzia\u0142\u00f3w klas IV-VI. Przyjmie ona 350 uczni\u00f3w. Szko\u0142a zostanie wyposa\u017cona w nowoczesn\u0105 bibliotek\u0119 multimedialn\u0105, bibliotek\u0119 z czytelni\u0105 oraz szereg pracowni naukowych. Powsta\u0107 ma tak\u017ce sala gimnastyczna z aren\u0105 sportow\u0105 wraz z zapleczem sanitarno-szatniowym, sta\u0142\u0105 scen\u0105 i trybunami.<\/p>\n<p>Co wi\u0119cej, na terenie obj\u0119tym inwestycj\u0105 zostanie wybudowany plac zabaw dla dzieci, boiska do pi\u0142ki no\u017cnej, boisko wielofunkcyjne, a tak\u017ce bie\u017cnia. Z obiekt\u00f3w sportowych b\u0119d\u0105 mogli korzysta\u0107 nie tylko uczniowie, ale r\u00f3wnie\u017c okoliczni mieszka\u0144cy.<\/p>\n<p style=\"text-align: center;\"><strong>Pierwsi uczniowie ju\u017c we wrze\u015bniu<\/strong><\/p>\n<p>Kompleks o\u015bwiatowy przy ul. Jarzynowej jest ju\u017c prawie gotowy. Pierwszych uczni\u00f3w przyjmie we wrze\u015bniu.<\/p>\n<p>\u2013 Obiekt zosta\u0142 odebrany przez sanepid. Teraz czekamy na to, a\u017c zak\u0142ad energetyczny wykona ostateczne zasilanie, w tej chwili korzystamy jeszcze z budowlanego, ale ju\u017c przygotowujemy si\u0119 do zako\u0144czenia tej inwestycji. W tej chwili praca wre g\u0142\u00f3wnie w otoczeniu. W budowie jest kanalizacja, czeka nas wykonanie dr\u00f3g. Sam budynek jest ju\u017c w\u0142a\u015bciwie sko\u0144czony, zosta\u0142a kosmetyka \u2013 m\u00f3wi Andrzej Kurzela, wiceprezydent Pruszkowa.<\/p>\n<p>Jak czytamy w komunikacie pruszkowskiego magistratu, obiekty o\u015bwiatowe przyjm\u0105 w swoje progi pierwszych uczni\u00f3w, przedszkolaki oraz m\u0142odsze dzieci ju\u017c we wrze\u015bniu 2018 r. Rekrutacja do plac\u00f3wek trwa przez ca\u0142y marzec.<\/p>\n<p style=\"text-align: right;\"><strong>Kinga Rochalska<\/strong><\/p>\n<p style=\"text-align: right;\">Fot. <a href=\"http:\/\/www.pruszkow.pl\"><strong><em>www.pruszkow.pl<\/em><\/strong><\/a><\/p>\n","protected":false},"excerpt":{"rendered":"<p>Ju\u017c we wrze\u015bniu 2018 roku miasto Pruszk\u00f3w oddaje do u\u017cytku kompleks o\u015bwiatowy w dzielnicy B\u0105ki. Zapisy do plac\u00f3wek b\u0119d\u0105 prowadzone przez ca\u0142y marzec. We wrze\u015bniu do u\u017cytku mieszka\u0144c\u00f3w dzielnicy B\u0105ki ma zosta\u0107 oddana nowoczesna plac\u00f3wka o\u015bwiatowa przy ul. Jarzynowej. W kompleksie znajdzie si\u0119 przedszkole, \u017c\u0142obek i szko\u0142a podstawowa. Kompleks o\u015bwiatowy na B\u0105kach Przedszkole i \u017c\u0142obek [&hellip;]<\/p>\n","protected":false},"author":2,"featured_media":2272,"comment_status":"closed","ping_status":"open","sticky":false,"template":"","format":"standard","meta":{"footnotes":""},"categories":[9,5],"tags":[],"class_list":["post-2271","post","type-post","status-publish","format-standard","has-post-thumbnail","hentry","category-edukacja","category-wiadomosci"],"_links":{"self":[{"href":"https:\/\/fleschmazowsza.com.pl\/index.php?rest_route=\/wp\/v2\/posts\/2271","targetHints":{"allow":["GET"]}}],"collection":[{"href":"https:\/\/fleschmazowsza.com.pl\/index.php?rest_route=\/wp\/v2\/posts"}],"about":[{"href":"https:\/\/fleschmazowsza.com.pl\/index.php?rest_route=\/wp\/v2\/types\/post"}],"author":[{"embeddable":true,"href":"https:\/\/fleschmazowsza.com.pl\/index.php?rest_route=\/wp\/v2\/users\/2"}],"replies":[{"embeddable":true,"href":"https:\/\/fleschmazowsza.com.pl\/index.php?rest_route=%2Fwp%2Fv2%2Fcomments&post=2271"}],"version-history":[{"count":1,"href":"https:\/\/fleschmazowsza.com.pl\/index.php?rest_route=\/wp\/v2\/posts\/2271\/revisions"}],"predecessor-version":[{"id":2273,"href":"https:\/\/fleschmazowsza.com.pl\/index.php?rest_route=\/wp\/v2\/posts\/2271\/revisions\/2273"}],"wp:featuredmedia":[{"embeddable":true,"href":"https:\/\/fleschmazowsza.com.pl\/index.php?rest_route=\/wp\/v2\/media\/2272"}],"wp:attachment":[{"href":"https:\/\/fleschmazowsza.com.pl\/index.php?rest_route=%2Fwp%2Fv2%2Fmedia&parent=2271"}],"wp:term":[{"taxonomy":"category","embeddable":true,"href":"https:\/\/fleschmazowsza.com.pl\/index.php?rest_route=%2Fwp%2Fv2%2Fcategories&post=2271"},{"taxonomy":"post_tag","embeddable":true,"href":"https:\/\/fleschmazowsza.com.pl\/index.php?rest_route=%2Fwp%2Fv2%2Ftags&post=2271"}],"curies":[{"name":"wp","href":"https:\/\/api.w.org\/{rel}","templated":true}]}}