{"id":2268,"date":"2018-03-12T15:35:09","date_gmt":"2018-03-12T14:35:09","guid":{"rendered":"http:\/\/fleschmazowsza.com.pl\/?p=2268"},"modified":"2018-03-12T15:35:09","modified_gmt":"2018-03-12T14:35:09","slug":"podroze-dla-dzieci","status":"publish","type":"post","link":"https:\/\/fleschmazowsza.com.pl\/?p=2268","title":{"rendered":"Podr\u00f3\u017ce dla dzieci"},"content":{"rendered":"<p><strong>W pi\u0105tek 2 marca Biblioteka Publiczna w Grodzisku Maz. zorganizowa\u0142a spotkanie z autorem ksi\u0105\u017cek dla dzieci i podr\u00f3\u017cnikiem \u0141ukaszem Wierzbickim. S\u0105dz\u0105c po \u017cywej reakcji m\u0142odej publiczno\u015bci formu\u0142a spotkania idealnie trafi\u0142a w dzieci\u0119ce upodobania.<\/strong><\/p>\n<p>\u0141ukasz Wierzbicki zaprezentowa\u0142 de facto show czy te\u017c interaktywny spektakl zaadresowany do dzieci, kt\u00f3ry osnu\u0142 wok\u00f3\u0142 dw\u00f3ch swoich ksi\u0105\u017cek. Pierwsza z nich, \u201eAfryka Kazika\u201d zainspirowana zosta\u0142a reporta\u017cami podr\u00f3\u017cnika Kazimierza Nowaka, kt\u00f3ry w latach 1931 \u2013 36 m.in. rowerem przemierzy\u0142 Afryk\u0119. Druga, zatytu\u0142owana \u201eDziadek i nied\u017awiadek\u201d opowiada nieprawdopodobn\u0105, cho\u0107 prawdziw\u0105 histori\u0119 nied\u017awiedzia przygarni\u0119tego przez \u017co\u0142nierzy armii gen. Andersa podczas II wojny \u015bwiatowej.<\/p>\n<p>W trakcie spotkania opowiadane przez autora z gaw\u0119dziarskim talentem i humorem historie wsparte zosta\u0142y slajdami, d\u017awi\u0119kami i rekwizytami. Na du\u017cym ekranie sali widowiskowej grodziskiego Centrum Kultury wy\u015bwietlane by\u0142y naprzemiennie archiwalne zdj\u0119cia i ilustracje do ksi\u0105\u017cek.<\/p>\n<p>S\u0142ycha\u0107 by\u0142o g\u0142osy zwierz\u0105t afryka\u0144skich. Na scenie kr\u00f3lowa\u0142y rekwizyty buduj\u0105ce odpowiedni\u0105 sceneri\u0119: plakaty ilustruj\u0105ce bohater\u00f3w ksi\u0105\u017cek, walizka podr\u00f3\u017cna, wys\u0142u\u017cona opona rowerowa, pluszowy krokodyl, afryka\u0144ski b\u0119ben. W zale\u017cno\u015bci od kontekstu autor przywdziewa\u0142 odpowiednie nakrycie g\u0142owy: afryka\u0144ski kapelusz korkowy lub \u017co\u0142niersk\u0105 fura\u017cerk\u0119, pi\u0142 herbat\u0119, pogryza\u0142 jab\u0142ko.<\/p>\n<p>Dzi\u0119ki tym pomys\u0142owym zabiegom reakcja sali by\u0142a \u017cywa i spontaniczna. M\u0142odzi uczestnicy wyra\u017anie podzielali rodzaj poczucia humoru autora, ch\u0119tnie odpowiadali na pytania i doka\u0144czali za niego zdania w zasugerowanym kierunku.<\/p>\n<p>Spotkanie mia\u0142o r\u00f3wnie\u017c mora\u0142: \u017ce ksi\u0105\u017cki mog\u0105 zmienia\u0107 nasze \u017cycie, bo mog\u0105 nas inspirowa\u0107 do poszukiwania przygody, do podj\u0119cia podr\u00f3\u017cy, a co wi\u0119cej na szlaku tej podr\u00f3\u017cy mo\u017cemy znale\u017a\u0107 przyja\u017anie; \u017ce warto mie\u0107 marzenia, czyli rozpozna\u0107 to co nas interesuje i cieszy, a potem stara\u0107 si\u0119 te marzenia spe\u0142nia\u0107.<\/p>\n<p>\u0141ukasz Wierzbicki zapowiedzia\u0142 r\u00f3wnie\u017c wydanie kolejnej ksi\u0105\u017cki \u201eOcean to piku\u015b\u201d, w kt\u00f3rej opisze przygod\u0119 Aleksandra Doby, kt\u00f3ry spe\u0142ni\u0142 swoje marzenie przep\u0142ywaj\u0105c Atlantyk kajakiem.<\/p>\n<p>Na zako\u0144czenie spotkania na r\u0119ce autora z\u0142o\u017cone zosta\u0142y podzi\u0119kowania za przybycie, a nast\u0119pnie ustawi\u0142a si\u0119 nieko\u0144cz\u0105ca si\u0119 kolejka dzieci z ksi\u0105\u017ckami po autograf.<\/p>\n<p style=\"text-align: right;\">Tekst i foto: <strong>Sylwia Pa\u0144k\u00f3w<\/strong><\/p>\n","protected":false},"excerpt":{"rendered":"<p>W pi\u0105tek 2 marca Biblioteka Publiczna w Grodzisku Maz. zorganizowa\u0142a spotkanie z autorem ksi\u0105\u017cek dla dzieci i podr\u00f3\u017cnikiem \u0141ukaszem Wierzbickim. S\u0105dz\u0105c po \u017cywej reakcji m\u0142odej publiczno\u015bci formu\u0142a spotkania idealnie trafi\u0142a w dzieci\u0119ce upodobania. \u0141ukasz Wierzbicki zaprezentowa\u0142 de facto show czy te\u017c interaktywny spektakl zaadresowany do dzieci, kt\u00f3ry osnu\u0142 wok\u00f3\u0142 dw\u00f3ch swoich ksi\u0105\u017cek. Pierwsza z nich, [&hellip;]<\/p>\n","protected":false},"author":2,"featured_media":2269,"comment_status":"closed","ping_status":"open","sticky":false,"template":"","format":"standard","meta":{"footnotes":""},"categories":[9,6,5],"tags":[],"class_list":["post-2268","post","type-post","status-publish","format-standard","has-post-thumbnail","hentry","category-edukacja","category-kultura","category-wiadomosci"],"_links":{"self":[{"href":"https:\/\/fleschmazowsza.com.pl\/index.php?rest_route=\/wp\/v2\/posts\/2268","targetHints":{"allow":["GET"]}}],"collection":[{"href":"https:\/\/fleschmazowsza.com.pl\/index.php?rest_route=\/wp\/v2\/posts"}],"about":[{"href":"https:\/\/fleschmazowsza.com.pl\/index.php?rest_route=\/wp\/v2\/types\/post"}],"author":[{"embeddable":true,"href":"https:\/\/fleschmazowsza.com.pl\/index.php?rest_route=\/wp\/v2\/users\/2"}],"replies":[{"embeddable":true,"href":"https:\/\/fleschmazowsza.com.pl\/index.php?rest_route=%2Fwp%2Fv2%2Fcomments&post=2268"}],"version-history":[{"count":1,"href":"https:\/\/fleschmazowsza.com.pl\/index.php?rest_route=\/wp\/v2\/posts\/2268\/revisions"}],"predecessor-version":[{"id":2270,"href":"https:\/\/fleschmazowsza.com.pl\/index.php?rest_route=\/wp\/v2\/posts\/2268\/revisions\/2270"}],"wp:featuredmedia":[{"embeddable":true,"href":"https:\/\/fleschmazowsza.com.pl\/index.php?rest_route=\/wp\/v2\/media\/2269"}],"wp:attachment":[{"href":"https:\/\/fleschmazowsza.com.pl\/index.php?rest_route=%2Fwp%2Fv2%2Fmedia&parent=2268"}],"wp:term":[{"taxonomy":"category","embeddable":true,"href":"https:\/\/fleschmazowsza.com.pl\/index.php?rest_route=%2Fwp%2Fv2%2Fcategories&post=2268"},{"taxonomy":"post_tag","embeddable":true,"href":"https:\/\/fleschmazowsza.com.pl\/index.php?rest_route=%2Fwp%2Fv2%2Ftags&post=2268"}],"curies":[{"name":"wp","href":"https:\/\/api.w.org\/{rel}","templated":true}]}}