{"id":2263,"date":"2018-03-06T15:21:56","date_gmt":"2018-03-06T14:21:56","guid":{"rendered":"http:\/\/fleschmazowsza.com.pl\/?p=2263"},"modified":"2018-03-06T15:21:56","modified_gmt":"2018-03-06T14:21:56","slug":"obyczaje-8-marca-dzien-kobiet","status":"publish","type":"post","link":"https:\/\/fleschmazowsza.com.pl\/?p=2263","title":{"rendered":"OBYCZAJE. 8 marca \u2013 Dzie\u0144 Kobiet"},"content":{"rendered":"<p><strong>8 marca budzi wiele kontrowersji. Dla jednych Dzie\u0144 Kobiet to uk\u0142on w stron\u0119 kobieco\u015bci, dla innych komercyjne wydarzenie. Pewnie nie raz same kobiety zastanawia\u0142y si\u0119 \u2013 po co nam Dzie\u0144 Kobiet? Z jakiego powodu zosta\u0142 ustanowiony i dlaczego go obchodzimy?<\/strong><\/p>\n<p style=\"text-align: center;\"><strong>Pocz\u0105tki Dnia Kobiet<\/strong><\/p>\n<p>Dzie\u0144 Kobiet cz\u0119sto uznawany jest za typowo komunistyczne \u015bwi\u0119to. Chocia\u017c prawd\u0105 jest, \u017ce na wi\u0119ksz\u0105 skal\u0119 w Polsce zacz\u0119to je obchodzi\u0107 w latach 50-tych, jego historia zacz\u0119\u0142a si\u0119 o wiele wcze\u015bniej.<br \/>\nPocz\u0105tki \u015bwi\u0119ta wi\u0105\u017c\u0105 si\u0119 z ruchami robotniczymi kobiet w Stanach Zjednoczonych na pocz\u0105tku XX wieku, kt\u00f3re mia\u0142y na celu sprzeciw wobec marginalizowania roli kobiet w spo\u0142ecze\u0144stwie. Za pierwsze obchody Dnia Kobiet uznaje si\u0119 marsz zorganizowany 28 lutego 1909 roku w Nowym Jorku.<br \/>\nOficjalnie Dzie\u0144 Kobiet ustanowiono w 1910 roku podczas zjazdu Mi\u0119dzynarod\u00f3wki Socjalistycznej w Kopenhadze. W konferencji po\u015bwi\u0119conej prawom kobiet wzi\u0119\u0142o udzia\u0142 100 kobiet z 17 kraj\u00f3w. Uczestniczki spotkania uzna\u0142y, \u017ce wprowadzenie og\u00f3lno\u015bwiatowego Dnia Kobiet b\u0119dzie znakomitym narz\u0119dziem promocji ich cel\u00f3w \u2013 d\u0105\u017cenia do uzyskania praw wyborczych i obejmowania stanowisk publicznych przez kobiety oraz polepszenia warunk\u00f3w pracy i \u017cycia.<\/p>\n<p style=\"text-align: center;\"><strong>Symboliczne \u015bwi\u0119to<\/strong><\/p>\n<p>Pocz\u0105tkowo nie sprecyzowano daty corocznych obchod\u00f3w. Dopiero po 1914 roku przyj\u0119to, \u017ce obchody b\u0119d\u0105 mia\u0142y miejsce co roku 8 marca.<br \/>\nDzie\u0144 Kobiet jest oficjalnym \u015bwi\u0119tem m.in. w Albanii, Algierii, Armenii, Azerbejd\u017canie, Bia\u0142orusi, Bo\u015bni i Hercegowinie, Brazylii, Bu\u0142garii, Burkina Faso, Kamerunie, Chinach, Kubie, Laosie, Kazachstanie, Kirgistanie, Macedonii, Mo\u0142dawii, Mongolii, Czarnog\u00f3rze, Polsce, Rumunii, Rosji, Serbii, Tad\u017cykistanie, Ukrainie, Uzbekistanie, Wietnamie, W\u0142oszech i Zambii.<br \/>\nPo II wojnie \u015bwiatowej, szczeg\u00f3lnie w pa\u0144stwach tzw. bloku wschodniego Dzie\u0144 Kobiet mia\u0142 charakter bardzo uroczysty. Symbolem tego dnia w PRL-owskiej Polsce sta\u0142y si\u0119 go\u017adziki wr\u0119czane kobietom w zak\u0142adach pracy.<br \/>\nW latach 90-tych Dzie\u0144 Kobiet sta\u0142 si\u0119 jedynie \u015bwi\u0119tem symbolicznym. Pozostaje jednak \u015bwi\u0119tem wyra\u017caj\u0105cym szacunek do kobiet.<\/p>\n<p style=\"text-align: right;\"><strong>Kinga Rochalska<\/strong>, Fot. <strong><em>PAP<\/em><\/strong><\/p>\n","protected":false},"excerpt":{"rendered":"<p>8 marca budzi wiele kontrowersji. Dla jednych Dzie\u0144 Kobiet to uk\u0142on w stron\u0119 kobieco\u015bci, dla innych komercyjne wydarzenie. Pewnie nie raz same kobiety zastanawia\u0142y si\u0119 \u2013 po co nam Dzie\u0144 Kobiet? Z jakiego powodu zosta\u0142 ustanowiony i dlaczego go obchodzimy? Pocz\u0105tki Dnia Kobiet Dzie\u0144 Kobiet cz\u0119sto uznawany jest za typowo komunistyczne \u015bwi\u0119to. Chocia\u017c prawd\u0105 jest, [&hellip;]<\/p>\n","protected":false},"author":2,"featured_media":2264,"comment_status":"closed","ping_status":"open","sticky":false,"template":"","format":"standard","meta":{"footnotes":""},"categories":[6,5],"tags":[],"class_list":["post-2263","post","type-post","status-publish","format-standard","has-post-thumbnail","hentry","category-kultura","category-wiadomosci"],"_links":{"self":[{"href":"https:\/\/fleschmazowsza.com.pl\/index.php?rest_route=\/wp\/v2\/posts\/2263","targetHints":{"allow":["GET"]}}],"collection":[{"href":"https:\/\/fleschmazowsza.com.pl\/index.php?rest_route=\/wp\/v2\/posts"}],"about":[{"href":"https:\/\/fleschmazowsza.com.pl\/index.php?rest_route=\/wp\/v2\/types\/post"}],"author":[{"embeddable":true,"href":"https:\/\/fleschmazowsza.com.pl\/index.php?rest_route=\/wp\/v2\/users\/2"}],"replies":[{"embeddable":true,"href":"https:\/\/fleschmazowsza.com.pl\/index.php?rest_route=%2Fwp%2Fv2%2Fcomments&post=2263"}],"version-history":[{"count":1,"href":"https:\/\/fleschmazowsza.com.pl\/index.php?rest_route=\/wp\/v2\/posts\/2263\/revisions"}],"predecessor-version":[{"id":2265,"href":"https:\/\/fleschmazowsza.com.pl\/index.php?rest_route=\/wp\/v2\/posts\/2263\/revisions\/2265"}],"wp:featuredmedia":[{"embeddable":true,"href":"https:\/\/fleschmazowsza.com.pl\/index.php?rest_route=\/wp\/v2\/media\/2264"}],"wp:attachment":[{"href":"https:\/\/fleschmazowsza.com.pl\/index.php?rest_route=%2Fwp%2Fv2%2Fmedia&parent=2263"}],"wp:term":[{"taxonomy":"category","embeddable":true,"href":"https:\/\/fleschmazowsza.com.pl\/index.php?rest_route=%2Fwp%2Fv2%2Fcategories&post=2263"},{"taxonomy":"post_tag","embeddable":true,"href":"https:\/\/fleschmazowsza.com.pl\/index.php?rest_route=%2Fwp%2Fv2%2Ftags&post=2263"}],"curies":[{"name":"wp","href":"https:\/\/api.w.org\/{rel}","templated":true}]}}