{"id":2250,"date":"2018-02-27T13:04:50","date_gmt":"2018-02-27T12:04:50","guid":{"rendered":"http:\/\/fleschmazowsza.com.pl\/?p=2250"},"modified":"2018-02-27T13:04:50","modified_gmt":"2018-02-27T12:04:50","slug":"wybory-w-nadarzynie","status":"publish","type":"post","link":"https:\/\/fleschmazowsza.com.pl\/?p=2250","title":{"rendered":"Wybory w Nadarzynie"},"content":{"rendered":"<p><strong>Ju\u017c 4 marca w gminie Nadarzyn odb\u0119d\u0105 si\u0119 przedterminowe wybory w\u00f3jta. Mieszka\u0144cy b\u0119d\u0105 mogli odda\u0107 g\u0142os w pi\u0119ciu obwodowych komisjach wyborczych. Kandydat\u00f3w na nowego w\u0142odarza gminy poznamy 23 lutego.<\/strong><\/p>\n<p>Od 15 stycznia, po \u015bmierci dotychczasowego w\u00f3jta gminy Nadarzyn Janusza Grzyba, gmin\u0105 kieruje komisarz Dariusz Nowak. Swoje obowi\u0105zki Dariusz Nowak pe\u0142ni\u0107 b\u0119dzie do wybor\u00f3w nowego w\u00f3jta. Te, zgodnie z decyzj\u0105 Prezesa Rady Ministr\u00f3w, odb\u0119d\u0105 si\u0119 4 marca. Mieszka\u0144cy gminy Nadarzyn b\u0119d\u0105 mogli odda\u0107 g\u0142os w pi\u0119ciu obwodowych komisjach wyborczych \u2013 w Szkole Podstawowej w Nadarzynie, Nadarzy\u0144skim O\u015brodku Kultury, Remizie Ochotniczej Stra\u017cy Po\u017carnej w Nadarzynie, Szkole Podstawowej w Ru\u015bcu oraz Przedszkolu Publicznym w M\u0142ochowie. Wyborcy niepe\u0142nosprawni do 23 lutego mog\u0105 zg\u0142osi\u0107 zamiar g\u0142osowania korespondencyjnego, w tym przy pomocy nak\u0142adek na karty do g\u0142osowania sporz\u0105dzonych w alfabecie Braille\u2019a. Ponadto uprawnieni wyborcy do 23 lutego mog\u0105 z\u0142o\u017cy\u0107 wniosek o sporz\u0105dzenie aktu pe\u0142nomocnictwa do g\u0142osowania. Wnioski nale\u017cy sk\u0142ada\u0107 w Urz\u0119dzie Gminy w Nadarzynie w godzinach pracy Urz\u0119du. Zgodnie z tre\u015bci\u0105 opublikowanego rozporz\u0105dzenia, kandydat\u00f3w na w\u00f3jta mo\u017cna zg\u0142asza\u0107 gminnej komisji wyborczej do 16 lutego (do godz. 24). Nast\u0119pnie (do 23 lutego) nast\u0105pi podanie do publicznej wiadomo\u015bci obwieszczenia gminnej komisji wyborczej o zarejestrowanych kandydatach. Kampania wyborcza rozpocznie si\u0119 23 lutego i potrwa do 2 marca (do godz. 24).<\/p>\n<p style=\"text-align: right;\"><strong>Kinga Rochalska<\/strong><\/p>\n","protected":false},"excerpt":{"rendered":"<p>Ju\u017c 4 marca w gminie Nadarzyn odb\u0119d\u0105 si\u0119 przedterminowe wybory w\u00f3jta. Mieszka\u0144cy b\u0119d\u0105 mogli odda\u0107 g\u0142os w pi\u0119ciu obwodowych komisjach wyborczych. Kandydat\u00f3w na nowego w\u0142odarza gminy poznamy 23 lutego. Od 15 stycznia, po \u015bmierci dotychczasowego w\u00f3jta gminy Nadarzyn Janusza Grzyba, gmin\u0105 kieruje komisarz Dariusz Nowak. Swoje obowi\u0105zki Dariusz Nowak pe\u0142ni\u0107 b\u0119dzie do wybor\u00f3w nowego w\u00f3jta. [&hellip;]<\/p>\n","protected":false},"author":2,"featured_media":2251,"comment_status":"closed","ping_status":"open","sticky":false,"template":"","format":"standard","meta":{"footnotes":""},"categories":[8,5],"tags":[],"class_list":["post-2250","post","type-post","status-publish","format-standard","has-post-thumbnail","hentry","category-roznosci","category-wiadomosci"],"_links":{"self":[{"href":"https:\/\/fleschmazowsza.com.pl\/index.php?rest_route=\/wp\/v2\/posts\/2250","targetHints":{"allow":["GET"]}}],"collection":[{"href":"https:\/\/fleschmazowsza.com.pl\/index.php?rest_route=\/wp\/v2\/posts"}],"about":[{"href":"https:\/\/fleschmazowsza.com.pl\/index.php?rest_route=\/wp\/v2\/types\/post"}],"author":[{"embeddable":true,"href":"https:\/\/fleschmazowsza.com.pl\/index.php?rest_route=\/wp\/v2\/users\/2"}],"replies":[{"embeddable":true,"href":"https:\/\/fleschmazowsza.com.pl\/index.php?rest_route=%2Fwp%2Fv2%2Fcomments&post=2250"}],"version-history":[{"count":1,"href":"https:\/\/fleschmazowsza.com.pl\/index.php?rest_route=\/wp\/v2\/posts\/2250\/revisions"}],"predecessor-version":[{"id":2252,"href":"https:\/\/fleschmazowsza.com.pl\/index.php?rest_route=\/wp\/v2\/posts\/2250\/revisions\/2252"}],"wp:featuredmedia":[{"embeddable":true,"href":"https:\/\/fleschmazowsza.com.pl\/index.php?rest_route=\/wp\/v2\/media\/2251"}],"wp:attachment":[{"href":"https:\/\/fleschmazowsza.com.pl\/index.php?rest_route=%2Fwp%2Fv2%2Fmedia&parent=2250"}],"wp:term":[{"taxonomy":"category","embeddable":true,"href":"https:\/\/fleschmazowsza.com.pl\/index.php?rest_route=%2Fwp%2Fv2%2Fcategories&post=2250"},{"taxonomy":"post_tag","embeddable":true,"href":"https:\/\/fleschmazowsza.com.pl\/index.php?rest_route=%2Fwp%2Fv2%2Ftags&post=2250"}],"curies":[{"name":"wp","href":"https:\/\/api.w.org\/{rel}","templated":true}]}}