{"id":225,"date":"2016-10-25T14:58:32","date_gmt":"2016-10-25T13:58:32","guid":{"rendered":"http:\/\/fleschmazowsza.com.pl\/?p=225"},"modified":"2016-10-25T14:58:32","modified_gmt":"2016-10-25T13:58:32","slug":"inspiracja-realizmem","status":"publish","type":"post","link":"https:\/\/fleschmazowsza.com.pl\/?p=225","title":{"rendered":"Inspiracja Realizmem"},"content":{"rendered":"<p><strong>Bo\u017cenna Koper od kilku lat maluje obrazy w pruszkowskim salonie w Pa\u0142acyku Soko\u0142a. Jej dzie\u0142a przenika g\u0142\u0119bia b\u0142ogiego spokoju, dlatego odbiorcy chcieliby pozosta\u0107 w \u015bwiecie jej obraz\u00f3w na zawsze.<\/strong><\/p>\n<p>Bo\u017cenna Koper z wykszta\u0142cenia jest technikiem architektury. Przez lata kre\u015bli\u0142a ciekawe projekty budowlane.<\/p>\n<p>\u2013 Lubi\u0142am opracowywa\u0107 projekty i dobrze mi to wychodzi\u0142o \u2013 wspomina.<\/p>\n<p>By\u0142a zadowolona ze swojej pracy zawodowej, ale od dawna interesowa\u0142a si\u0119 malarstwem. Chcia\u0142a tworzy\u0107 prawdziw\u0105 sztuk\u0119, wcielaj\u0105c w \u017cycie swoje artystyczne wizje, kt\u00f3rych ma ca\u0142e mn\u00f3stwo.<\/p>\n<p style=\"text-align: center;\"><strong>Salon pruszkowski<\/strong><\/p>\n<p>Kilka lat temu dowiedzia\u0142a si\u0119, \u017ce jest takie miejsce w Pruszkowie, gdzie mo\u017cna rozwija\u0107 sw\u00f3j talent w gronie ludzi, kt\u00f3rzy maj\u0105 artystyczny zmys\u0142. Na pierwsze warsztaty przysz\u0142a razem z kole\u017cankami. Niepowtarzalny klimat salonu spodoba\u0142 si\u0119 jej na tyle, \u017ce rozpocz\u0119\u0142a swoj\u0105 malarsk\u0105 przygod\u0119.<\/p>\n<p style=\"text-align: center;\"><strong>Pod okiem profesjonalisty<\/strong><\/p>\n<p>\u2013 Malujemy pod okiem profesjonalistki, malarki i graficzki, Aliny Dorady \u2013 Krawczyk, kt\u00f3ra dodaje nam skrzyde\u0142 i jest znakomitym pedagogiem \u2013 podkre\u015bla Ada Bold, jedna z utalentowanych artystek, bior\u0105ca udzia\u0142 w spotkaniach.<\/p>\n<p>Wn\u0119trze salonu zdobi\u0105 przepi\u0119kne obrazy autorstwa kilkudziesi\u0119ciu malarek. I cho\u0107 domen\u0105 artyst\u00f3w jest praca w samotno\u015bci, panie bardzo ch\u0119tnie sp\u0119dzaj\u0105 czas w swoim towarzystwie, dziel\u0105c si\u0119 niebanalnymi koncepcjami. Owoce tw\u00f3rczej indywidualno\u015bci ka\u017cdej z artystek mo\u017cna ogl\u0105da\u0107 podczas cyklicznych wystaw w Pa\u0142acu \u015alub\u00f3w.<\/p>\n<p>Ponadto opiekunka grupy dba o to, aby jej podopieczne mog\u0142y prezentowa\u0107 swoje dzie\u0142a w galeriach, a w sezonie letnim r\u00f3wnie\u017c w plenerze. Do tej pory obrazy pa\u0144 mo\u017cna by\u0142o ogl\u0105da\u0107 m.in. w Teatrze Kamienica czy w siedzibie Mazowsza w Otr\u0119busach. Dla pani Bo\u017cenny te cotygodniowe zaj\u0119cia s\u0105 nie tylko doskona\u0142\u0105 form\u0105 relaksu, ale tak\u017ce mo\u017cliwo\u015bci\u0105 wykazania si\u0119 i oczywi\u015bcie pretekstem do spotkania z sympatycznymi osobami.<\/p>\n<p style=\"text-align: center;\"><strong>Zainspirowana Podkowi\u0144skim<\/strong><\/p>\n<p>Artystka najch\u0119tniej maluje ludzi i krajobrazy. Inspiracje czerpie z obserwacji codziennego \u017cycia. Uwielbia naturalistyczne i realistyczne obrazy.<\/p>\n<p>\u2013 Z natury jestem spokojna, dlatego to, co maluje jest odzwierciedleniem mojego wn\u0119trza. Nie mog\u0142abym malowa\u0107 tak jak Beksi\u0144ski. Cz\u0142owiek mimochodem poprzez malarstwo ukazuje swoje prawdziwe oblicze. Ludzie maluj\u0105c pokazuj\u0105 to, jacy s\u0105 w \u015brodku, nawet nie zastanawiaj\u0105c si\u0119 nad tym szczeg\u00f3lnie \u2013 ocenia pani Bo\u017cenna.<\/p>\n<p>Artystka wzoruje si\u0119 na malarstwie W\u0142adys\u0142awa Podkowi\u0144skiego, kt\u00f3ry tworzy\u0142 bardzo nastrojowe dzie\u0142a. Nie jest natomiast przekonana do tw\u00f3rczo\u015bci Malczewskiego. Jej zdaniem artysta malowa\u0142 zbyt symbolicznie.<\/p>\n<p>Sama tworzy spokojne, wr\u0119cz b\u0142ogie obrazy, takie jak: Smutna bajka, Trzy cytryny, Astry w bia\u0142ym wazonie, Odpoczynek czy Niedzielna kawa. Lubi malowa\u0107 r\u00f3wnie\u017c martw\u0105 natur\u0119. Jedyne od czego wzbrania si\u0119, to od tworzenia sztuki nieco bardziej nowoczesnej.<\/p>\n<p>\u2013 Na razie ci\u0119\u017cko si\u0119 prze\u0142ama\u0107, ale mo\u017ce w przysz\u0142o\u015bci uda mi si\u0119 stworzy\u0107 co\u015b bardziej wsp\u00f3\u0142czesnego \u2013 t\u0142umaczy.<\/p>\n<p style=\"text-align: center;\"><strong>Wra\u017cliwa estetka<\/strong><\/p>\n<p>W ubieg\u0142ych latach wystaw\u0119 pani Bo\u017cenny zatytu\u0142owan\u0105 \u201eKraina spokoju\u201d mo\u017cna by\u0142o ogl\u0105da\u0107 tak\u017ce w Pa\u0142acu \u015alub\u00f3w. Obrazy, kt\u00f3re si\u0119 tam znalaz\u0142y by\u0142y tak \u017cywe i sugestywne, \u017ce chcia\u0142oby si\u0119 wej\u015b\u0107 do tego \u015bwiata i pozosta\u0107 w nim na zawsze. Dla artystki malarstwo, cho\u0107 odkryte ju\u017c w dojrza\u0142ym wieku, sta\u0142o si\u0119 prawdziw\u0105 pasj\u0105.<\/p>\n<p>Jak sama m\u00f3wi arty\u015bci dostrzegaj\u0105 rzeczy, kt\u00f3re jest w stanie zobaczy\u0107 tylko prawdziwy esteta, czyli cz\u0142owiek wra\u017cliwy na pi\u0119kno tego \u015bwiata.<\/p>\n<p>\u2013 Mamy inne spojrzenie na otaczaj\u0105c\u0105 nas rzeczywisto\u015b\u0107. Dostrzegamy rzeczy, kt\u00f3rych przeci\u0119tny odbiorca nie jest w stanie dostrzec \u2013 m\u00f3wi Bo\u017cenna Koper.<\/p>\n<p style=\"text-align: right;\">Tekst i foto:<\/p>\n<p style=\"text-align: right;\"><strong>Daria G\u0142owacka<\/strong><\/p>\n","protected":false},"excerpt":{"rendered":"<p>Bo\u017cenna Koper od kilku lat maluje obrazy w pruszkowskim salonie w Pa\u0142acyku Soko\u0142a. Jej dzie\u0142a przenika g\u0142\u0119bia b\u0142ogiego spokoju, dlatego odbiorcy chcieliby pozosta\u0107 w \u015bwiecie jej obraz\u00f3w na zawsze. Bo\u017cenna Koper z wykszta\u0142cenia jest technikiem architektury. Przez lata kre\u015bli\u0142a ciekawe projekty budowlane. \u2013 Lubi\u0142am opracowywa\u0107 projekty i dobrze mi to wychodzi\u0142o \u2013 wspomina. By\u0142a zadowolona [&hellip;]<\/p>\n","protected":false},"author":2,"featured_media":227,"comment_status":"closed","ping_status":"open","sticky":false,"template":"","format":"standard","meta":{"footnotes":""},"categories":[6],"tags":[],"class_list":["post-225","post","type-post","status-publish","format-standard","has-post-thumbnail","hentry","category-kultura"],"_links":{"self":[{"href":"https:\/\/fleschmazowsza.com.pl\/index.php?rest_route=\/wp\/v2\/posts\/225","targetHints":{"allow":["GET"]}}],"collection":[{"href":"https:\/\/fleschmazowsza.com.pl\/index.php?rest_route=\/wp\/v2\/posts"}],"about":[{"href":"https:\/\/fleschmazowsza.com.pl\/index.php?rest_route=\/wp\/v2\/types\/post"}],"author":[{"embeddable":true,"href":"https:\/\/fleschmazowsza.com.pl\/index.php?rest_route=\/wp\/v2\/users\/2"}],"replies":[{"embeddable":true,"href":"https:\/\/fleschmazowsza.com.pl\/index.php?rest_route=%2Fwp%2Fv2%2Fcomments&post=225"}],"version-history":[{"count":1,"href":"https:\/\/fleschmazowsza.com.pl\/index.php?rest_route=\/wp\/v2\/posts\/225\/revisions"}],"predecessor-version":[{"id":228,"href":"https:\/\/fleschmazowsza.com.pl\/index.php?rest_route=\/wp\/v2\/posts\/225\/revisions\/228"}],"wp:featuredmedia":[{"embeddable":true,"href":"https:\/\/fleschmazowsza.com.pl\/index.php?rest_route=\/wp\/v2\/media\/227"}],"wp:attachment":[{"href":"https:\/\/fleschmazowsza.com.pl\/index.php?rest_route=%2Fwp%2Fv2%2Fmedia&parent=225"}],"wp:term":[{"taxonomy":"category","embeddable":true,"href":"https:\/\/fleschmazowsza.com.pl\/index.php?rest_route=%2Fwp%2Fv2%2Fcategories&post=225"},{"taxonomy":"post_tag","embeddable":true,"href":"https:\/\/fleschmazowsza.com.pl\/index.php?rest_route=%2Fwp%2Fv2%2Ftags&post=225"}],"curies":[{"name":"wp","href":"https:\/\/api.w.org\/{rel}","templated":true}]}}