{"id":2247,"date":"2018-02-27T13:02:46","date_gmt":"2018-02-27T12:02:46","guid":{"rendered":"http:\/\/fleschmazowsza.com.pl\/?p=2247"},"modified":"2018-02-27T13:02:46","modified_gmt":"2018-02-27T12:02:46","slug":"pierwszy-w-stolicy-park-ekologiczny","status":"publish","type":"post","link":"https:\/\/fleschmazowsza.com.pl\/?p=2247","title":{"rendered":"Pierwszy w stolicy park ekologiczny"},"content":{"rendered":"<p><strong>Pierwszy park ekologiczny w Warszawie powstanie w dzielnicy Ursus na obszarze 4,4 ha wzd\u0142u\u017c ulicy Gierdziejewskiego. Zgodnie z harmonogramem, budowa Eko-Parku ruszy ju\u017c w tym roku.<\/strong><\/p>\n<p>Teren dawnych zak\u0142ad\u00f3w \u201eUrsus\u201d po\u0142o\u017cony w obr\u0119bie ulic: Czerwona Droga, Wolno\u015bci, Or\u0142\u00f3w Piastowskich i Gierdziejewskiego w warszawskiej dzielnicy Ursus ma zmieni\u0107 si\u0119 nie do poznania. Dzielnica chce, aby powsta\u0142 tam pierwszy ekologiczny park w Warszawie o powierzchni blisko 5 hektar\u00f3w. Zdaniem w\u0142adz miasta, park zdecydowanie o\u017cywi cz\u0119\u015b\u0107 dzielnicy, kt\u00f3ra kojarzy si\u0119 z halami i zak\u0142adami przemys\u0142owymi. Koncepcja parku oparta jest przede wszystkim o wykorzystanie naturalnie wyst\u0119puj\u0105cej fauny oraz flory.<\/p>\n<p>&#8211; Nie b\u0119dzie w nim karteczek m\u00f3wi\u0105cych o tym, by nie depta\u0107 trawy. Chodzi o to, by mieszka\u0144cy w pe\u0142ni korzystali z dobrodziejstw natury \u2013 m\u00f3wi rzeczniczka Urz\u0119du Dzielnicy Ursus, Agnieszka Wall.<\/p>\n<p>W parku planowane jest stworzenie polany piknikowej, przestrzeni do odpoczynku z \u0142awkami, plac\u00f3w zabaw i street workoutu, a tak\u017ce wybiegu dla ps\u00f3w. Przestrze\u0144 zostanie zagospodarowana zgodnie z ekologicznym podej\u015bciem.<\/p>\n<p>&#8211; Na ca\u0142ym terenie ekoparku b\u0119d\u0105 znajdowa\u0107 si\u0119 niecki retencyjne, zbieraj\u0105ce wod\u0119 opadow\u0105 z ulic, kt\u00f3ra po oczyszczeniu utworzy \u015brodowisko dla ro\u015blin zalewowych. Elementy ma\u0142ej architektury zostan\u0105 wykonane z materia\u0142\u00f3w recyklingowych, a do o\u015bwietlenia parku zostan\u0105 wykorzystane latarnie z panelami solarnymi \u2013 dodaje Agnieszka Wall.<\/p>\n<p>Jak przyznaje, tym samym park, opr\u00f3cz pe\u0142nienia funkcji rekreacyjnej, b\u0119dzie tak\u017ce miejscem edukacyjnym dla uczni\u00f3w dzielnicowych szk\u00f3\u0142. Inwestycja poch\u0142onie blisko 10 mln z\u0142. W 2016 roku wy\u0142oniono wykonawc\u0119 i zrealizowano projekt dla etapu I, za\u015b w 2017 r. \u2013 projekt dla etapu II inwestycji. Obecnie trwaj\u0105 prace projektowe dla etapu II zadania. Zgodnie z harmonogramem, budowa Eko-Parku ruszy ju\u017c w tym roku, za\u015b otwarcie parku planowane jest w 2019 roku.<\/p>\n<p style=\"text-align: right;\"><strong>Kinga Rochalska<\/strong><\/p>\n<p style=\"text-align: right;\">Fot. <strong><em>mat. pras. Dzielnicy Ursus<\/em><\/strong><\/p>\n","protected":false},"excerpt":{"rendered":"<p>Pierwszy park ekologiczny w Warszawie powstanie w dzielnicy Ursus na obszarze 4,4 ha wzd\u0142u\u017c ulicy Gierdziejewskiego. Zgodnie z harmonogramem, budowa Eko-Parku ruszy ju\u017c w tym roku. Teren dawnych zak\u0142ad\u00f3w \u201eUrsus\u201d po\u0142o\u017cony w obr\u0119bie ulic: Czerwona Droga, Wolno\u015bci, Or\u0142\u00f3w Piastowskich i Gierdziejewskiego w warszawskiej dzielnicy Ursus ma zmieni\u0107 si\u0119 nie do poznania. Dzielnica chce, aby powsta\u0142 [&hellip;]<\/p>\n","protected":false},"author":2,"featured_media":2248,"comment_status":"closed","ping_status":"open","sticky":false,"template":"","format":"standard","meta":{"footnotes":""},"categories":[6,5],"tags":[],"class_list":["post-2247","post","type-post","status-publish","format-standard","has-post-thumbnail","hentry","category-kultura","category-wiadomosci"],"_links":{"self":[{"href":"https:\/\/fleschmazowsza.com.pl\/index.php?rest_route=\/wp\/v2\/posts\/2247","targetHints":{"allow":["GET"]}}],"collection":[{"href":"https:\/\/fleschmazowsza.com.pl\/index.php?rest_route=\/wp\/v2\/posts"}],"about":[{"href":"https:\/\/fleschmazowsza.com.pl\/index.php?rest_route=\/wp\/v2\/types\/post"}],"author":[{"embeddable":true,"href":"https:\/\/fleschmazowsza.com.pl\/index.php?rest_route=\/wp\/v2\/users\/2"}],"replies":[{"embeddable":true,"href":"https:\/\/fleschmazowsza.com.pl\/index.php?rest_route=%2Fwp%2Fv2%2Fcomments&post=2247"}],"version-history":[{"count":1,"href":"https:\/\/fleschmazowsza.com.pl\/index.php?rest_route=\/wp\/v2\/posts\/2247\/revisions"}],"predecessor-version":[{"id":2249,"href":"https:\/\/fleschmazowsza.com.pl\/index.php?rest_route=\/wp\/v2\/posts\/2247\/revisions\/2249"}],"wp:featuredmedia":[{"embeddable":true,"href":"https:\/\/fleschmazowsza.com.pl\/index.php?rest_route=\/wp\/v2\/media\/2248"}],"wp:attachment":[{"href":"https:\/\/fleschmazowsza.com.pl\/index.php?rest_route=%2Fwp%2Fv2%2Fmedia&parent=2247"}],"wp:term":[{"taxonomy":"category","embeddable":true,"href":"https:\/\/fleschmazowsza.com.pl\/index.php?rest_route=%2Fwp%2Fv2%2Fcategories&post=2247"},{"taxonomy":"post_tag","embeddable":true,"href":"https:\/\/fleschmazowsza.com.pl\/index.php?rest_route=%2Fwp%2Fv2%2Ftags&post=2247"}],"curies":[{"name":"wp","href":"https:\/\/api.w.org\/{rel}","templated":true}]}}