{"id":2232,"date":"2018-02-26T12:47:18","date_gmt":"2018-02-26T11:47:18","guid":{"rendered":"http:\/\/fleschmazowsza.com.pl\/?p=2232"},"modified":"2018-02-26T12:47:18","modified_gmt":"2018-02-26T11:47:18","slug":"o-aborygenach-dla-dzieci","status":"publish","type":"post","link":"https:\/\/fleschmazowsza.com.pl\/?p=2232","title":{"rendered":"O Aborygenach dla dzieci"},"content":{"rendered":"<p><strong>We wtorek 13 lutego w Willi \u201eRadogoszcz\u201d w ramach Grodziskich Spotka\u0144 Wielokulturowych \u201eSPLOTY\u201d odby\u0142o si\u0119 spotkanie po\u015bwi\u0119cone rdzennym mieszka\u0144com Australii. W tajemnice kultury Aborygen\u00f3w wprowadzi\u0142y dzieci (i ich opiekun\u00f3w) edukatorka i ekolo\u017cka z milanowskiej Fundacji Musszelka.<\/strong><\/p>\n<p>Spotkanie adresowane do dzieci w wieku od lat 5 mia\u0142o formu\u0142\u0119 czyteln\u0105 dla najm\u0142odszych, ale i inspiruj\u0105c\u0105 dla doros\u0142ych. Warto zatem zreferowa\u0107 co ciekawsze i nie tak powszechnie znane informacje.<\/p>\n<p style=\"text-align: center;\"><strong>Od 80 tys. lat<\/strong><\/p>\n<p>Aborygeni dotarli na kontynent australijski 80 tys. lat temu. S\u0105 przedstawicielami, obok Buszmen\u00f3w, najstarszej \u017cywej do dzi\u015b kultury \u2013 zachowa\u0142a ona ci\u0105g\u0142o\u015b\u0107 od czas\u00f3w paleolitu. W mitach i legendach Aborygen\u00f3w wyst\u0119puj\u0105 wymar\u0142e ju\u017c zwierz\u0119ta \u2013 jak cho\u0107by wielki t\u0119czowy w\u0105\u017c, \u017cyj\u0105cy w Australii 50 tys. lat temu i zobrazowany w starych malowid\u0142ach naskalnych, kt\u00f3rego szkielet mo\u017cna podziwia\u0107 w muzeum.<\/p>\n<p>Obecnie populacja Aborygen\u00f3w liczy sobie ok. 250 tys. i stanowi 2% mieszka\u0144c\u00f3w Australii. Jeszcze w XIX w. \u00f3wczesna nauka widzia\u0142a w Aborygenach istoty z pogranicza zwierz\u0105t, nie w pe\u0142ni ludzkie, co skutkowa\u0142o te\u017c nieludzkim ich traktowaniem. W miar\u0119 jak zrewidowano ten pogl\u0105d, zacz\u0119to te\u017c docenia\u0107 warto\u015b\u0107 aboryge\u0144skiej kultury \u2013 bardzo bogatej duchowo, uwa\u017canej za najbardziej uduchowion\u0105 spo\u015br\u00f3d wszystkich kultur \u015bwiata.<\/p>\n<p style=\"text-align: center;\"><strong>Ustne opowie\u015bci i duchowo\u015b\u0107<\/strong><\/p>\n<p>Kultura aboryge\u0144ska nie wytworzy\u0142a pisma. Oparta jest zatem na przekazywanych z pokolenia na pokolenie ustnych opowie\u015bciach, jak np. mit pocz\u0105tku o Matce S\u0142o\u0144ce, kt\u00f3ra obudzi\u0142a Ziemi\u0119 i wszelkie istoty ze snu. Kosmologia aboryge\u0144ska zak\u0142ada bowiem, \u017ce wszystko istnia\u0142o zawsze, ale pocz\u0105tkowo istnia\u0142o w fazie snu i \u015bnienia, \u201e\u015bnienia we \u015bnie\u201d, w fazie wizji. Budzenie si\u0119 \u015bwiata by\u0142o urzeczywistnianiem tych sn\u00f3w i wizji. Podobnie jest z cz\u0142owiekiem \u2013 przed narodzeniem \u015bni on sw\u00f3j los, swoje przeznaczenie. Aboryge\u0144skie mity opowiadaj\u0105ce o Czasie \u015anienia to najstarsze przekazy w tradycji ustnej, licz\u0105ce sobie kilkadziesi\u0105t tys. lat.<\/p>\n<p>Duchowo\u015b\u0107 aboryge\u0144ska nie czyni rozr\u00f3\u017cnienia mi\u0119dzy lud\u017ami, zwierz\u0119tami, ro\u015blinami czy ska\u0142\u0105. Wszyscy tak samo zostali obudzeni do \u017cycia ze snu. Ca\u0142y \u015bwiat wok\u00f3\u0142 jest r\u00f3wnie \u015bwi\u0119ty i wa\u017cny, tak samo cz\u0142owiek, jak i ziarnko piasku. Ziemia jest \u015bwi\u0119ta, cz\u0142owiek za\u015b jest jej opiekunem, ale nie gospodarzem. Tradycja Aborygen\u00f3w nie widzi rozgraniczenia mi\u0119dzy kultur\u0105 i natur\u0105.<\/p>\n<p style=\"text-align: center;\"><strong>Sztuka=religia<\/strong><\/p>\n<p>Sztuka aboryge\u0144ska jest to\u017csama z religi\u0105. Aborygeni maluj\u0105c na ska\u0142ach czy w\u0142asnych cia\u0142ach wizerunki przodk\u00f3w, wierzyli, \u017ce dzi\u0119ki temu odtworzeniu duchy przodk\u00f3w wchodz\u0105 w ich cia\u0142a \u2013 maluj\u0105c zatem przez wieki te postaci, wierzyli, \u017ce wchodz\u0105 z nimi w kontakt. Akt malowania by\u0142 wi\u0119c praktyk\u0105 duchow\u0105, metod\u0105 kontaktu z przodkami.<\/p>\n<p>Tradycyjne malarstwo Aborygen\u00f3w wykorzystywa\u0142o tylko cztery kolory: bia\u0142y, czarny, czerwony i \u017c\u00f3\u0142ty i operowa\u0142o technik\u0105 nak\u0142adania kropeczek. Wsp\u00f3\u0142czesne malarstwo australijskie inspiruje si\u0119 t\u0105 tradycj\u0105. Je\u015bli gdzie\u015b zobaczymy obraz namalowany w podobnej technice, przypomnijmy sobie jak prastare s\u0105 jej \u017ar\u00f3d\u0142a.<\/p>\n<p style=\"text-align: right;\">Tekst i foto: <strong>Sylwia Pa\u0144k\u00f3w<\/strong><\/p>\n","protected":false},"excerpt":{"rendered":"<p>We wtorek 13 lutego w Willi \u201eRadogoszcz\u201d w ramach Grodziskich Spotka\u0144 Wielokulturowych \u201eSPLOTY\u201d odby\u0142o si\u0119 spotkanie po\u015bwi\u0119cone rdzennym mieszka\u0144com Australii. W tajemnice kultury Aborygen\u00f3w wprowadzi\u0142y dzieci (i ich opiekun\u00f3w) edukatorka i ekolo\u017cka z milanowskiej Fundacji Musszelka. Spotkanie adresowane do dzieci w wieku od lat 5 mia\u0142o formu\u0142\u0119 czyteln\u0105 dla najm\u0142odszych, ale i inspiruj\u0105c\u0105 dla doros\u0142ych. [&hellip;]<\/p>\n","protected":false},"author":2,"featured_media":2233,"comment_status":"closed","ping_status":"open","sticky":false,"template":"","format":"standard","meta":{"footnotes":""},"categories":[9,6,8,5],"tags":[],"class_list":["post-2232","post","type-post","status-publish","format-standard","has-post-thumbnail","hentry","category-edukacja","category-kultura","category-roznosci","category-wiadomosci"],"_links":{"self":[{"href":"https:\/\/fleschmazowsza.com.pl\/index.php?rest_route=\/wp\/v2\/posts\/2232","targetHints":{"allow":["GET"]}}],"collection":[{"href":"https:\/\/fleschmazowsza.com.pl\/index.php?rest_route=\/wp\/v2\/posts"}],"about":[{"href":"https:\/\/fleschmazowsza.com.pl\/index.php?rest_route=\/wp\/v2\/types\/post"}],"author":[{"embeddable":true,"href":"https:\/\/fleschmazowsza.com.pl\/index.php?rest_route=\/wp\/v2\/users\/2"}],"replies":[{"embeddable":true,"href":"https:\/\/fleschmazowsza.com.pl\/index.php?rest_route=%2Fwp%2Fv2%2Fcomments&post=2232"}],"version-history":[{"count":1,"href":"https:\/\/fleschmazowsza.com.pl\/index.php?rest_route=\/wp\/v2\/posts\/2232\/revisions"}],"predecessor-version":[{"id":2234,"href":"https:\/\/fleschmazowsza.com.pl\/index.php?rest_route=\/wp\/v2\/posts\/2232\/revisions\/2234"}],"wp:featuredmedia":[{"embeddable":true,"href":"https:\/\/fleschmazowsza.com.pl\/index.php?rest_route=\/wp\/v2\/media\/2233"}],"wp:attachment":[{"href":"https:\/\/fleschmazowsza.com.pl\/index.php?rest_route=%2Fwp%2Fv2%2Fmedia&parent=2232"}],"wp:term":[{"taxonomy":"category","embeddable":true,"href":"https:\/\/fleschmazowsza.com.pl\/index.php?rest_route=%2Fwp%2Fv2%2Fcategories&post=2232"},{"taxonomy":"post_tag","embeddable":true,"href":"https:\/\/fleschmazowsza.com.pl\/index.php?rest_route=%2Fwp%2Fv2%2Ftags&post=2232"}],"curies":[{"name":"wp","href":"https:\/\/api.w.org\/{rel}","templated":true}]}}