{"id":2216,"date":"2018-02-16T12:57:26","date_gmt":"2018-02-16T11:57:26","guid":{"rendered":"http:\/\/fleschmazowsza.com.pl\/?p=2216"},"modified":"2018-02-16T13:00:25","modified_gmt":"2018-02-16T12:00:25","slug":"pieniadze-dla-mazowsza","status":"publish","type":"post","link":"https:\/\/fleschmazowsza.com.pl\/?p=2216","title":{"rendered":"Pieni\u0105dze dla Mazowsza"},"content":{"rendered":"<p><strong>Unia Europejska rozpoczyna konsultacje dotycz\u0105ce polityki sp\u00f3jno\u015bci po 2020. Warto, aby\u015bmy wzi\u0119li w nich aktywny udzia\u0142. To bowiem pierwszy krok w wa\u017cnej walce o pieni\u0105dze dla Mazowsza na kolejn\u0105 perspektyw\u0119.<\/strong><\/p>\n<p>Od 1 stycznia br. po kilkuletnich staraniach, Mazowsze cho\u0107 pozostaje jednym wojew\u00f3dztwem, na potrzeby unijnych statystyk traktowane jest jako dwa obszary \u2013 obszar metropolitalny Warszawy i pozosta\u0142a cz\u0119\u015b\u0107 regionu.<\/p>\n<p>\u2013 Dzi\u0119ki temu podzia\u0142owi mo\u017cemy liczy\u0107 na wi\u0119ksze \u015brodki unijne w ramach nowej perspektywy oraz na ich przypisanie do dzia\u0142a\u0144, kt\u00f3re s\u0105 najbardziej potrzebne na Mazowszu \u2013 podkre\u015bla marsza\u0142ek Adam Struzik.<\/p>\n<p style=\"text-align: center;\"><strong>Bilans dodatni<\/strong><\/p>\n<p>Obecnie Mazowsze przygotowuje si\u0119 do negocjacji z Komisj\u0105 Europejsk\u0105 bud\u017cetu UE na lata 2021-2027. To w\u0142a\u015bnie od nich zale\u017ce\u0107 b\u0119dzie to, jakie wsparcie z funduszy europejskich otrzyma Polska i Mazowsze. Polityka sp\u00f3jno\u015bci to jedna z najwa\u017cniejszych wsp\u00f3lnych polityk Unii Europejskiej. Dzi\u0119ki niej nasz region w przeci\u0105gu ostatnich kilku lat zmieni\u0142 si\u0119 nie do poznania. \u015arodki, kt\u00f3re otrzymujemy w ramach polityki sp\u00f3jno\u015bci przeznaczamy na modernizacj\u0119 naszych dr\u00f3g, szk\u00f3\u0142, szpitali czy miast. Pomagaj\u0105 one r\u00f3wnie\u017c rozwija\u0107 przedsi\u0119biorczo\u015b\u0107 i wspieraj\u0105 badania tak, aby nasz region by\u0142 innowacyjnym liderem nie tylko w Polsce, ale i w Unii Europejskiej.<\/p>\n<p>\u2013 Od 2007 r. dzi\u0119ki \u015brodkom unijnym uda\u0142o si\u0119 na Mazowszu zmodernizowa\u0107 i wybudowa\u0107 ponad 1,3 tys. km dr\u00f3g, kupi\u0107 ponad 5,6 tys. sztuk r\u00f3\u017cnego typu sprz\u0119tu medycznego do szpitali czy cho\u0107by zainwestowa\u0107 ponad 1,7 mld z\u0142 w przej\u015bcie na gospodark\u0119 niskoemisyjn\u0105. W ci\u0105gu tych ostatnich 11 lat wyp\u0142acili\u015bmy ju\u017c mazowieckim przedsi\u0119biorcom, gminom, miastom i powiatom \u0142\u0105cznie 8,5 mld z\u0142. Do 2020 r. mamy do rozdysponowania jeszcze 4,2 mld z\u0142. Dzi\u0119ki temu mo\u017cemy modernizowa\u0107 i poprawia\u0107 warunki \u017cycia i pracy w naszym otoczeniu \u2013 podsumowuje dyrektor Departamentu Rozwoju Regionalnego i Funduszy Europejskich w UMWM Marcin Wajda.<\/p>\n<p style=\"text-align: center;\"><strong>Wyra\u017a swoj\u0105 opini\u0119<\/strong><\/p>\n<p>Przygotowuj\u0105c propozycj\u0119 regulacji na bud\u017cet po 2020 r., Komisja Europejska apeluje do wszystkich mieszka\u0144c\u00f3w UE o zabranie g\u0142osu w tej sprawie. Swoj\u0105 opini\u0119 mog\u0105 wyrazi\u0107 wszyscy zar\u00f3wno przedstawiciele urz\u0119d\u00f3w, jak i os\u00f3b fizycznych, przedsi\u0119biorc\u00f3w, o\u015brodk\u00f3w naukowych, instytucji kultury, szpitali, organizacji pozarz\u0105dowych itp. Liczy si\u0119 g\u0142os ka\u017cdego z nas.<\/p>\n<p>Aby odpowiedzie\u0107 na apel wystarczy wype\u0142ni\u0107 zamieszczon\u0105 na stronie Komisji Europejskiej ankiet\u0119, kt\u00f3ra dost\u0119pna jest w j\u0119zyku polskim.<\/p>\n<p>\u2013 Zach\u0119cam wi\u0119c wszystkich Pa\u0144stwa do wype\u0142nienia ankiety. Musimy zdecydowa\u0107 o tym, na co przeznaczone zostan\u0105 nasze pieni\u0105dze. Musimy zdecydowa\u0107 o przysz\u0142o\u015bci Mazowsza, Polski i Unii Europejskiej. Nie pozw\u00f3lmy \u017ceby zdecydowali za nas inni. Sprawmy, aby g\u0142os Mazowsza by\u0142 s\u0142yszalny w Brukseli \u2013 podkre\u015bla marsza\u0142ek Adam Struzik.<\/p>\n<p style=\"text-align: center;\"><strong>Wype\u0142nij ankiet\u0119<\/strong><\/p>\n<p>Ankiety mo\u017cna wype\u0142nia\u0107 do 8 marca 2018 r. pod adresem: <a href=\"https:\/\/goo.gl\/G5Cf8c\">https:\/\/goo.gl\/G5Cf8c<\/a> (z listy po prawej stronie dwukrotnie nale\u017cy wybra\u0107 j\u0119zyk polski).<\/p>\n<p>\u2013 Dla mojego pokolenia UE to nie tylko wsparcie finansowe, ale te\u017c warto\u015bci i idee. To poczucie jedno\u015bci i europejskiej wsp\u00f3lnoty. Po tylu latach wsparcia pi\u0119knym gestem otwieraj\u0105cym serca jest s\u0142owo \u201edzi\u0119kuj\u0119\u201d. Wiele os\u00f3b ma problem z jego wypowiedzeniem, a tak by\u0107 nie powinno. Dlatego gor\u0105co zach\u0119cam wszystkich tych, kt\u00f3rzy widz\u0105, jak bardzo nasz kraj zmieni\u0142 si\u0119 dzi\u0119ki pomocy UE \u2013 podzi\u0119kujmy za to wsparcie \u2013 powiedzia\u0142 Olgierd \u0141ukaszewicz, prezes ZASP inicjator akcji My, OBYWATELE UNII EUROPEJSKIEJ.<\/p>\n<p style=\"text-align: right;\"><strong>Marta Milewska<\/strong><\/p>\n<p style=\"text-align: right;\"><em>Rzecznik Prasowy<\/em><\/p>\n<p style=\"text-align: right;\"><em>Urz\u0105d Marsza\u0142kowski Wojew\u00f3dztwa Mazowieckiego<\/em><\/p>\n","protected":false},"excerpt":{"rendered":"<p>Unia Europejska rozpoczyna konsultacje dotycz\u0105ce polityki sp\u00f3jno\u015bci po 2020. Warto, aby\u015bmy wzi\u0119li w nich aktywny udzia\u0142. To bowiem pierwszy krok w wa\u017cnej walce o pieni\u0105dze dla Mazowsza na kolejn\u0105 perspektyw\u0119. Od 1 stycznia br. po kilkuletnich staraniach, Mazowsze cho\u0107 pozostaje jednym wojew\u00f3dztwem, na potrzeby unijnych statystyk traktowane jest jako dwa obszary \u2013 obszar metropolitalny Warszawy [&hellip;]<\/p>\n","protected":false},"author":2,"featured_media":1035,"comment_status":"closed","ping_status":"open","sticky":false,"template":"","format":"standard","meta":{"footnotes":""},"categories":[5],"tags":[],"class_list":["post-2216","post","type-post","status-publish","format-standard","has-post-thumbnail","hentry","category-wiadomosci"],"_links":{"self":[{"href":"https:\/\/fleschmazowsza.com.pl\/index.php?rest_route=\/wp\/v2\/posts\/2216","targetHints":{"allow":["GET"]}}],"collection":[{"href":"https:\/\/fleschmazowsza.com.pl\/index.php?rest_route=\/wp\/v2\/posts"}],"about":[{"href":"https:\/\/fleschmazowsza.com.pl\/index.php?rest_route=\/wp\/v2\/types\/post"}],"author":[{"embeddable":true,"href":"https:\/\/fleschmazowsza.com.pl\/index.php?rest_route=\/wp\/v2\/users\/2"}],"replies":[{"embeddable":true,"href":"https:\/\/fleschmazowsza.com.pl\/index.php?rest_route=%2Fwp%2Fv2%2Fcomments&post=2216"}],"version-history":[{"count":2,"href":"https:\/\/fleschmazowsza.com.pl\/index.php?rest_route=\/wp\/v2\/posts\/2216\/revisions"}],"predecessor-version":[{"id":2218,"href":"https:\/\/fleschmazowsza.com.pl\/index.php?rest_route=\/wp\/v2\/posts\/2216\/revisions\/2218"}],"wp:featuredmedia":[{"embeddable":true,"href":"https:\/\/fleschmazowsza.com.pl\/index.php?rest_route=\/wp\/v2\/media\/1035"}],"wp:attachment":[{"href":"https:\/\/fleschmazowsza.com.pl\/index.php?rest_route=%2Fwp%2Fv2%2Fmedia&parent=2216"}],"wp:term":[{"taxonomy":"category","embeddable":true,"href":"https:\/\/fleschmazowsza.com.pl\/index.php?rest_route=%2Fwp%2Fv2%2Fcategories&post=2216"},{"taxonomy":"post_tag","embeddable":true,"href":"https:\/\/fleschmazowsza.com.pl\/index.php?rest_route=%2Fwp%2Fv2%2Ftags&post=2216"}],"curies":[{"name":"wp","href":"https:\/\/api.w.org\/{rel}","templated":true}]}}