{"id":2212,"date":"2018-02-16T12:53:49","date_gmt":"2018-02-16T11:53:49","guid":{"rendered":"http:\/\/fleschmazowsza.com.pl\/?p=2212"},"modified":"2018-02-16T12:53:49","modified_gmt":"2018-02-16T11:53:49","slug":"stowarzyszenia-popieraja-miasto-sie-waha","status":"publish","type":"post","link":"https:\/\/fleschmazowsza.com.pl\/?p=2212","title":{"rendered":"Stowarzyszenia popieraj\u0105, miasto si\u0119 waha"},"content":{"rendered":"<p><strong>Zainicjowana przez Starost\u0119 Maksyma Go\u0142osia podczas obchod\u00f3w \u015awi\u0119ta Odzyskania Niepodleg\u0142o\u015bci 11 listopada 2017 roku inicjatywa \u0142\u0105czy coraz wi\u0119cej \u015brodowisk, a podejmowane przez nie wsp\u00f3lne dzia\u0142ania owocuj\u0105 realn\u0105 wizj\u0105 \u015bmia\u0142ego projektu.<\/strong><\/p>\n<p>Dok\u0142adnie 11 listopada 2017 roku w swoim wyst\u0105pieniu podczas obchod\u00f3w \u015awi\u0119ta Niepodleg\u0142o\u015bci Starosta Maksym Go\u0142o\u015b m\u00f3wi\u0142 m.in.:<\/p>\n<p>&#8211; Patrz\u0105c w przysz\u0142o\u015b\u0107, za rok o tej porze b\u0119dziemy \u015bwi\u0119towa\u0107 setn\u0105 rocznic\u0119 Odzyskania przez Polsk\u0119 Niepodleg\u0142o\u015bci. Chcia\u0142bym, \u017ceby\u015bmy przez ten rok wykorzystali ka\u017cd\u0105 nadarzaj\u0105c\u0105 si\u0119 szans\u0119, \u017ceby pokolenia, kt\u00f3re przyjd\u0105 po nas, tak dobrze pami\u0119ta\u0142y o Odzyskaniu Niepodleg\u0142o\u015bci i czym jest niepodleg\u0142o\u015b\u0107 tak jak my tutaj dzisiaj. [&#8230;] Zwracam si\u0119 tutaj do Was wszystkich Pa\u0144stwa i do Pana Prezydenta Jana Starzy\u0144skiego przede wszystkim o to, aby\u015bmy zrobili co w naszej mocy, aby w Pruszkowie powsta\u0142 pomnik Czynu Niepodleg\u0142o\u015bciowego \u2013 mamy na to rok.<\/p>\n<p>W \u015blad za tymi s\u0142owami jeszcze w listopadzie uchwa\u0142\u0119 w tej sprawie podj\u0119\u0142a jednog\u0142o\u015bnie Rada Powiatu Pruszkowskiego. Starosta Maksym Go\u0142o\u015b zwr\u00f3ci\u0142 si\u0119 do Prezydent\u00f3w i Radnych miejskich o w\u0142\u0105czenie si\u0119 do prac i wyra\u017cenie swojego wsparcia. Przewodnicz\u0105cy Rady Krzysztof Biskupski, zapowiedzia\u0142 przekazanie jej do odpowiedniej komisji i poddanie pod g\u0142osowanie podczas sesji zaplanowanej na 14 grudnia 2017 roku. Tak si\u0119 niestety nie sta\u0142o i Rada Miasta nie wyrazi\u0142a swojego stanowiska w tej sprawie. Punkt dotycz\u0105cy inicjatywy budowy pomnika nie znalaz\u0142 si\u0119 r\u00f3wnie\u017c w porz\u0105dku Sesji zaplanowanej na 1 lutego 2018 roku.<\/p>\n<p>Odpowied\u017a na ide\u0119 budowy pomnika najszybciej podj\u0119\u0142y lokalne organizacje kulturalne i patriotyczne. Widz\u0105 one potrzeb\u0119 powstania takiego miejsca w przestrzeni Pruszkowa oraz potrzeb\u0119 godnego uczczenia 100. rocznicy Odzyskania Niepodleg\u0142o\u015bci. Powo\u0142ano grup\u0119 robocz\u0105 \u201eSkwer Niepodleg\u0142o\u015bci\u201d, do kt\u00f3rej do Stowarzyszenia Strzelcy Rzeczpospolitej i Pruszkowskiego Stowarzyszenia Patriotycznego do\u0142\u0105czy\u0142o tak\u017ce m.in. Pruszkowskie Towarzystwo Kulturalno-Naukowe. Ju\u017c 23 stycznia 2018 roku organizacje wyst\u0105pi\u0142y wsp\u00f3lnie do Przewodnicz\u0105cego Rady Miasta Pruszk\u00f3w Krzysztofa Biskupskiego z apelem o podj\u0119cie uchwa\u0142y i wsp\u00f3lnych prac na rzecz realizacji idei budowy pomnika.<\/p>\n<p>&#8211; To naprawd\u0119 ogromna szansa na stworzenie miejsca i pomnika z prawdziwego zdarzenia. Wierz\u0119, \u017ce podj\u0119cie stosownej uchwa\u0142y i w\u0142\u0105czenie si\u0119 w inicjatyw\u0119 prezydenta Starzy\u0144skiego i radnych miejskich jest tylko kwesti\u0105 czasu&#8221; &#8211; m\u00f3wi Starosta Pruszkowski Maksym Go\u0142o\u015b.<\/p>\n<p style=\"text-align: right;\"><strong>Rafa\u0142 Pszcz\u00f3\u0142kowski<\/strong> \u2013<em> Podinspektor,<\/em><\/p>\n<p style=\"text-align: right;\"><em>Biuro Rady i Zarz\u0105du Powiatu Pruszkowskiego<\/em><\/p>\n","protected":false},"excerpt":{"rendered":"<p>Zainicjowana przez Starost\u0119 Maksyma Go\u0142osia podczas obchod\u00f3w \u015awi\u0119ta Odzyskania Niepodleg\u0142o\u015bci 11 listopada 2017 roku inicjatywa \u0142\u0105czy coraz wi\u0119cej \u015brodowisk, a podejmowane przez nie wsp\u00f3lne dzia\u0142ania owocuj\u0105 realn\u0105 wizj\u0105 \u015bmia\u0142ego projektu. Dok\u0142adnie 11 listopada 2017 roku w swoim wyst\u0105pieniu podczas obchod\u00f3w \u015awi\u0119ta Niepodleg\u0142o\u015bci Starosta Maksym Go\u0142o\u015b m\u00f3wi\u0142 m.in.: &#8211; Patrz\u0105c w przysz\u0142o\u015b\u0107, za rok o tej [&hellip;]<\/p>\n","protected":false},"author":2,"featured_media":2213,"comment_status":"closed","ping_status":"open","sticky":false,"template":"","format":"standard","meta":{"footnotes":""},"categories":[8,5],"tags":[],"class_list":["post-2212","post","type-post","status-publish","format-standard","has-post-thumbnail","hentry","category-roznosci","category-wiadomosci"],"_links":{"self":[{"href":"https:\/\/fleschmazowsza.com.pl\/index.php?rest_route=\/wp\/v2\/posts\/2212","targetHints":{"allow":["GET"]}}],"collection":[{"href":"https:\/\/fleschmazowsza.com.pl\/index.php?rest_route=\/wp\/v2\/posts"}],"about":[{"href":"https:\/\/fleschmazowsza.com.pl\/index.php?rest_route=\/wp\/v2\/types\/post"}],"author":[{"embeddable":true,"href":"https:\/\/fleschmazowsza.com.pl\/index.php?rest_route=\/wp\/v2\/users\/2"}],"replies":[{"embeddable":true,"href":"https:\/\/fleschmazowsza.com.pl\/index.php?rest_route=%2Fwp%2Fv2%2Fcomments&post=2212"}],"version-history":[{"count":2,"href":"https:\/\/fleschmazowsza.com.pl\/index.php?rest_route=\/wp\/v2\/posts\/2212\/revisions"}],"predecessor-version":[{"id":2215,"href":"https:\/\/fleschmazowsza.com.pl\/index.php?rest_route=\/wp\/v2\/posts\/2212\/revisions\/2215"}],"wp:featuredmedia":[{"embeddable":true,"href":"https:\/\/fleschmazowsza.com.pl\/index.php?rest_route=\/wp\/v2\/media\/2213"}],"wp:attachment":[{"href":"https:\/\/fleschmazowsza.com.pl\/index.php?rest_route=%2Fwp%2Fv2%2Fmedia&parent=2212"}],"wp:term":[{"taxonomy":"category","embeddable":true,"href":"https:\/\/fleschmazowsza.com.pl\/index.php?rest_route=%2Fwp%2Fv2%2Fcategories&post=2212"},{"taxonomy":"post_tag","embeddable":true,"href":"https:\/\/fleschmazowsza.com.pl\/index.php?rest_route=%2Fwp%2Fv2%2Ftags&post=2212"}],"curies":[{"name":"wp","href":"https:\/\/api.w.org\/{rel}","templated":true}]}}