{"id":2202,"date":"2018-02-14T14:13:57","date_gmt":"2018-02-14T13:13:57","guid":{"rendered":"http:\/\/fleschmazowsza.com.pl\/?p=2202"},"modified":"2018-02-14T14:13:57","modified_gmt":"2018-02-14T13:13:57","slug":"milanowianki-tom-ii","status":"publish","type":"post","link":"https:\/\/fleschmazowsza.com.pl\/?p=2202","title":{"rendered":"\u201eMilanowianki tom II\u201d"},"content":{"rendered":"<p><strong>W niedziel\u0119 4 lutego Stowarzyszenie Milanowianki i Miejska Biblioteka Publiczna zorganizowa\u0142y wiecz\u00f3r autorski z okazji wydania ksi\u0105\u017cki \u201eMilanowianki tom II\u201d. Licznie przybyli cz\u0142onkowie rodzin, znajomi, przyjaciele zar\u00f3wno bohaterek, jak i autorek publikacji oraz osoby zainteresowane lokaln\u0105 \u201eherstori\u0105\u201d, czyli histori\u0105 pisan\u0105 przez kobiety o kobietach.<\/strong><\/p>\n<p>Ksi\u0105\u017cka jest efektem kontynuacji prac badawczych nad losami ciekawych kobiet \u2013 niegdysiejszych i obecnych mieszkanek Milan\u00f3wka. Warto przypomnie\u0107, \u017ce \u201eherstoria\u201d w Milan\u00f3wku zainicjowana zosta\u0142a w roku 2013 podczas jednej z edycji Festiwalu Otwarte Ogrody.<\/p>\n<p style=\"text-align: center;\"><strong>\u201eHerstoria\u201d Milan\u00f3wka<\/strong><\/p>\n<p>Wtedy to rozpocz\u0119\u0142y si\u0119 prace nad biogramami wybranych Milanowianek, a poniewa\u017c bohaterek przybywa, prace te prowadzone b\u0119d\u0105 nadal. Przy\u015bwieca im idea, aby historii miasta \u201eprzywr\u00f3ci\u0107 obecno\u015b\u0107 kobiet w przestrzeni publicznej\u201d, aby z historii lokalnej splecionej z powszechn\u0105 wydoby\u0107 na \u015bwiat\u0142o dzienne histori\u0119 kobiet.<\/p>\n<p>Spotkanie autorskie okaza\u0142o si\u0119 bardzo ciekawe, a jego dynamik\u0119 oceni\u0107 mo\u017cna wr\u0119cz jako wzorcow\u0105. Aktorzy Stowarzyszenia T-ART czytali fragmenty ksi\u0105\u017cki a publiczno\u015b\u0107 stuprocentowo trafnie odgadywa\u0142a, jakiej bohaterki one dotycz\u0105 \u2013 nagrod\u0105 by\u0142a specjalna edycja czekolady Milanowianek.<\/p>\n<p style=\"text-align: center;\"><strong>One \u201ebra\u0142y \u017cycie za rogi\u201d<\/strong><\/p>\n<p>Prowadz\u0105ca niejedn\u0105 ju\u017c tak\u0105 imprez\u0119 Monika Samoraj trafnie i dociekliwie formu\u0142owa\u0142a pytania do autorek publikacji. Z kolei autorki w spos\u00f3b dowcipny, szczery i osobisty udziela\u0142y odpowiedzi o motywach wyboru konkretnych bohaterek, o trudno\u015bciach i emocjach zwi\u0105zanych z pisaniem o osobach im bliskich lub z pisaniem o osobach \u017cyj\u0105cych, kt\u00f3re mog\u0105 wystawi\u0107 autorce ocen\u0119.<\/p>\n<p>O wyborze takich a nie innych bohaterek biogram\u00f3w i zainteresowaniu ich losami zadecydowa\u0142a wsp\u00f3lnota podzielanych warto\u015bci, zwi\u0105zki rodzinne, czasem by\u0142 to szcz\u0119\u015bliwy przypadek, autorki wspomina\u0142y r\u00f3wnie\u017c o sile wewn\u0119trznej jak\u0105 dawa\u0142y im przyk\u0142ady kobiet, kt\u00f3re \u201ebra\u0142y \u017cycie za rogi\u201d i radzi\u0142y sobie z przeciwno\u015bciami losu. Cz\u0119sto podkre\u015blan\u0105 przez autorki cech\u0105 opisywanych bohaterek by\u0142a ch\u0119\u0107 i wytrwa\u0142o\u015b\u0107 w niesieniu pomocy innym ludziom.<\/p>\n<p style=\"text-align: center;\"><strong>Nowe informacje o \u201ematce Milan\u00f3wka\u201d<\/strong><\/p>\n<p>Warto nadmieni\u0107, \u017ce w ksi\u0105\u017cce ponownie pojawi\u0142a si\u0119 posta\u0107 Bronis\u0142awy Agnieszki Lasockiej, opisywana ju\u017c w I tomie \u201eMilanowianek\u201d. Autorka jej biogramu w mi\u0119dzyczasie dotar\u0142a do nowych \u017ar\u00f3de\u0142 informacji i mog\u0142a rozbudowa\u0107 charakterystyk\u0119 swojej bohaterki, kt\u00f3r\u0105 okre\u015bli\u0142a jako \u201ematk\u0119 Milan\u00f3wka\u201d, a wi\u0119c kobiet\u0119 wyj\u0105tkowo wa\u017cn\u0105 i godn\u0105 upami\u0119tnienia w dziejach miasta.<\/p>\n<p>Mi\u0142ym akcentem na zako\u0144czenie spotkania by\u0142y r\u00f3\u017ce dla uczestniczek rozmowy oraz aktor\u00f3w, a wszyscy przybyli na wiecz\u00f3r autorski obdarowani zostali egzemplarzem ksi\u0105\u017cki. Obecnych poproszono r\u00f3wnie\u017c o ewentualne zg\u0142aszanie znanych im kobiet-Milanowianek, kt\u00f3rych biografie warto by opisa\u0107 w kolejnej publikacji.<\/p>\n<p>Biblioteka zapowiedzia\u0142a r\u00f3wnie\u017c kolejne spotkanie autorskie, 25 lutego o godz. 17.00, tym razem z Wojciechem Chmielarzem, autorem powie\u015bci kryminalnej, kt\u00f3rej akcja toczy si\u0119 w Milan\u00f3wku.<\/p>\n<p style=\"text-align: right;\">Tekst i foto: <strong>Sylwia Pa\u0144k\u00f3w<\/strong><\/p>\n","protected":false},"excerpt":{"rendered":"<p>W niedziel\u0119 4 lutego Stowarzyszenie Milanowianki i Miejska Biblioteka Publiczna zorganizowa\u0142y wiecz\u00f3r autorski z okazji wydania ksi\u0105\u017cki \u201eMilanowianki tom II\u201d. Licznie przybyli cz\u0142onkowie rodzin, znajomi, przyjaciele zar\u00f3wno bohaterek, jak i autorek publikacji oraz osoby zainteresowane lokaln\u0105 \u201eherstori\u0105\u201d, czyli histori\u0105 pisan\u0105 przez kobiety o kobietach. Ksi\u0105\u017cka jest efektem kontynuacji prac badawczych nad losami ciekawych kobiet \u2013 [&hellip;]<\/p>\n","protected":false},"author":2,"featured_media":2203,"comment_status":"closed","ping_status":"open","sticky":false,"template":"","format":"standard","meta":{"footnotes":""},"categories":[6,8,5],"tags":[],"class_list":["post-2202","post","type-post","status-publish","format-standard","has-post-thumbnail","hentry","category-kultura","category-roznosci","category-wiadomosci"],"_links":{"self":[{"href":"https:\/\/fleschmazowsza.com.pl\/index.php?rest_route=\/wp\/v2\/posts\/2202","targetHints":{"allow":["GET"]}}],"collection":[{"href":"https:\/\/fleschmazowsza.com.pl\/index.php?rest_route=\/wp\/v2\/posts"}],"about":[{"href":"https:\/\/fleschmazowsza.com.pl\/index.php?rest_route=\/wp\/v2\/types\/post"}],"author":[{"embeddable":true,"href":"https:\/\/fleschmazowsza.com.pl\/index.php?rest_route=\/wp\/v2\/users\/2"}],"replies":[{"embeddable":true,"href":"https:\/\/fleschmazowsza.com.pl\/index.php?rest_route=%2Fwp%2Fv2%2Fcomments&post=2202"}],"version-history":[{"count":1,"href":"https:\/\/fleschmazowsza.com.pl\/index.php?rest_route=\/wp\/v2\/posts\/2202\/revisions"}],"predecessor-version":[{"id":2204,"href":"https:\/\/fleschmazowsza.com.pl\/index.php?rest_route=\/wp\/v2\/posts\/2202\/revisions\/2204"}],"wp:featuredmedia":[{"embeddable":true,"href":"https:\/\/fleschmazowsza.com.pl\/index.php?rest_route=\/wp\/v2\/media\/2203"}],"wp:attachment":[{"href":"https:\/\/fleschmazowsza.com.pl\/index.php?rest_route=%2Fwp%2Fv2%2Fmedia&parent=2202"}],"wp:term":[{"taxonomy":"category","embeddable":true,"href":"https:\/\/fleschmazowsza.com.pl\/index.php?rest_route=%2Fwp%2Fv2%2Fcategories&post=2202"},{"taxonomy":"post_tag","embeddable":true,"href":"https:\/\/fleschmazowsza.com.pl\/index.php?rest_route=%2Fwp%2Fv2%2Ftags&post=2202"}],"curies":[{"name":"wp","href":"https:\/\/api.w.org\/{rel}","templated":true}]}}