{"id":2199,"date":"2018-02-14T14:03:17","date_gmt":"2018-02-14T13:03:17","guid":{"rendered":"http:\/\/fleschmazowsza.com.pl\/?p=2199"},"modified":"2018-02-14T14:03:17","modified_gmt":"2018-02-14T13:03:17","slug":"moja-pierwsza-wystawa","status":"publish","type":"post","link":"https:\/\/fleschmazowsza.com.pl\/?p=2199","title":{"rendered":"\u201eMoja pierwsza wystawa\u201d"},"content":{"rendered":"<p><strong>3 lutego w grodziskiej Poczekalni PKP odby\u0142 si\u0119 wernisa\u017c fotografii, kt\u00f3rych autorem jest Piotr Kope\u0107, bardzo utalentowany grodziski fotograf \u2013 pasjonat. Wystaw\u0119 zatytu\u0142owan\u0105 \u201eNIE\/Oczywiste\u201d ogl\u0105da\u0107 (i podziwia\u0107) b\u0119dzie mo\u017cna do 2 marca.<\/strong><\/p>\n<p>Wyeksponowane w du\u017cym formacie zdj\u0119cia s\u0105 bardzo pi\u0119kne i silnie oddzia\u0142uj\u0105 wizualnie, zar\u00f3wno ekspresyjn\u0105 kolorystyk\u0105, jak i niecodziennym uj\u0119ciem temat\u00f3w. Przedstawiaj\u0105 znane wszystkim mieszka\u0144com Grodziska fragmenty krajobrazu miasta, m.in. deptak, dworzec PKP, Park Skarbk\u00f3w czy Stawy Goliana, jednak miejsca te zosta\u0142y dostrze\u017cone i sfotografowane w nieoczekiwany spos\u00f3b.<\/p>\n<p>W efekcie niekt\u00f3re z prac przywo\u0142uj\u0105 tajemniczy, zagadkowy, ba\u015bniowy klimat, co prowokuje do spojrzenia od teraz nieco innym okiem na, zdawa\u0142oby si\u0119 opatrzone ju\u017c, cho\u0107 atrakcyjne, miejsca Grodziska. Inne z kolei zdj\u0119cia zaskakuj\u0105 uj\u0119ciem prostopadle z g\u00f3ry, z lotu ptaka, co z jednej strony upodabnia miasto do kompozycji barwnych figur geometrycznych, z drugiej za\u015b jakby oddala nas od niego, daj\u0105c poczucie \u201eniepokoj\u0105cego\u201d dystansu.<\/p>\n<p>Aby uporz\u0105dkowa\u0107 my\u015bli i emocje nasuwaj\u0105ce si\u0119 podczas kontemplowania wystawy, Poczekalnia PKP przygotowa\u0142a dla zwiedzaj\u0105cych foldery, kt\u00f3re \u015bwietnie obja\u015bniaj\u0105 wystaw\u0119, przybli\u017caj\u0105 posta\u0107 tw\u00f3rcy, podpowiadaj\u0105 na co warto zwr\u00f3ci\u0107 uwag\u0119 ogl\u0105daj\u0105c zdj\u0119cia i w jakich s\u0142owach uj\u0105\u0107 swoje wra\u017cenia. Dla pocz\u0105tkuj\u0105cych i jeszcze nie wyrobionych odbiorc\u00f3w sztuki wizualnej to doskona\u0142a okazja, aby zapozna\u0107 si\u0119 z tematyk\u0105 w spos\u00f3b nietrudny, ale i profesjonalny.<\/p>\n<p>Wystawa oraz wernisa\u017c zorganizowane zosta\u0142y jako cz\u0119\u015b\u0107 nowego projektu \u201eMoja pierwsza wystawa\u201d, zainicjowanego przez Poczekalni\u0119 PKP. Jego intencj\u0105 jest promowanie uzdolnionych m\u0142odych artyst\u00f3w z terenu Gminy Grodzisk Mazowiecki, kt\u00f3rzy nie zaistnieli jeszcze w przestrzeni publicznej, a tymczasem ich prace zas\u0142uguj\u0105 na szersz\u0105 prezentacj\u0119. Patronat nad akcj\u0105 obj\u0105\u0142 Burmistrz Grodziska Mazowieckiego.<\/p>\n<p style=\"text-align: right;\">Tekst i foto: <strong>Sylwia Pa\u0144k\u00f3w<\/strong><\/p>\n","protected":false},"excerpt":{"rendered":"<p>3 lutego w grodziskiej Poczekalni PKP odby\u0142 si\u0119 wernisa\u017c fotografii, kt\u00f3rych autorem jest Piotr Kope\u0107, bardzo utalentowany grodziski fotograf \u2013 pasjonat. Wystaw\u0119 zatytu\u0142owan\u0105 \u201eNIE\/Oczywiste\u201d ogl\u0105da\u0107 (i podziwia\u0107) b\u0119dzie mo\u017cna do 2 marca. Wyeksponowane w du\u017cym formacie zdj\u0119cia s\u0105 bardzo pi\u0119kne i silnie oddzia\u0142uj\u0105 wizualnie, zar\u00f3wno ekspresyjn\u0105 kolorystyk\u0105, jak i niecodziennym uj\u0119ciem temat\u00f3w. Przedstawiaj\u0105 znane wszystkim [&hellip;]<\/p>\n","protected":false},"author":2,"featured_media":2200,"comment_status":"closed","ping_status":"open","sticky":false,"template":"","format":"standard","meta":{"footnotes":""},"categories":[6,8,5],"tags":[],"class_list":["post-2199","post","type-post","status-publish","format-standard","has-post-thumbnail","hentry","category-kultura","category-roznosci","category-wiadomosci"],"_links":{"self":[{"href":"https:\/\/fleschmazowsza.com.pl\/index.php?rest_route=\/wp\/v2\/posts\/2199","targetHints":{"allow":["GET"]}}],"collection":[{"href":"https:\/\/fleschmazowsza.com.pl\/index.php?rest_route=\/wp\/v2\/posts"}],"about":[{"href":"https:\/\/fleschmazowsza.com.pl\/index.php?rest_route=\/wp\/v2\/types\/post"}],"author":[{"embeddable":true,"href":"https:\/\/fleschmazowsza.com.pl\/index.php?rest_route=\/wp\/v2\/users\/2"}],"replies":[{"embeddable":true,"href":"https:\/\/fleschmazowsza.com.pl\/index.php?rest_route=%2Fwp%2Fv2%2Fcomments&post=2199"}],"version-history":[{"count":1,"href":"https:\/\/fleschmazowsza.com.pl\/index.php?rest_route=\/wp\/v2\/posts\/2199\/revisions"}],"predecessor-version":[{"id":2201,"href":"https:\/\/fleschmazowsza.com.pl\/index.php?rest_route=\/wp\/v2\/posts\/2199\/revisions\/2201"}],"wp:featuredmedia":[{"embeddable":true,"href":"https:\/\/fleschmazowsza.com.pl\/index.php?rest_route=\/wp\/v2\/media\/2200"}],"wp:attachment":[{"href":"https:\/\/fleschmazowsza.com.pl\/index.php?rest_route=%2Fwp%2Fv2%2Fmedia&parent=2199"}],"wp:term":[{"taxonomy":"category","embeddable":true,"href":"https:\/\/fleschmazowsza.com.pl\/index.php?rest_route=%2Fwp%2Fv2%2Fcategories&post=2199"},{"taxonomy":"post_tag","embeddable":true,"href":"https:\/\/fleschmazowsza.com.pl\/index.php?rest_route=%2Fwp%2Fv2%2Ftags&post=2199"}],"curies":[{"name":"wp","href":"https:\/\/api.w.org\/{rel}","templated":true}]}}