{"id":2169,"date":"2018-02-01T12:04:21","date_gmt":"2018-02-01T11:04:21","guid":{"rendered":"http:\/\/fleschmazowsza.com.pl\/?p=2169"},"modified":"2018-02-01T12:04:33","modified_gmt":"2018-02-01T11:04:33","slug":"ogolnodostepne-miejsce-rekreacji","status":"publish","type":"post","link":"https:\/\/fleschmazowsza.com.pl\/?p=2169","title":{"rendered":"Og\u00f3lnodost\u0119pne miejsce rekreacji"},"content":{"rendered":"<p><strong>Dnia 27 sierpnia 2017 roku nast\u0105pi\u0142o uroczyste otwarcie \u201eCentrum Integracji Spo\u0142ecznej\u201d, czyli hali sportowej, kt\u00f3ra powsta\u0142a w ramach rozbudowy Szko\u0142y Podstawowej im. Stefanii Dziewulskiej w Ojrzanowie. Inwestycja obejmowa\u0142a remont oraz modernizacj\u0119 budynku szko\u0142y, budow\u0119 sali przedszkolnej, biblioteki, szatni, si\u0142owni, \u015bciany wspinaczkowej oraz pe\u0142nowymiarowej hali sportowej wraz z trybunami na 140 os\u00f3b.<\/strong><\/p>\n<p>Nowa hala sportowa to doskona\u0142e miejsce do rekreacji i uprawiania sportu. Do godz. 15.00 korzystaj\u0105 z niej uczniowie szko\u0142y, a p\u00f3\u017aniej jest ona og\u00f3lnodost\u0119pna dla mieszka\u0144c\u00f3w gminy \u017babia Wola oraz wszystkich, kt\u00f3rzy chc\u0105 aktywnie sp\u0119dza\u0107 czas.<\/p>\n<p>Odbywaj\u0105 si\u0119 tam zaj\u0119cia sportowe dla dzieci, m\u0142odzie\u017cy i doros\u0142ych, m.in. treningi pi\u0142ki no\u017cnej, karate, taekwondo, fitness, koszyk\u00f3wki, unihokeja, \u0107wiczenia na zdrowy kr\u0119gos\u0142up i \u0107wiczenia w si\u0142owni. Wszystkie zaj\u0119cia s\u0105 prowadzone przez profesjonalnych instruktor\u00f3w i trener\u00f3w.<\/p>\n<p>Wi\u0119cej informacji na temat funkcjonowania hali oraz szczeg\u00f3\u0142owy plan zaj\u0119\u0107 znajdziecie Pa\u0144stwo na facebooku:<\/p>\n<p><a href=\"https:\/\/www.facebook.com\/Hala-sportowa-w-Ojrzanowie-269201786925205\/\">https:\/\/www.facebook.com\/Hala-sportowa-w-Ojrzanowie-269201786925205\/<\/a><\/p>\n<p style=\"text-align: right;\"><strong>Magdalena Radomi\u0144ska<\/strong><\/p>\n","protected":false},"excerpt":{"rendered":"<p>Dnia 27 sierpnia 2017 roku nast\u0105pi\u0142o uroczyste otwarcie \u201eCentrum Integracji Spo\u0142ecznej\u201d, czyli hali sportowej, kt\u00f3ra powsta\u0142a w ramach rozbudowy Szko\u0142y Podstawowej im. Stefanii Dziewulskiej w Ojrzanowie. Inwestycja obejmowa\u0142a remont oraz modernizacj\u0119 budynku szko\u0142y, budow\u0119 sali przedszkolnej, biblioteki, szatni, si\u0142owni, \u015bciany wspinaczkowej oraz pe\u0142nowymiarowej hali sportowej wraz z trybunami na 140 os\u00f3b. Nowa hala sportowa to [&hellip;]<\/p>\n","protected":false},"author":2,"featured_media":2170,"comment_status":"closed","ping_status":"open","sticky":false,"template":"","format":"standard","meta":{"footnotes":""},"categories":[8,4,5],"tags":[],"class_list":["post-2169","post","type-post","status-publish","format-standard","has-post-thumbnail","hentry","category-roznosci","category-sport","category-wiadomosci"],"_links":{"self":[{"href":"https:\/\/fleschmazowsza.com.pl\/index.php?rest_route=\/wp\/v2\/posts\/2169","targetHints":{"allow":["GET"]}}],"collection":[{"href":"https:\/\/fleschmazowsza.com.pl\/index.php?rest_route=\/wp\/v2\/posts"}],"about":[{"href":"https:\/\/fleschmazowsza.com.pl\/index.php?rest_route=\/wp\/v2\/types\/post"}],"author":[{"embeddable":true,"href":"https:\/\/fleschmazowsza.com.pl\/index.php?rest_route=\/wp\/v2\/users\/2"}],"replies":[{"embeddable":true,"href":"https:\/\/fleschmazowsza.com.pl\/index.php?rest_route=%2Fwp%2Fv2%2Fcomments&post=2169"}],"version-history":[{"count":2,"href":"https:\/\/fleschmazowsza.com.pl\/index.php?rest_route=\/wp\/v2\/posts\/2169\/revisions"}],"predecessor-version":[{"id":2172,"href":"https:\/\/fleschmazowsza.com.pl\/index.php?rest_route=\/wp\/v2\/posts\/2169\/revisions\/2172"}],"wp:featuredmedia":[{"embeddable":true,"href":"https:\/\/fleschmazowsza.com.pl\/index.php?rest_route=\/wp\/v2\/media\/2170"}],"wp:attachment":[{"href":"https:\/\/fleschmazowsza.com.pl\/index.php?rest_route=%2Fwp%2Fv2%2Fmedia&parent=2169"}],"wp:term":[{"taxonomy":"category","embeddable":true,"href":"https:\/\/fleschmazowsza.com.pl\/index.php?rest_route=%2Fwp%2Fv2%2Fcategories&post=2169"},{"taxonomy":"post_tag","embeddable":true,"href":"https:\/\/fleschmazowsza.com.pl\/index.php?rest_route=%2Fwp%2Fv2%2Ftags&post=2169"}],"curies":[{"name":"wp","href":"https:\/\/api.w.org\/{rel}","templated":true}]}}