{"id":2157,"date":"2018-01-29T15:37:20","date_gmt":"2018-01-29T14:37:20","guid":{"rendered":"http:\/\/fleschmazowsza.com.pl\/?p=2157"},"modified":"2018-01-29T15:37:20","modified_gmt":"2018-01-29T14:37:20","slug":"atrakcyjne-wydarzenia-w-ursusie-bottega-del-gusto-nowym-miejscem-eventowym","status":"publish","type":"post","link":"https:\/\/fleschmazowsza.com.pl\/?p=2157","title":{"rendered":"Atrakcyjne wydarzenia w Ursusie! Bottega del Gusto nowym miejscem eventowym"},"content":{"rendered":"<p>Bottega del Gusto to nietuzinkowy koncept stworzony z niesamowit\u0105 fantazj\u0105 i ogromn\u0105 t\u0119sknot\u0105 za prawdziw\u0105 w\u0142osk\u0105 atmosfer\u0105, \u0142\u0105cz\u0105cy w sobie <strong>delikatesy, winiarni\u0119 oraz kawiarni\u0119<\/strong>.<\/p>\n<p>O potencjale oraz zapotrzebowaniu mieszka\u0144c\u00f3w na tego typu miejsce w Ursusie, \u015bwiadczy wielki sukces imprezy organizowanej z okazji otwarcia lokalu. Huczne wydarzenie odby\u0142o si\u0119 14 pa\u017adziernika i zgromadzi\u0142o ponad 150 odwiedzaj\u0105cych!<\/p>\n<p>W\u0142a\u015bciciele wci\u0105\u017c podtrzymuj\u0105 pozytywne emocje organizuj\u0105c kolejne eventy, koncerty na \u017cywo, warsztaty kawowe i kulinarne, a ca\u0142o\u015b\u0107 zawsze w towarzystwie wysokogatunkowych w\u0142oskich specja\u0142\u00f3w i degustacji.<\/p>\n<p style=\"text-align: center;\"><strong>Intensywny karnawa\u0142 \u2013 jakie wydarzenia w styczniu? <\/strong><\/p>\n<p>W niedzielne popo\u0142udnie 14 stycznia na Klient\u00f3w Bottegi czeka\u0142a smakowita degustacja w\u0142oskich ser\u00f3w. W sobot\u0119 20 stycznia odby\u0142o si\u0119 drugie ju\u017c z kolei <em>Aperitivo Italiano <\/em>z w\u0142osk\u0105 muzyk\u0105 i bufetem wy\u015bmienitych przek\u0105sek. Wydarzenie cieszy si\u0119 tak ogromnym zainteresowaniem, \u017ce na sta\u0142e wpisa\u0142o si\u0119 w kalendarz imprez w Bottega del Gusto.<\/p>\n<p>W najbli\u017csz\u0105 <strong>sobot\u0119 27 stycznia<\/strong> <strong>w godzinach 18:00 \u2013 21:00<\/strong> czas sp\u0119dzany w winiarni umili wyst\u0119p w\u0142oskiego artysty &#8211; Luigiego Pagano. Udzia\u0142 ca\u0142kowicie bezp\u0142atny.<\/p>\n<p>Jednym s\u0142owem Bottega del Gusto to idealne miejsce, w kt\u00f3rym mo\u017cna sp\u0119dzi\u0107 niezapomniany wiecz\u00f3r w prawdziwie w\u0142oskiej atmosferze, przy dobrym jedzeniu i regionalnej muzyce na \u017cywo.<\/p>\n<p>To tylko pocz\u0105tek atrakcji w 2018 roku. Informacje o wszystkich planowanych wydarzeniach zawsze dost\u0119pne w lokalu, na stronie internetowej lub na facebooku (czytaj poni\u017cej).<\/p>\n<p>Od grudnia obowi\u0105zuj\u0105 nowe godziny otwarcia:<\/p>\n<p>Czynne codziennie w godzinach: 08:00 \u2013 22:00<\/p>\n<p>Ul. Gierdziejewskiego 7, Warszawa \u2013 Ursus<\/p>\n<p style=\"text-align: right;\"><a href=\"http:\/\/www.bottegadelgusto.pl\">www.bottegadelgusto.pl<\/a><\/p>\n<p style=\"text-align: right;\"><strong><em>www.facebook.com\/bottegadelgustodelizie\/<\/em><\/strong><\/p>\n<p style=\"text-align: right;\">\u00a0Tel: +48 666-736-899<\/p>\n","protected":false},"excerpt":{"rendered":"<p>Bottega del Gusto to nietuzinkowy koncept stworzony z niesamowit\u0105 fantazj\u0105 i ogromn\u0105 t\u0119sknot\u0105 za prawdziw\u0105 w\u0142osk\u0105 atmosfer\u0105, \u0142\u0105cz\u0105cy w sobie delikatesy, winiarni\u0119 oraz kawiarni\u0119. O potencjale oraz zapotrzebowaniu mieszka\u0144c\u00f3w na tego typu miejsce w Ursusie, \u015bwiadczy wielki sukces imprezy organizowanej z okazji otwarcia lokalu. Huczne wydarzenie odby\u0142o si\u0119 14 pa\u017adziernika i zgromadzi\u0142o ponad 150 odwiedzaj\u0105cych! [&hellip;]<\/p>\n","protected":false},"author":2,"featured_media":2158,"comment_status":"closed","ping_status":"open","sticky":false,"template":"","format":"standard","meta":{"footnotes":""},"categories":[8,5],"tags":[],"class_list":["post-2157","post","type-post","status-publish","format-standard","has-post-thumbnail","hentry","category-roznosci","category-wiadomosci"],"_links":{"self":[{"href":"https:\/\/fleschmazowsza.com.pl\/index.php?rest_route=\/wp\/v2\/posts\/2157","targetHints":{"allow":["GET"]}}],"collection":[{"href":"https:\/\/fleschmazowsza.com.pl\/index.php?rest_route=\/wp\/v2\/posts"}],"about":[{"href":"https:\/\/fleschmazowsza.com.pl\/index.php?rest_route=\/wp\/v2\/types\/post"}],"author":[{"embeddable":true,"href":"https:\/\/fleschmazowsza.com.pl\/index.php?rest_route=\/wp\/v2\/users\/2"}],"replies":[{"embeddable":true,"href":"https:\/\/fleschmazowsza.com.pl\/index.php?rest_route=%2Fwp%2Fv2%2Fcomments&post=2157"}],"version-history":[{"count":2,"href":"https:\/\/fleschmazowsza.com.pl\/index.php?rest_route=\/wp\/v2\/posts\/2157\/revisions"}],"predecessor-version":[{"id":2160,"href":"https:\/\/fleschmazowsza.com.pl\/index.php?rest_route=\/wp\/v2\/posts\/2157\/revisions\/2160"}],"wp:featuredmedia":[{"embeddable":true,"href":"https:\/\/fleschmazowsza.com.pl\/index.php?rest_route=\/wp\/v2\/media\/2158"}],"wp:attachment":[{"href":"https:\/\/fleschmazowsza.com.pl\/index.php?rest_route=%2Fwp%2Fv2%2Fmedia&parent=2157"}],"wp:term":[{"taxonomy":"category","embeddable":true,"href":"https:\/\/fleschmazowsza.com.pl\/index.php?rest_route=%2Fwp%2Fv2%2Fcategories&post=2157"},{"taxonomy":"post_tag","embeddable":true,"href":"https:\/\/fleschmazowsza.com.pl\/index.php?rest_route=%2Fwp%2Fv2%2Ftags&post=2157"}],"curies":[{"name":"wp","href":"https:\/\/api.w.org\/{rel}","templated":true}]}}