{"id":2147,"date":"2018-01-29T15:04:39","date_gmt":"2018-01-29T14:04:39","guid":{"rendered":"http:\/\/fleschmazowsza.com.pl\/?p=2147"},"modified":"2018-01-29T15:04:39","modified_gmt":"2018-01-29T14:04:39","slug":"na-pomoc-warszawskim-kotom","status":"publish","type":"post","link":"https:\/\/fleschmazowsza.com.pl\/?p=2147","title":{"rendered":"Na pomoc warszawskim kotom!"},"content":{"rendered":"<p><strong>W sobot\u0119, 17 lutego o godz. 13.00, z okazji \u015awiatowego Dnia Kota, w Bibliotece Publicznej w Dzielnicy Ursus odb\u0119dzie si\u0119 spotkanie i dyskusja z zaproszonymi go\u015b\u0107mi.<\/strong><\/p>\n<p>O tym jak pomaga\u0107 kotom bezdomnym i wolno \u017cyj\u0105cym rozmawia\u0142am z Joann\u0105 Popko, prezesk\u0105 warszawskiej fundacji JoKot.<\/p>\n<p><strong>Jaka jest r\u00f3wnica mi\u0119dzy bezdomnymi a wolno \u017cyj\u0105cymi kotami i dlaczego tak wa\u017cne jest by rozr\u00f3\u017cni\u0107 te dwa okre\u015blenia?<\/strong><\/p>\n<p>Koty wolno \u017cyj\u0105ce wymagaj\u0105 zupe\u0142nie innych form pomocy ni\u017c koty bezdomne, dlatego tak wa\u017cne jest by rozdziela\u0107 te dwie grupy. Koty wolno \u017cyj\u0105ce to s\u0105 takie, kt\u00f3re mieszkaj\u0105 gdzie\u015b w otoczeniu cz\u0142owieka, i kt\u00f3re z jego drobn\u0105 pomoc\u0105 zasadniczo ca\u0142kiem dobrze daj\u0105 sobie rad\u0119. Potrzebuj\u0105 leczenia, dokarmiania, na pewno sterylizacji, ale mog\u0105 funkcjonowa\u0107 w miar\u0119 niezale\u017cnie od cz\u0142owieka, na wolno\u015bci. Przyk\u0142adem s\u0105 koty na dzia\u0142kach, osiedlach, cmentarzach, czyli gdzie\u015b blisko nas, ale nie w naszych domach. Bardzo cz\u0119sto s\u0105 to zwierzaki dzikie, ale nie wszystkie, bo s\u0105 koty wolno \u017cyj\u0105ce, kt\u00f3re daj\u0105 si\u0119 swoim karmicielom g\u0142aska\u0107, bra\u0107 na r\u0119ce. Natomiast koty bezdomne to takie, kt\u00f3re zosta\u0142y porzucone przez cz\u0142owieka lub z innych powod\u00f3w znalaz\u0142y si\u0119 na ulicy, b\u0119d\u0105c w pe\u0142ni udomowionymi zwierz\u0119tami. Takie koty na wolno\u015bci sobie nie poradz\u0105.<\/p>\n<p><strong>Na czym polega wasza pomoc kotom wolno \u017cyj\u0105cym?<\/strong><\/p>\n<p>Przede wszystkim na leczeniu i sterylizacji. Po\u017cyczamy nasze klatki \u0142apki lub nasi wolontariusze przyje\u017cd\u017caj\u0105 na miejsce z klatk\u0105 i pomagaj\u0105 z\u0142apa\u0107 takiego kota, czasem dostarczamy tylko z\u0142apane ju\u017c koty do lecznicy i udzielamy pomocy medycznej, po\u0142\u0105czonej ze sterylizacj\u0105. W trakcie leczenia i kilka dni po sterylizacji udzielamy takim kotom schronienia, po czym, gdy ju\u017c dojd\u0105 do siebie, wypuszczamy w miejsce bytowania. Przed z\u0142apaniem takiego kota, trzeba za\u0142o\u017cy\u0107, \u017ce mo\u017ce nam si\u0119 to uda\u0107 tylko raz, dlatego trzeba bardzo dobrze przemy\u015ble\u0107 jakie mamy warunki i co z nim zrobimy.<\/p>\n<p><strong>Ile kot\u00f3w miesi\u0119cznie trafia do fundacji?<\/strong><\/p>\n<p>Bardzo cz\u0119sto kto\u015b dzwoni, \u017ce znalaz\u0142 poszkodowanego kota. Zim\u0105 s\u0105 to powiedzmy 2-4 zg\u0142oszenia tygodniowo, natomiast latem bywa tak, \u017ce zg\u0142aszanych jest kilkadziesi\u0105t koci\u0105t dziennie. Wtedy takich zg\u0142osze\u0144 jest po prosu multum i nie ma mo\u017cliwo\u015bci, \u017ceby wszystkim tym zwierzakom pom\u00f3c i nie m\u00f3wi\u0119 tu o mo\u017cliwo\u015bciach fundacji JoKot. M\u00f3wi\u0119 te\u017c o mo\u017cliwo\u015bciach wszystkich innych fundacji, stowarzysze\u0144, schronisk i os\u00f3b prywatnych, kt\u00f3re pomagaj\u0105 zwierzakom. Zwierz\u0105t potrzebuj\u0105cych pomocy jest wi\u0119cej ni\u017c mo\u017cliwo\u015bci pomocowych.<\/p>\n<p><strong>Jak powsta\u0142a fundacja JoKot?<\/strong><\/p>\n<p>Nasza fundacja dzia\u0142a formalnie od 24 stycznia 2011 roku. Z tym, \u017ce jest to data rejestracji, tak naprawd\u0119 dzia\u0142amy d\u0142u\u017cej, tylko wcze\u015bniej funkcjonowali\u015bmy jako grupa nieformalna. Moja dzia\u0142alno\u015b\u0107 na rzecz kot\u00f3w zacz\u0119\u0142a si\u0119 tak naprawd\u0119 w 2004 roku. To by\u0142y pojedyncze zwierzaki, kt\u00f3re trafi\u0142y do lecznicy, z kt\u00f3r\u0105 by\u0142am zaznajomiona i szuka\u0142am dla nich dom\u00f3w. W wi\u0119kszej akcji wzi\u0119\u0142am udzia\u0142 rok p\u00f3\u017aniej. Pewna pani musia\u0142a sprzeda\u0107 mieszkanie, w kt\u00f3rym mieszka\u0142a z ponad trzydziestoma zwierzakami. Trzeba by\u0142o znale\u017a\u0107 dla nich wszystkich domy i wtedy tak naprawd\u0119 pozna\u0142am ca\u0142y ten \u015bwiat szukania dom\u00f3w dla kot\u00f3w bezdomnych i problem\u00f3w, kt\u00f3re s\u0105 z tym zwi\u0105zane. Mo\u017cna powiedzie\u0107, \u017ce od tego momentu moja dzia\u0142alno\u015b\u0107 si\u0119 tak na dobre zacz\u0119\u0142a.<\/p>\n<p>W ci\u0105gu dw\u00f3ch i p\u00f3\u0142 miesi\u0105ca, razem z lud\u017ami, kt\u00f3rzy mi w tym pomagali, znale\u017ali\u015bmy domy dla ponad trzydziestu zwierz\u0105t. Potem ta sama pani poprosi\u0142a mnie o pomoc w wy\u0142apywaniu kot\u00f3w wolno \u017cyj\u0105cych do sterylizacji. By\u0142y to koty mieszkaj\u0105ce w piwnicach. To ona pokaza\u0142a mi do czego s\u0142u\u017c\u0105 klatki \u0142apki i jak si\u0119 z tego korzysta. Od niej dowiedzia\u0142am si\u0119 o idei sterylizacji i wypuszczania ponownego kot\u00f3w wolno \u017cyj\u0105cych, w miejsce ich bytowania. Zacz\u0119\u0142am gromadzi\u0107 wok\u00f3\u0142 siebie ludzi, kt\u00f3rzy pomagali, cz\u0119\u015b\u0107 z nich dzia\u0142a\u0142a kr\u00f3tko, cz\u0119\u015b\u0107 d\u0142u\u017cej. Z czasem wytworzy\u0142a si\u0119 silna grupka, kt\u00f3ra dzia\u0142a\u0142a regularnie i ostatecznie w 2011 roku, w czw\u00f3rk\u0119, postanowili\u015bmy za\u0142o\u017cy\u0107 fundacj\u0119, przede wszystkim po to, \u017ceby m\u00f3c pozyskiwa\u0107 \u015brodki finansowe, startowa\u0107 w konkursach dotacyjnych, \u017ceby po prostu \u0142atwiej nam by\u0142o dzia\u0142a\u0107 od strony finansowej.<\/p>\n<p><strong>Ile kot\u00f3w obecnie jest pod opiek\u0105 fundacji?<\/strong><\/p>\n<p>\u0141\u0105czna ilo\u015b\u0107 tych zwierz\u0105t jest zmienna, ale w tym momencie mamy pod opiek\u0105 prawie trzysta kot\u00f3w. Mam na my\u015bli takie zwierzaki, kt\u00f3re s\u0105 albo u nas w przytulisku, albo w domach tymczasowych, czy te\u017c w azylu u Hani. Mamy oko\u0142o czterdziestu dom\u00f3w tymczasowych, z kt\u00f3rymi wsp\u00f3\u0142pracujemy i cz\u0119\u015b\u0107 to s\u0105 osoby, kt\u00f3re maj\u0105 jednego, dwa zwierzaki, a cz\u0119\u015b\u0107 to osoby, kt\u00f3re maj\u0105 po kilka, kilkana\u015bcie. Najwi\u0119kszym domem jest azyl u Hani, w\u0142a\u015bciwie to jest ju\u017c przytulisko, kt\u00f3re dzia\u0142a oficjalnie z nami na podstawie umowy u\u017cyczenia. Tam jest zawsze tych zwierzak\u00f3w kilkadziesi\u0105t i jest to jedyny azyl, w kt\u00f3rym jest miejsce dla kot\u00f3w bia\u0142aczkowych. Z nimi jest szczeg\u00f3lny problem, bo musz\u0105 by\u0107 izolowane od innych, tak\u017ce tam u Hani maj\u0105 dla siebie specjalne pomieszczenia. U niej s\u0105 te\u017c przede wszystkim zwierzaki hospicyjne, czyli takie, kt\u00f3re maj\u0105 bardzo ma\u0142\u0105 szans\u0119 na adopcj\u0119 ze wzgl\u0119d\u00f3w zdrowotnych. W pozosta\u0142ych domach tymczasowych s\u0105 zwierzaki adopcyjne, tak\u017ce tam jest zdecydowanie wi\u0119kszy ruch. Ca\u0142y czas szukamy nowych dom\u00f3w tymczasowych, bo chcieliby\u015bmy, \u017ceby docelowo wszystkie zwierzaki by\u0142y w domach, a nie poupychane w przytulisku.<\/p>\n<p style=\"text-align: center;\"><strong>***<\/strong><\/p>\n<p>Dzia\u0142ania fundacji Jokot mo\u017cna wesprze\u0107 pod nr konta: 60 1020 1026 0000 1402 0182 0927.<\/p>\n<p>Kontakt w sprawie adopcji kot\u00f3w: <a href=\"mailto:adopcje@jokot.pl\">adopcje@jokot.pl<\/a>, tel.: 519-689-130<\/p>\n<p>Wi\u0119cej informacji na stronie: http:\/\/www.jokot.pl\/<\/p>\n<p style=\"text-align: right;\"><strong>Lucyna D\u0105browska<\/strong><\/p>\n<p style=\"text-align: right;\">Fot.<strong><em> Sqpien<\/em><\/strong><\/p>\n","protected":false},"excerpt":{"rendered":"<p>W sobot\u0119, 17 lutego o godz. 13.00, z okazji \u015awiatowego Dnia Kota, w Bibliotece Publicznej w Dzielnicy Ursus odb\u0119dzie si\u0119 spotkanie i dyskusja z zaproszonymi go\u015b\u0107mi. O tym jak pomaga\u0107 kotom bezdomnym i wolno \u017cyj\u0105cym rozmawia\u0142am z Joann\u0105 Popko, prezesk\u0105 warszawskiej fundacji JoKot. Jaka jest r\u00f3wnica mi\u0119dzy bezdomnymi a wolno \u017cyj\u0105cymi kotami i dlaczego tak [&hellip;]<\/p>\n","protected":false},"author":2,"featured_media":2148,"comment_status":"closed","ping_status":"open","sticky":false,"template":"","format":"standard","meta":{"footnotes":""},"categories":[9,6,8],"tags":[],"class_list":["post-2147","post","type-post","status-publish","format-standard","has-post-thumbnail","hentry","category-edukacja","category-kultura","category-roznosci"],"_links":{"self":[{"href":"https:\/\/fleschmazowsza.com.pl\/index.php?rest_route=\/wp\/v2\/posts\/2147","targetHints":{"allow":["GET"]}}],"collection":[{"href":"https:\/\/fleschmazowsza.com.pl\/index.php?rest_route=\/wp\/v2\/posts"}],"about":[{"href":"https:\/\/fleschmazowsza.com.pl\/index.php?rest_route=\/wp\/v2\/types\/post"}],"author":[{"embeddable":true,"href":"https:\/\/fleschmazowsza.com.pl\/index.php?rest_route=\/wp\/v2\/users\/2"}],"replies":[{"embeddable":true,"href":"https:\/\/fleschmazowsza.com.pl\/index.php?rest_route=%2Fwp%2Fv2%2Fcomments&post=2147"}],"version-history":[{"count":1,"href":"https:\/\/fleschmazowsza.com.pl\/index.php?rest_route=\/wp\/v2\/posts\/2147\/revisions"}],"predecessor-version":[{"id":2149,"href":"https:\/\/fleschmazowsza.com.pl\/index.php?rest_route=\/wp\/v2\/posts\/2147\/revisions\/2149"}],"wp:featuredmedia":[{"embeddable":true,"href":"https:\/\/fleschmazowsza.com.pl\/index.php?rest_route=\/wp\/v2\/media\/2148"}],"wp:attachment":[{"href":"https:\/\/fleschmazowsza.com.pl\/index.php?rest_route=%2Fwp%2Fv2%2Fmedia&parent=2147"}],"wp:term":[{"taxonomy":"category","embeddable":true,"href":"https:\/\/fleschmazowsza.com.pl\/index.php?rest_route=%2Fwp%2Fv2%2Fcategories&post=2147"},{"taxonomy":"post_tag","embeddable":true,"href":"https:\/\/fleschmazowsza.com.pl\/index.php?rest_route=%2Fwp%2Fv2%2Ftags&post=2147"}],"curies":[{"name":"wp","href":"https:\/\/api.w.org\/{rel}","templated":true}]}}