{"id":2118,"date":"2017-12-22T11:57:27","date_gmt":"2017-12-22T10:57:27","guid":{"rendered":"http:\/\/fleschmazowsza.com.pl\/?p=2118"},"modified":"2017-12-22T11:57:27","modified_gmt":"2017-12-22T10:57:27","slug":"grodzisk-mazowiecki-park-pilsudskiego-czeka-na-budowe","status":"publish","type":"post","link":"https:\/\/fleschmazowsza.com.pl\/?p=2118","title":{"rendered":"GRODZISK MAZOWIECKI. Park Pi\u0142sudskiego czeka na budow\u0119"},"content":{"rendered":"<p><strong>W\u0142adze Grodziska Mazowieckiego wybra\u0142y firm\u0119, kt\u00f3ra zagospodaruje teren u zbiegu ulic Ba\u0142tyckiej i Pi\u0142sudskiego. Inwestycja ma kosztowa\u0107 ponad 2,6 mln z\u0142.<\/strong><\/p>\n<p>Na zagospodarowanie terenu u zbiegu ulic Ba\u0142tyckiej i Pi\u0142sudskiego mieszka\u0144cy Grodziska Mazowieckiego czekaj\u0105 od lat. Wszystko jednak wskazuje na to, \u017ce ju\u017c w nast\u0119pnym roku w\u0142adze miasta stworz\u0105, now\u0105, rekreacyjn\u0105 przestrze\u0144.<\/p>\n<p>Pod koniec sierpnia grodziski magistrat og\u0142osi\u0142 przetarg na \u201eZagospodarowanie terenu zieleni przy ul. Ba\u0142tyckiej\/Pi\u0142sudskiego w Grodzisku Mazowieckim\u201d. Do przetargu zg\u0142osi\u0142y si\u0119 trzy firmy. Najdro\u017csza oferta opiewa\u0142a na blisko 2,9 mln z\u0142, natomiast najkorzystniejsza \u2013 na 2,63 mln z\u0142. Mimo, \u017ce nawet najta\u0144sza oferta o kilkaset tysi\u0119cy przekracza\u0142a zak\u0142adan\u0105 przez gmin\u0119 kwot\u0119 (2,24 mln z\u0142), samorz\u0105dowcy zdecydowali si\u0119 j\u0105 zaakceptowa\u0107. Du\u017c\u0105 cz\u0119\u015b\u0107 inwestycji pokryje unijna dotacja.<\/p>\n<p>Park ma powsta\u0107 po obydwu stronach ulicy Pi\u0142sudskiego. Od p\u00f3\u0142nocy teren inwestycji graniczy z ulic\u0105 Limanowskiego i terenami u\u017cytkowanymi przez Ochotnicz\u0105 Stra\u017c Po\u017carn\u0105, od po\u0142udnia \u2013 z ulic\u0105 Ba\u0142tyck\u0105, od wschodu \u2013 z \u201eOsiedlem Ba\u0142tycka\u201d, a od zachodu \u2013 z rzek\u0105 Mrown\u0105.<\/p>\n<p>B\u0119dzie to miejsce rekreacyjne z \u0142aweczkami i o\u015bwietleniem. Centralnym punktem parku b\u0119dzie okr\u0105g\u0142y sensoryczny ogr\u00f3d \u017cwirowo \u2013 kamienisty z kulistymi rze\u017abami wytoczonymi ze ska\u0142. W s\u0105siedztwie g\u0142\u00f3wnej cz\u0119\u015bci parku powstanie mniejszy ogr\u00f3d r\u00f3\u017cany. Istniej\u0105cy plac zabaw zostanie zmodernizowany. Nie zabraknie te\u017c si\u0142owni plenerowej.<\/p>\n<p>Dodatkowo planowane prace obejm\u0105 remont o\u015bwietlenia zewn\u0119trznego polegaj\u0105cy na wymianie o\u015bwietlenia drogowego i rozbudowie o\u015bwietlenia parkowego. Zgodnie z za\u0142o\u017ceniami, inwestycja ma by\u0107 gotowa ju\u017c w trzecim kwartale 2018 r.<\/p>\n<p style=\"text-align: right;\"><strong>Kinga Rochalska<\/strong><\/p>\n","protected":false},"excerpt":{"rendered":"<p>W\u0142adze Grodziska Mazowieckiego wybra\u0142y firm\u0119, kt\u00f3ra zagospodaruje teren u zbiegu ulic Ba\u0142tyckiej i Pi\u0142sudskiego. Inwestycja ma kosztowa\u0107 ponad 2,6 mln z\u0142. Na zagospodarowanie terenu u zbiegu ulic Ba\u0142tyckiej i Pi\u0142sudskiego mieszka\u0144cy Grodziska Mazowieckiego czekaj\u0105 od lat. Wszystko jednak wskazuje na to, \u017ce ju\u017c w nast\u0119pnym roku w\u0142adze miasta stworz\u0105, now\u0105, rekreacyjn\u0105 przestrze\u0144. Pod koniec sierpnia [&hellip;]<\/p>\n","protected":false},"author":2,"featured_media":2119,"comment_status":"closed","ping_status":"open","sticky":false,"template":"","format":"standard","meta":{"footnotes":""},"categories":[5],"tags":[],"class_list":["post-2118","post","type-post","status-publish","format-standard","has-post-thumbnail","hentry","category-wiadomosci"],"_links":{"self":[{"href":"https:\/\/fleschmazowsza.com.pl\/index.php?rest_route=\/wp\/v2\/posts\/2118","targetHints":{"allow":["GET"]}}],"collection":[{"href":"https:\/\/fleschmazowsza.com.pl\/index.php?rest_route=\/wp\/v2\/posts"}],"about":[{"href":"https:\/\/fleschmazowsza.com.pl\/index.php?rest_route=\/wp\/v2\/types\/post"}],"author":[{"embeddable":true,"href":"https:\/\/fleschmazowsza.com.pl\/index.php?rest_route=\/wp\/v2\/users\/2"}],"replies":[{"embeddable":true,"href":"https:\/\/fleschmazowsza.com.pl\/index.php?rest_route=%2Fwp%2Fv2%2Fcomments&post=2118"}],"version-history":[{"count":1,"href":"https:\/\/fleschmazowsza.com.pl\/index.php?rest_route=\/wp\/v2\/posts\/2118\/revisions"}],"predecessor-version":[{"id":2120,"href":"https:\/\/fleschmazowsza.com.pl\/index.php?rest_route=\/wp\/v2\/posts\/2118\/revisions\/2120"}],"wp:featuredmedia":[{"embeddable":true,"href":"https:\/\/fleschmazowsza.com.pl\/index.php?rest_route=\/wp\/v2\/media\/2119"}],"wp:attachment":[{"href":"https:\/\/fleschmazowsza.com.pl\/index.php?rest_route=%2Fwp%2Fv2%2Fmedia&parent=2118"}],"wp:term":[{"taxonomy":"category","embeddable":true,"href":"https:\/\/fleschmazowsza.com.pl\/index.php?rest_route=%2Fwp%2Fv2%2Fcategories&post=2118"},{"taxonomy":"post_tag","embeddable":true,"href":"https:\/\/fleschmazowsza.com.pl\/index.php?rest_route=%2Fwp%2Fv2%2Ftags&post=2118"}],"curies":[{"name":"wp","href":"https:\/\/api.w.org\/{rel}","templated":true}]}}