{"id":2115,"date":"2017-12-22T11:55:23","date_gmt":"2017-12-22T10:55:23","guid":{"rendered":"http:\/\/fleschmazowsza.com.pl\/?p=2115"},"modified":"2017-12-22T11:55:23","modified_gmt":"2017-12-22T10:55:23","slug":"u-nas-trwa-remont-w-przychodni-na-drzymaly","status":"publish","type":"post","link":"https:\/\/fleschmazowsza.com.pl\/?p=2115","title":{"rendered":"U NAS. Trwa remont w przychodni na Drzyma\u0142y"},"content":{"rendered":"<p><strong><em>W Przychodni Rejonowej przy ul. Drzyma\u0142y trwaj\u0105 intensywne prace modernizacyjne pomieszcze\u0144 Dzia\u0142u Rehabilitacji i Fizykoterapii oraz sal przeznaczonych na Poradni\u0119 Zdrowia Psychicznego, Poradni\u0119 Leczenia Uzale\u017cnie\u0144 i siedzib\u0119 Komisji Orzekaj\u0105cej o Niepe\u0142nosprawno\u015bci. Wszystkie prace maj\u0105 zosta\u0107 zako\u0144czone jeszcze w tym roku.<\/em><\/strong><\/p>\n<p>Dotacja na inwestycj\u0119 w wysoko\u015bci 268.697,00 z\u0142 pochodzi ze \u015brodk\u00f3w Powiatu Pruszkowskiego. W jej ramach plac\u00f3wka remontuje m.in. pomieszczenia na III pi\u0119trze z przeznaczeniem na Poradni\u0119 Zdrowia Psychicznego i Poradni\u0119 Leczenia Uzale\u017cnie\u0144.<\/p>\n<p>Przebudowa i modernizacja Przychodni dotyczy tak\u017ce sal, w kt\u00f3rych dotychczas prowadzona by\u0142a rehabilitacja, dlatego od 11 do 21 grudnia wykonywanie zabieg\u00f3w zosta\u0142o wstrzymane i powr\u00f3ci do regularnej pracy od 22 grudnia.<\/p>\n<p>Jak zapewnia Wicestarosta Krzysztof Rymuza, nie ma zagro\u017cenia dla prowadzenia zabieg\u00f3w rehabilitacyjnych w Przychodni w przysz\u0142ym roku:<\/p>\n<p>&#8211; Wbrew informacjom jakie rozprzestrzeniane s\u0105 g\u0142\u00f3wnie w przestrzeni Internetu, plac\u00f3wka nadal i nieprzerwanie b\u0119dzie realizowa\u0142a \u015bwiadczenia rehabilitacyjne. Prawd\u0105 jest, \u017ce NFZ nie przyzna\u0142 przychodni kontraktu, ale b\u0119dziemy realizowali nasze zobowi\u0105zania w stosunku do pacjent\u00f3w. Lista zapisanych os\u00f3b obejmuje dzia\u0142alno\u015b\u0107 przychodzi do ko\u0144ca czerwca 2018 i wszystkie te \u015bwiadczenia b\u0119d\u0105 wykonane. Wiemy jak wa\u017cne s\u0105 dla pacjent\u00f3w i nie wyobra\u017camy sobie, aby rehabilitacja mia\u0142a przesta\u0107 dzia\u0142a\u0107, dlatego b\u0119dziemy j\u0105 finansowali we w\u0142asnym zakresie. Nie ma powod\u00f3w do niepokoju \u2013 m\u00f3wi starosta.<\/p>\n<p>Przypominamy, \u017ce umowa na przekazanie dotacji Przychodni zosta\u0142a podpisana pomi\u0119dzy Powiatem Pruszkowskim a SPZ ZOZ w Pruszkowie 3 listopada 2017 roku. Zakres prac okre\u015blony w umowie ma zosta\u0107 zrealizowany do ko\u0144ca grudnia.<\/p>\n<p style=\"text-align: right;\"><strong>(a)<\/strong><\/p>\n<p style=\"text-align: right;\">Fot. <strong><em>powiat pruszkowski<\/em><\/strong><\/p>\n","protected":false},"excerpt":{"rendered":"<p>W Przychodni Rejonowej przy ul. Drzyma\u0142y trwaj\u0105 intensywne prace modernizacyjne pomieszcze\u0144 Dzia\u0142u Rehabilitacji i Fizykoterapii oraz sal przeznaczonych na Poradni\u0119 Zdrowia Psychicznego, Poradni\u0119 Leczenia Uzale\u017cnie\u0144 i siedzib\u0119 Komisji Orzekaj\u0105cej o Niepe\u0142nosprawno\u015bci. Wszystkie prace maj\u0105 zosta\u0107 zako\u0144czone jeszcze w tym roku. Dotacja na inwestycj\u0119 w wysoko\u015bci 268.697,00 z\u0142 pochodzi ze \u015brodk\u00f3w Powiatu Pruszkowskiego. W jej ramach [&hellip;]<\/p>\n","protected":false},"author":2,"featured_media":2116,"comment_status":"closed","ping_status":"open","sticky":false,"template":"","format":"standard","meta":{"footnotes":""},"categories":[5],"tags":[],"class_list":["post-2115","post","type-post","status-publish","format-standard","has-post-thumbnail","hentry","category-wiadomosci"],"_links":{"self":[{"href":"https:\/\/fleschmazowsza.com.pl\/index.php?rest_route=\/wp\/v2\/posts\/2115","targetHints":{"allow":["GET"]}}],"collection":[{"href":"https:\/\/fleschmazowsza.com.pl\/index.php?rest_route=\/wp\/v2\/posts"}],"about":[{"href":"https:\/\/fleschmazowsza.com.pl\/index.php?rest_route=\/wp\/v2\/types\/post"}],"author":[{"embeddable":true,"href":"https:\/\/fleschmazowsza.com.pl\/index.php?rest_route=\/wp\/v2\/users\/2"}],"replies":[{"embeddable":true,"href":"https:\/\/fleschmazowsza.com.pl\/index.php?rest_route=%2Fwp%2Fv2%2Fcomments&post=2115"}],"version-history":[{"count":1,"href":"https:\/\/fleschmazowsza.com.pl\/index.php?rest_route=\/wp\/v2\/posts\/2115\/revisions"}],"predecessor-version":[{"id":2117,"href":"https:\/\/fleschmazowsza.com.pl\/index.php?rest_route=\/wp\/v2\/posts\/2115\/revisions\/2117"}],"wp:featuredmedia":[{"embeddable":true,"href":"https:\/\/fleschmazowsza.com.pl\/index.php?rest_route=\/wp\/v2\/media\/2116"}],"wp:attachment":[{"href":"https:\/\/fleschmazowsza.com.pl\/index.php?rest_route=%2Fwp%2Fv2%2Fmedia&parent=2115"}],"wp:term":[{"taxonomy":"category","embeddable":true,"href":"https:\/\/fleschmazowsza.com.pl\/index.php?rest_route=%2Fwp%2Fv2%2Fcategories&post=2115"},{"taxonomy":"post_tag","embeddable":true,"href":"https:\/\/fleschmazowsza.com.pl\/index.php?rest_route=%2Fwp%2Fv2%2Ftags&post=2115"}],"curies":[{"name":"wp","href":"https:\/\/api.w.org\/{rel}","templated":true}]}}