{"id":2109,"date":"2017-12-22T11:48:30","date_gmt":"2017-12-22T10:48:30","guid":{"rendered":"http:\/\/fleschmazowsza.com.pl\/?p=2109"},"modified":"2017-12-22T11:48:30","modified_gmt":"2017-12-22T10:48:30","slug":"u-nas-ogolnopolski-konkurs-plastyczny-sloneczna-zakladka","status":"publish","type":"post","link":"https:\/\/fleschmazowsza.com.pl\/?p=2109","title":{"rendered":"U NAS. Og\u00f3lnopolski Konkurs Plastyczny \u201eS\u0142oneczna Zak\u0142adka\u201d"},"content":{"rendered":"<p><strong>Z pocz\u0105tkiem nowego roku Biblioteka Publiczna im. W. J. Grabskiego w Dzielnicy Ursus\u00a0 m. st. Warszawy zaprasza do udzia\u0142u w Og\u00f3lnopolskim Konkursie Plastycznym \u201eS\u0142oneczna Zak\u0142adka\u201d.<\/strong><\/p>\n<p>Z okazji 70-lecia Biblioteki Publicznej w Ursusie tematem tegorocznej edycji konkursu jest \u201eBiblioteka marze\u0144\u201d. Tym razem \u201eS\u0142oneczna Zak\u0142adka\u201d adresowana jest do wszystkich mi\u0142o\u015bnik\u00f3w ksi\u0105\u017cek, bez ogranicze\u0144 wiekowych. Og\u0142oszenie wynik\u00f3w nast\u0105pi w kwietniu, a wr\u0119czenie nagr\u00f3d odb\u0119dzie si\u0119 w maju, podczas gali dla najlepszego czytelnika, po\u0142\u0105czonej r\u00f3wnie\u017c z Dniem Bibliotekarza.<\/p>\n<p>Prace mog\u0105 by\u0107 wykonane w dowolnej technice i mo\u017cna je nadsy\u0142a\u0107 przez ca\u0142y stycze\u0144.<\/p>\n<p>W regulaminie tegorocznego konkursu \u201eS\u0142oneczna Zak\u0142adka\u201d zasz\u0142y znacz\u0105ce zmiany.<\/p>\n<p>W ubieg\u0142ym roku, nadesz\u0142a bardzo du\u017ca ilo\u015b\u0107 prac, ponad 1400, dlatego te\u017c sklasyfikowano je w 13 grupach wiekowych. Zg\u0142oszone prace by\u0142y oceniane w kategorii narodowej i generalnej oraz Specjalnych O\u015brodk\u00f3w Szkolno \u2013 Wychowawczych.<\/p>\n<p>W tym roku, ze wzgl\u0119d\u00f3w organizacyjnych konkurs b\u0119dzie mia\u0142 charakter og\u00f3lnopolski, za to po raz pierwszy w historii tego konkursu, nie b\u0119dzie \u017cadnych ogranicze\u0144 wiekowych. W ubieg\u0142ym roku udzia\u0142 w \u201eS\u0142onecznej Zak\u0142adce\u201d mog\u0142y wzi\u0105\u0107 jedynie osoby od 5 do 24 roku \u017cycia, a pierwotnie konkurs adresowany by\u0142 jedynie do dzieci i m\u0142odzie\u017cy szkolnej. Tym razem do udzia\u0142u w konkursie zaproszeni s\u0105 te\u017c doro\u015bli, w tym seniorzy, kt\u00f3rzy w Ursusie stanowi\u0105 bardzo pr\u0119\u017cnie dzia\u0142aj\u0105c\u0105 spo\u0142eczno\u015b\u0107 lokaln\u0105.<\/p>\n<p style=\"text-align: center;\"><strong>70-lecie Biblioteki Publicznej w Dzielnicy Ursus m. st. Warszawy<\/strong><\/p>\n<p>Biblioteka istnieje od 1947 r., czyli 30 lat przed przy\u0142\u0105czeniem Ursusa do Warszawy. Realizuje cele takie jak zaspokajanie potrzeb o\u015bwiatowych, kulturalnych i informacyjnych spo\u0142ecze\u0144stwa poprzez udost\u0119pnianie zbior\u00f3w drukowanych i multimedialnych oraz organizowanie zaj\u0119\u0107 edukacyjno-kulturalnych.<\/p>\n<p>W bibliotece prowadzone s\u0105 a\u017c cztery Dyskusyjne Kluby Ksi\u0105\u017cki, lekcje biblioteczne, kursy komputerowe dla senior\u00f3w, Klub Ma\u0142ego Czytelnika, Punkt Cyfrowego Wsparcia Seniora, wolontariat dla m\u0142odzie\u017cy oraz tzw. \u201eksi\u0105\u017cka na telefon\u201d, polegaj\u0105ca na dostarczaniu ksi\u0105\u017cek i DVD do dom\u00f3w os\u00f3b starszych i niepe\u0142nosprawnych.<\/p>\n<p>15 lat min\u0119\u0142o od nadania Bibliotece Publicznej w Dzielnicy Ursus imienia W\u0142adys\u0142awa Jana Grabskiego, pisarza i publicysty osadzonego w nurcie katolickim.<\/p>\n<p>Przez wszystkie lata swojej dzia\u0142alno\u015bci Biblioteka otrzyma\u0142a wiele wyr\u00f3\u017cnie\u0144, m. in. nagrod\u0119 im. Kierbedzi\u00f3w, w kategorii \u201ePraca z m\u0142odym czytelnikiem\u201d, przyznawan\u0105 przez kolegium Biblioteki Publicznej m. st. Warszawy na Koszykowej.<\/p>\n<p style=\"text-align: center;\"><strong>Zmiany nowej dyrekcji<\/strong><\/p>\n<p>Od czasu pojawienia si\u0119 w Bibliotece nowej dyrekcji we wszystkich plac\u00f3wkach nast\u0105pi\u0142o sporo zmian. Jedn\u0105 z nich jest og\u0142oszenie amnestii dla czytelnik\u00f3w w okresie 6-21 grudnia. W tych dniach mo\u017cna zwraca\u0107 przetrzymane ksi\u0105\u017cki bez p\u0142acenia naliczonych zobowi\u0105za\u0144.<\/p>\n<p>Od listopada tego roku we wszystkich Plac\u00f3wkach Biblioteki dost\u0119pna jest ju\u017c prasa dla wszystkich czytelnik\u00f3w. Na miejscu mo\u017cna przegl\u0105da\u0107 najbardziej poczytne dzienniki i tygodniki, pras\u0119 dla dzieci, a tak\u017ce pisma rozwijaj\u0105ce zainteresowania i hobby.<\/p>\n<p>Nieco odmieniony zosta\u0142 te\u017c wygl\u0105d Czytelni Naukowej nr XIX, gdzie pomalowane zosta\u0142y \u015bciany i nast\u0105pi\u0142o przemeblowanie, o wiele bardziej funkcjonalne zar\u00f3wno dla pracownik\u00f3w jak i czytelnik\u00f3w biblioteki.<\/p>\n<p>Wzros\u0142a te\u017c ilo\u015b\u0107 zaj\u0119\u0107 prowadzonych do tej pory kurs\u00f3w komputerowych dla senior\u00f3w.<\/p>\n<p>Odbywa si\u0119 mn\u00f3stwo wydarze\u0144 kulturalnych i edukacyjnych. Jednym z nich by\u0142a wystawa prac plastycznych Joanny Janus, na kt\u00f3rej odczyta\u0142a ona r\u00f3wnie\u017c fragmenty swojej tw\u00f3rczo\u015bci poetyckiej, adresowanej do najm\u0142odszych. Pani Joanna prowadzi warsztaty plastyczne dla dzieci w Bibliotece Skorosze. Kolejny cykl rusza 6 lutego, ale zapisy ju\u017c si\u0119 zacz\u0119\u0142y. Zaj\u0119cia przewidziane s\u0105 dla dzieci w wieku 10-14 lat i b\u0119d\u0105 si\u0119 odbywa\u0107 w ka\u017cdy wtorek.<\/p>\n<p>Na uwag\u0119 zas\u0142uguje r\u00f3wnie\u017c fakt otwarcia w soboty wszystkich plac\u00f3wek Biblioteki Publicznej w Ursusie, \u0142\u0105cznie z Bibliotek\u0105 Nied\u017awiadek oraz Czytelni\u0105 Naukow\u0105 nr XIX, gdzie ostatnio wykonywane by\u0142y ozdoby \u015bwi\u0105teczne w ramach inicjatywy lokalnej, kt\u00f3rej dzia\u0142ania s\u0105 wsp\u00f3\u0142finansowane ze \u015brodk\u00f3w m. st. Warszawy. Do tej pory otwarte w soboty by\u0142y tylko trzy plac\u00f3wki.<\/p>\n<p>Zrealizowany zosta\u0142 r\u00f3wnie\u017c projekt z bud\u017cetu Partycypacyjnego \u201eMiejskie Rega\u0142y Ksi\u0105\u017ckowe\u201d, polegaj\u0105cy na dzieleniu si\u0119 ksi\u0105\u017ck\u0105, w Acher\u00f3wce, przy ul. Walerego S\u0142awka 2, oraz na p\u0142ywalni SKALAR OSiR, ul. Gen. K. Sosnkowskiego 3. Te ledwie kilka przyk\u0142ad\u00f3w wybranych spo\u015br\u00f3d wielu przedsi\u0119wzi\u0119\u0107 wyra\u017anie pokazuj\u0105, \u017ce Biblioteka Publiczna w Dzielnicy Ursus rozwija si\u0119 w szybkim tempie.<\/p>\n<p style=\"text-align: right;\"><strong>Lucyna D\u0105browska<\/strong><\/p>\n<p style=\"text-align: right;\">Fot. <em><strong>Kamil D\u0105browski<\/strong><\/em><\/p>\n","protected":false},"excerpt":{"rendered":"<p>Z pocz\u0105tkiem nowego roku Biblioteka Publiczna im. W. J. Grabskiego w Dzielnicy Ursus\u00a0 m. st. Warszawy zaprasza do udzia\u0142u w Og\u00f3lnopolskim Konkursie Plastycznym \u201eS\u0142oneczna Zak\u0142adka\u201d. Z okazji 70-lecia Biblioteki Publicznej w Ursusie tematem tegorocznej edycji konkursu jest \u201eBiblioteka marze\u0144\u201d. Tym razem \u201eS\u0142oneczna Zak\u0142adka\u201d adresowana jest do wszystkich mi\u0142o\u015bnik\u00f3w ksi\u0105\u017cek, bez ogranicze\u0144 wiekowych. Og\u0142oszenie wynik\u00f3w nast\u0105pi [&hellip;]<\/p>\n","protected":false},"author":2,"featured_media":2110,"comment_status":"closed","ping_status":"open","sticky":false,"template":"","format":"standard","meta":{"footnotes":""},"categories":[6,5],"tags":[],"class_list":["post-2109","post","type-post","status-publish","format-standard","has-post-thumbnail","hentry","category-kultura","category-wiadomosci"],"_links":{"self":[{"href":"https:\/\/fleschmazowsza.com.pl\/index.php?rest_route=\/wp\/v2\/posts\/2109","targetHints":{"allow":["GET"]}}],"collection":[{"href":"https:\/\/fleschmazowsza.com.pl\/index.php?rest_route=\/wp\/v2\/posts"}],"about":[{"href":"https:\/\/fleschmazowsza.com.pl\/index.php?rest_route=\/wp\/v2\/types\/post"}],"author":[{"embeddable":true,"href":"https:\/\/fleschmazowsza.com.pl\/index.php?rest_route=\/wp\/v2\/users\/2"}],"replies":[{"embeddable":true,"href":"https:\/\/fleschmazowsza.com.pl\/index.php?rest_route=%2Fwp%2Fv2%2Fcomments&post=2109"}],"version-history":[{"count":1,"href":"https:\/\/fleschmazowsza.com.pl\/index.php?rest_route=\/wp\/v2\/posts\/2109\/revisions"}],"predecessor-version":[{"id":2111,"href":"https:\/\/fleschmazowsza.com.pl\/index.php?rest_route=\/wp\/v2\/posts\/2109\/revisions\/2111"}],"wp:featuredmedia":[{"embeddable":true,"href":"https:\/\/fleschmazowsza.com.pl\/index.php?rest_route=\/wp\/v2\/media\/2110"}],"wp:attachment":[{"href":"https:\/\/fleschmazowsza.com.pl\/index.php?rest_route=%2Fwp%2Fv2%2Fmedia&parent=2109"}],"wp:term":[{"taxonomy":"category","embeddable":true,"href":"https:\/\/fleschmazowsza.com.pl\/index.php?rest_route=%2Fwp%2Fv2%2Fcategories&post=2109"},{"taxonomy":"post_tag","embeddable":true,"href":"https:\/\/fleschmazowsza.com.pl\/index.php?rest_route=%2Fwp%2Fv2%2Ftags&post=2109"}],"curies":[{"name":"wp","href":"https:\/\/api.w.org\/{rel}","templated":true}]}}