{"id":2106,"date":"2017-12-22T11:44:04","date_gmt":"2017-12-22T10:44:04","guid":{"rendered":"http:\/\/fleschmazowsza.com.pl\/?p=2106"},"modified":"2017-12-22T11:44:04","modified_gmt":"2017-12-22T10:44:04","slug":"mikolajkowy-kamien-wegielny","status":"publish","type":"post","link":"https:\/\/fleschmazowsza.com.pl\/?p=2106","title":{"rendered":"Miko\u0142ajkowy kamie\u0144 w\u0119gielny"},"content":{"rendered":"<p><strong>W \u015brod\u0119, 6 grudnia 2017 roku, wmurowano kamie\u0144 w\u0119gielny pod budow\u0119 przedszkola, kt\u00f3re powstanie obok Szko\u0142y Podstawowej przy ul. Piaseckiego w Otr\u0119busach. Budowa ma zako\u0144czy\u0107 si\u0119 w drugiej po\u0142owie 2018 roku.<\/strong><\/p>\n<p>Budowa przedszkola przy ul. Piaseckiego w Otr\u0119busach to jedna z najwa\u017cniejszych inwestycji gminy Brwin\u00f3w w ostatnich latach.<\/p>\n<p>Przedszkole w Otr\u0119busach ma obecnie swoj\u0105 siedzib\u0119 w niewielkim budynku przy ul. Wiejskiej. Ucz\u0119szcza do niego oko\u0142o 40 dzieci. Na rozbudow\u0119 tego obiektu, s\u0105siaduj\u0105cego z zabytkow\u0105 Toeplitz\u00f3wk\u0105, swego czasu nie wyrazi\u0142 zgody konserwator zabytk\u00f3w.<\/p>\n<p>Teraz w\u0142adze Brwinowa zdecydowa\u0142y si\u0119 na budow\u0119 nowego obiektu przy ul. Piaseckiego. Powierzchnia zabudowy nowego przedszkola, zgodnie z za\u0142o\u017ceniami, wynosi\u0107 b\u0119dzie 1 743,82 m kw.<\/p>\n<p>W projekcie parterowego budynku znalaz\u0142y si\u0119 m.in. cztery sale zaj\u0119ciowe wyposa\u017cone w oddzielne \u0142azienki oraz magazynki podr\u0119czne, sala rytmiczno-ruchowa, cz\u0119\u015b\u0107 biurowa z pokojem nauczycielskim, pokojem medycznym, sekretariatem i gabinetem dyrektora, archiwa, serwerownia, sanitariaty, cz\u0119\u015b\u0107 techniczna z kot\u0142owni\u0105 i pomieszczeniami gospodarczymi. Przedszkole b\u0119dzie posiada\u0107 tak\u017ce w\u0142asn\u0105 kuchni\u0119 wraz z ca\u0142ym zapleczem: zmywalni\u0105, obieralni\u0105, magazynami i innymi pomieszczeniami. Powstan\u0105 r\u00f3wnie\u017c dwa place zabaw \u2013 jeden na wewn\u0119trznym dziedzi\u0144cu, a drugi na ty\u0142ach budynku.<\/p>\n<p>Warto\u015b\u0107 inwestycji, za kt\u00f3rej budow\u0119 odpowiada radomska firma ROSA-BUD S.A., wynosi ponad 6,2 mln z\u0142. Prace budowlane trwaj\u0105 od kilku miesi\u0119cy. W \u015brod\u0119, 6 grudnia br., zdecydowano si\u0119 na wmurowanie kamienia w\u0119gielnego i podpisanie aktu erekcyjnego. Podczas uroczysto\u015bci na placu budowy burmistrz Brwinowa Arkadiusz Kosi\u0144ski podkre\u015bli\u0142, jak bardzo wa\u017cne dla gminy Brwin\u00f3w jest nowe przedszkole w Otr\u0119busach. Budowa obiektu ma zako\u0144czy\u0107 si\u0119 w drugiej po\u0142owie 2018 roku.<\/p>\n<p style=\"text-align: right;\"><strong>Kinga Rochalska<\/strong><\/p>\n","protected":false},"excerpt":{"rendered":"<p>W \u015brod\u0119, 6 grudnia 2017 roku, wmurowano kamie\u0144 w\u0119gielny pod budow\u0119 przedszkola, kt\u00f3re powstanie obok Szko\u0142y Podstawowej przy ul. Piaseckiego w Otr\u0119busach. Budowa ma zako\u0144czy\u0107 si\u0119 w drugiej po\u0142owie 2018 roku. Budowa przedszkola przy ul. Piaseckiego w Otr\u0119busach to jedna z najwa\u017cniejszych inwestycji gminy Brwin\u00f3w w ostatnich latach. Przedszkole w Otr\u0119busach ma obecnie swoj\u0105 siedzib\u0119 [&hellip;]<\/p>\n","protected":false},"author":2,"featured_media":2107,"comment_status":"closed","ping_status":"open","sticky":false,"template":"","format":"standard","meta":{"footnotes":""},"categories":[5],"tags":[],"class_list":["post-2106","post","type-post","status-publish","format-standard","has-post-thumbnail","hentry","category-wiadomosci"],"_links":{"self":[{"href":"https:\/\/fleschmazowsza.com.pl\/index.php?rest_route=\/wp\/v2\/posts\/2106","targetHints":{"allow":["GET"]}}],"collection":[{"href":"https:\/\/fleschmazowsza.com.pl\/index.php?rest_route=\/wp\/v2\/posts"}],"about":[{"href":"https:\/\/fleschmazowsza.com.pl\/index.php?rest_route=\/wp\/v2\/types\/post"}],"author":[{"embeddable":true,"href":"https:\/\/fleschmazowsza.com.pl\/index.php?rest_route=\/wp\/v2\/users\/2"}],"replies":[{"embeddable":true,"href":"https:\/\/fleschmazowsza.com.pl\/index.php?rest_route=%2Fwp%2Fv2%2Fcomments&post=2106"}],"version-history":[{"count":1,"href":"https:\/\/fleschmazowsza.com.pl\/index.php?rest_route=\/wp\/v2\/posts\/2106\/revisions"}],"predecessor-version":[{"id":2108,"href":"https:\/\/fleschmazowsza.com.pl\/index.php?rest_route=\/wp\/v2\/posts\/2106\/revisions\/2108"}],"wp:featuredmedia":[{"embeddable":true,"href":"https:\/\/fleschmazowsza.com.pl\/index.php?rest_route=\/wp\/v2\/media\/2107"}],"wp:attachment":[{"href":"https:\/\/fleschmazowsza.com.pl\/index.php?rest_route=%2Fwp%2Fv2%2Fmedia&parent=2106"}],"wp:term":[{"taxonomy":"category","embeddable":true,"href":"https:\/\/fleschmazowsza.com.pl\/index.php?rest_route=%2Fwp%2Fv2%2Fcategories&post=2106"},{"taxonomy":"post_tag","embeddable":true,"href":"https:\/\/fleschmazowsza.com.pl\/index.php?rest_route=%2Fwp%2Fv2%2Ftags&post=2106"}],"curies":[{"name":"wp","href":"https:\/\/api.w.org\/{rel}","templated":true}]}}