{"id":2103,"date":"2017-12-22T11:40:19","date_gmt":"2017-12-22T10:40:19","guid":{"rendered":"http:\/\/fleschmazowsza.com.pl\/?p=2103"},"modified":"2017-12-22T11:40:19","modified_gmt":"2017-12-22T10:40:19","slug":"komorow-aleja-marii-dabrowskiej-pokonkursowa-wystawa-prac","status":"publish","type":"post","link":"https:\/\/fleschmazowsza.com.pl\/?p=2103","title":{"rendered":"KOMOR\u00d3W. Aleja Marii D\u0105browskiej \u2013 pokonkursowa wystawa prac"},"content":{"rendered":"<p><strong>W czwartek 14 grudnia o godzinie 17:30 w siedzibie Zespo\u0142u Szk\u00f3\u0142 Og\u00f3lnokszta\u0142c\u0105cych w Komorowie nast\u0105pi\u0142o uroczyste otwarcie wystawy prac nagrodzonych w konkursie Stowarzyszenia Architekt\u00f3w Polskich. Celem konkursu by\u0142o stworzenie koncepcji zagospodarowania Alei Marii D\u0105browskiej w Komorowie. Pokonkursowa wystawa prac b\u0119dzie eksponowana przy g\u0142\u00f3wnym wej\u015bciu do Szko\u0142y Podstawowej przez tydzie\u0144.<\/strong><\/p>\n<p>Przypominamy, \u017ce zwyci\u0119zc\u0105 konkursu jest kielecka pracownia Jakub Heciak Architekci. Nagrodzona praca spe\u0142nia\u0142a kluczowe za\u0142o\u017cenie Organizatora konkursu, jakim by\u0142o uwzgl\u0119dnienie potrzeb mieszka\u0144c\u00f3w Komorowa, konsultowanych jeszcze przed posiedzeniami S\u0105du Konkursowego. Na wystawie b\u0119dzie mo\u017cna tak\u017ce obejrze\u0107 projekt pracowni Ostrowscy Architekci Biuro Projektowe z Katowic, kt\u00f3ry otrzyma\u0142 nagrod\u0119 II stopnia.<\/p>\n<p>Inicjatorem konkursu na zagospodarowanie Alei Marii D\u0105browskiej by\u0142 Powiat Pruszkowski, a nagrody przekaza\u0142 Urz\u0105d Gminy Micha\u0142owice. Przed posiedzeniami S\u0105du Konkursowego z\u0142o\u017conego z s\u0119dzi\u00f3w Stowarzyszenia Architekt\u00f3w Polskich zosta\u0142y przeprowadzone konsultacje z mieszka\u0144cami i spo\u0142ecznikami Komorowa. Razem z architektami spotykali si\u0119 oni kilkukrotnie w siedzibie Starostwa, wsp\u00f3lne pracuj\u0105c nad koncepcj\u0105 dzia\u0142a\u0144 wobec pomnika przyrody jakim jest Aleja. Autor zwyci\u0119skiego projektu zachowa\u0142 w nim pierwotny charakter tego miejsca, a jego praca b\u0119dzie teraz wytycza\u0142a kierunek inwestycji.<\/p>\n<p>Starosta Pruszkowski Maksym Go\u0142o\u015b po zako\u0144czeniu konkursu podkre\u015bla\u0142, \u017ce przysz\u0142y kszta\u0142t Alei Marii D\u0105browskiej w Komorowie to praca szerokiego grona os\u00f3b:<\/p>\n<p>&#8211; Serdecznie dzi\u0119kuj\u0119 mieszka\u0144com Komorowa, kt\u00f3rzy brali udzia\u0142 w szeregu konsultacji spo\u0142ecznych, przedstawicielom organizacji pozarz\u0105dowych, architektom i pracownikom Urz\u0119du Gminy Micha\u0142owice i Starostwa. To wa\u017cne, aby tematy wa\u017cne dla mieszka\u0144c\u00f3w by\u0142y opracowywane wsp\u00f3lnie. Teraz przed nami pozostaje realizacja projektu. Oby jak najszybciej \u2013 doda\u0142 starosta.<\/p>\n<p>Wystaw\u0119 b\u0119dzie mo\u017cna ogl\u0105da\u0107 codziennie w dni robocze do 21 grudnia w godzinach 8:00-18:00.<\/p>\n<p style=\"text-align: right;\"><strong>Krzysztof Bukowski,<\/strong><\/p>\n<p style=\"text-align: right;\"><em>Zast\u0119pca Naczelnika Biura Zarz\u0105du<\/em><\/p>\n","protected":false},"excerpt":{"rendered":"<p>W czwartek 14 grudnia o godzinie 17:30 w siedzibie Zespo\u0142u Szk\u00f3\u0142 Og\u00f3lnokszta\u0142c\u0105cych w Komorowie nast\u0105pi\u0142o uroczyste otwarcie wystawy prac nagrodzonych w konkursie Stowarzyszenia Architekt\u00f3w Polskich. Celem konkursu by\u0142o stworzenie koncepcji zagospodarowania Alei Marii D\u0105browskiej w Komorowie. Pokonkursowa wystawa prac b\u0119dzie eksponowana przy g\u0142\u00f3wnym wej\u015bciu do Szko\u0142y Podstawowej przez tydzie\u0144. Przypominamy, \u017ce zwyci\u0119zc\u0105 konkursu jest kielecka [&hellip;]<\/p>\n","protected":false},"author":2,"featured_media":2104,"comment_status":"closed","ping_status":"open","sticky":false,"template":"","format":"standard","meta":{"footnotes":""},"categories":[5],"tags":[],"class_list":["post-2103","post","type-post","status-publish","format-standard","has-post-thumbnail","hentry","category-wiadomosci"],"_links":{"self":[{"href":"https:\/\/fleschmazowsza.com.pl\/index.php?rest_route=\/wp\/v2\/posts\/2103","targetHints":{"allow":["GET"]}}],"collection":[{"href":"https:\/\/fleschmazowsza.com.pl\/index.php?rest_route=\/wp\/v2\/posts"}],"about":[{"href":"https:\/\/fleschmazowsza.com.pl\/index.php?rest_route=\/wp\/v2\/types\/post"}],"author":[{"embeddable":true,"href":"https:\/\/fleschmazowsza.com.pl\/index.php?rest_route=\/wp\/v2\/users\/2"}],"replies":[{"embeddable":true,"href":"https:\/\/fleschmazowsza.com.pl\/index.php?rest_route=%2Fwp%2Fv2%2Fcomments&post=2103"}],"version-history":[{"count":1,"href":"https:\/\/fleschmazowsza.com.pl\/index.php?rest_route=\/wp\/v2\/posts\/2103\/revisions"}],"predecessor-version":[{"id":2105,"href":"https:\/\/fleschmazowsza.com.pl\/index.php?rest_route=\/wp\/v2\/posts\/2103\/revisions\/2105"}],"wp:featuredmedia":[{"embeddable":true,"href":"https:\/\/fleschmazowsza.com.pl\/index.php?rest_route=\/wp\/v2\/media\/2104"}],"wp:attachment":[{"href":"https:\/\/fleschmazowsza.com.pl\/index.php?rest_route=%2Fwp%2Fv2%2Fmedia&parent=2103"}],"wp:term":[{"taxonomy":"category","embeddable":true,"href":"https:\/\/fleschmazowsza.com.pl\/index.php?rest_route=%2Fwp%2Fv2%2Fcategories&post=2103"},{"taxonomy":"post_tag","embeddable":true,"href":"https:\/\/fleschmazowsza.com.pl\/index.php?rest_route=%2Fwp%2Fv2%2Ftags&post=2103"}],"curies":[{"name":"wp","href":"https:\/\/api.w.org\/{rel}","templated":true}]}}