{"id":2097,"date":"2017-12-19T15:35:38","date_gmt":"2017-12-19T14:35:38","guid":{"rendered":"http:\/\/fleschmazowsza.com.pl\/?p=2097"},"modified":"2017-12-19T15:35:38","modified_gmt":"2017-12-19T14:35:38","slug":"koledy-i-pastoralki-dla-dzieci","status":"publish","type":"post","link":"https:\/\/fleschmazowsza.com.pl\/?p=2097","title":{"rendered":"Kol\u0119dy i pastora\u0142ki dla dzieci"},"content":{"rendered":"<p><strong>W niedziel\u0119 17 grudnia o godz. 12.30 w Sali Kinowej grodziskiego Centrum Kultury odby\u0142 si\u0119 ostatni ju\u017c w tym roku koncert rodzinny w ramach \u201eMuzycznego Po\u0142udnika\u201d, jak zwykle adresowany do dzieci, ich rodzic\u00f3w i dziadk\u00f3w. Jednocze\u015bnie organizatorzy informuj\u0105, \u017ce w nadchodz\u0105cym roku 2018 formu\u0142a koncert\u00f3w zostanie wzbogacona o elementy teatru, filmu i ta\u0144ca.<\/strong><\/p>\n<p>Tym razem ide\u0105 muzyczno-edukacyjnego spotkania by\u0142o wsp\u00f3lne przygotowanie do nadchodz\u0105cych \u015awi\u0105t Bo\u017cego Narodzenia. Dla s\u0142uchaczy wyst\u0105pi\u0142 kwartet m\u0142odych instrumentalist\u00f3w w sk\u0142adzie: Justyna \u2013 flet, W\u0142adek \u2013 klarnet, Ambro\u017cy \u2013 waltornia i Antek \u2013 fagot.<\/p>\n<p>Konferansjerka wyja\u015bni\u0142a dzieciom r\u00f3\u017cnic\u0119 mi\u0119dzy kol\u0119d\u0105 \u2013 bo\u017conarodzeniowym utworem religijnym, a pastora\u0142k\u0105 \u2013 utworem o tematyce dotycz\u0105cej Bo\u017cego Narodzenia, ale o charakterze bardziej ludowym.<\/p>\n<p>Muzycy zaprezentowali dla przyk\u0142adu najpopularniejsz\u0105 kol\u0119d\u0119 \u201eCicha noc\u201d, \u015bpiewan\u0105 w ok. 300 j\u0119zykach na ca\u0142ym \u015bwiecie, oraz pastora\u0142k\u0119 \u201eP\u00f3jd\u017amy wszyscy do stajenki\u201d, a dzieci spontanicznie wt\u00f3rowa\u0142y \u015bpiewaj\u0105c znane sobie s\u0142owa. Koncert od pocz\u0105tku przybra\u0142 charakter interaktywny \u2013 muzycy grali, dzieci wspomagane przez opiekun\u00f3w entuzjastycznie \u015bpiewa\u0142y.<\/p>\n<p>Prowadz\u0105ca przedstawi\u0142a m\u0142odym s\u0142uchaczom nieco poj\u0119\u0107 z zakresu teorii muzyki. Poj\u0119cie akompaniamentu czyli towarzyszenia soli\u015bcie graj\u0105cemu na wiod\u0105cym instrumencie, zilustrowane zosta\u0142o wykonaniem kol\u0119dy \u201ePrzybie\u017celi do Betlejem\u201d, w kt\u00f3rym instrumentem wiod\u0105cym by\u0142 klarnet.<\/p>\n<p>Poj\u0119cia: duet, trio i kwartet odnosz\u0105ce si\u0119 do ilo\u015bci muzyk\u00f3w zaanga\u017cowanych w wykonanie utworu, okaza\u0142y si\u0119 dzieciom doskonale znane, podobnie jak terminy: piano i forte okre\u015blaj\u0105ce g\u0142o\u015bno\u015b\u0107 wykonywanego utworu. Dzieci zapytane jaka powinna by\u0107 g\u0142o\u015bno\u015b\u0107 kol\u0119d, kt\u00f3re maj\u0105 charakter ko\u0142ysanek \u015bpiewanych przez Maryj\u0119 dla Jezusa, zgodnie odpowiada\u0142y, \u017ce \u201epiano\u201d \u2013 czyli cicho. Ilustracj\u0105 muzyczn\u0105 by\u0142a tu ko\u0142ysanka \u201eLulaj\u017ce Jezuniu\u201d, wykonana w duecie na klarnet i fagot.<\/p>\n<p>Na przyk\u0142adzie utworu \u201eB\u00f3g si\u0119 rodzi, moc truchleje\u201d muzycy zapewniali, \u017ce kol\u0119da mo\u017ce by\u0107 r\u00f3wnie\u017c ta\u0144cem \u2013 w tym przypadku polonezem. W dw\u00f3ch parach wykonali na scenie przej\u015bcie krokiem poloneza, a dzieci wybija\u0142y rytm klaszcz\u0105c.<\/p>\n<p>Na koncercie nie zabrak\u0142o pastora\u0142ki \u201eOj malu\u015bki, malu\u015bki\u201d, kt\u00f3rej tekst w g\u00f3ralskiej gwarze, trudniej dla ma\u0142ych s\u0142uchaczy zrozumia\u0142y, odczytali muzycy. Prowadz\u0105ca wspomnia\u0142a r\u00f3wnie\u017c o r\u00f3\u017cnicach pomi\u0119dzy kol\u0119dami pochodz\u0105cymi z tradycji r\u00f3\u017cnych kraj\u00f3w: kol\u0119dach angielskich \u2013 powa\u017cnych i bardziej podnios\u0142ych, oraz hiszpa\u0144skich \u2013 weso\u0142ych i tanecznych. Muzycy wykonali dla dzieci niemieck\u0105 kol\u0119d\u0119, kt\u00f3rej s\u0142owa m\u00f3wi\u0105 o ubranej na Bo\u017ce Narodzenie choince.<\/p>\n<p>\u017beby dope\u0142ni\u0107 edukacji s\u0142uchaczy ka\u017cdy z muzyk\u00f3w zaprezentowa\u0142 bli\u017cej sw\u00f3j instrument, technik\u0119 gry na nim oraz specyficzne d\u017awi\u0119ki, jakie wydaje. Wszystkie z nich: flet, klarnet, fagot i waltornia, zwana r\u00f3wnie\u017c rogiem, nale\u017c\u0105 do grupy instrument\u00f3w d\u0119tych, wydaj\u0105cych d\u017awi\u0119ki pod wp\u0142ywem drgania powietrza. Mo\u017cliwo\u015bci rogu, kt\u00f3ry pierwotnie u\u017cywany by\u0142 w czasie polowa\u0144 lub uroczystego wej\u015bcia kr\u00f3la, zaprezentowane zosta\u0142y w wykonaniu kol\u0119dy \u201eW\u015br\u00f3d nocnej ciszy\u201d.<\/p>\n<p>Pod koniec koncertu wszyscy s\u0142uchacze, mali i duzi, poproszeni zostali o powstanie i po kr\u00f3tkiej gimnastyce oddechowej, g\u0142o\u015bno od\u015bpiewali weso\u0142\u0105 kol\u0119d\u0119 \u201eDzisiaj w Betlejem\u201d. Nast\u0119pnie po kr\u00f3tkiej i udanej powt\u00f3rce zapami\u0119tanych wiadomo\u015bci dzieciom z\u0142o\u017cone zosta\u0142y \u017cyczenia udanych \u015awi\u0105t, obfituj\u0105cych w prezenty przyniesione przez \u015aw. Miko\u0142aja.<\/p>\n<p style=\"text-align: right;\">Tekst i foto: <strong>Sylwia Pa\u0144k\u00f3w<\/strong><\/p>\n","protected":false},"excerpt":{"rendered":"<p>W niedziel\u0119 17 grudnia o godz. 12.30 w Sali Kinowej grodziskiego Centrum Kultury odby\u0142 si\u0119 ostatni ju\u017c w tym roku koncert rodzinny w ramach \u201eMuzycznego Po\u0142udnika\u201d, jak zwykle adresowany do dzieci, ich rodzic\u00f3w i dziadk\u00f3w. Jednocze\u015bnie organizatorzy informuj\u0105, \u017ce w nadchodz\u0105cym roku 2018 formu\u0142a koncert\u00f3w zostanie wzbogacona o elementy teatru, filmu i ta\u0144ca. Tym razem [&hellip;]<\/p>\n","protected":false},"author":2,"featured_media":2098,"comment_status":"closed","ping_status":"open","sticky":false,"template":"","format":"standard","meta":{"footnotes":""},"categories":[9,6,8],"tags":[],"class_list":["post-2097","post","type-post","status-publish","format-standard","has-post-thumbnail","hentry","category-edukacja","category-kultura","category-roznosci"],"_links":{"self":[{"href":"https:\/\/fleschmazowsza.com.pl\/index.php?rest_route=\/wp\/v2\/posts\/2097","targetHints":{"allow":["GET"]}}],"collection":[{"href":"https:\/\/fleschmazowsza.com.pl\/index.php?rest_route=\/wp\/v2\/posts"}],"about":[{"href":"https:\/\/fleschmazowsza.com.pl\/index.php?rest_route=\/wp\/v2\/types\/post"}],"author":[{"embeddable":true,"href":"https:\/\/fleschmazowsza.com.pl\/index.php?rest_route=\/wp\/v2\/users\/2"}],"replies":[{"embeddable":true,"href":"https:\/\/fleschmazowsza.com.pl\/index.php?rest_route=%2Fwp%2Fv2%2Fcomments&post=2097"}],"version-history":[{"count":1,"href":"https:\/\/fleschmazowsza.com.pl\/index.php?rest_route=\/wp\/v2\/posts\/2097\/revisions"}],"predecessor-version":[{"id":2099,"href":"https:\/\/fleschmazowsza.com.pl\/index.php?rest_route=\/wp\/v2\/posts\/2097\/revisions\/2099"}],"wp:featuredmedia":[{"embeddable":true,"href":"https:\/\/fleschmazowsza.com.pl\/index.php?rest_route=\/wp\/v2\/media\/2098"}],"wp:attachment":[{"href":"https:\/\/fleschmazowsza.com.pl\/index.php?rest_route=%2Fwp%2Fv2%2Fmedia&parent=2097"}],"wp:term":[{"taxonomy":"category","embeddable":true,"href":"https:\/\/fleschmazowsza.com.pl\/index.php?rest_route=%2Fwp%2Fv2%2Fcategories&post=2097"},{"taxonomy":"post_tag","embeddable":true,"href":"https:\/\/fleschmazowsza.com.pl\/index.php?rest_route=%2Fwp%2Fv2%2Ftags&post=2097"}],"curies":[{"name":"wp","href":"https:\/\/api.w.org\/{rel}","templated":true}]}}