{"id":2094,"date":"2017-12-19T15:31:59","date_gmt":"2017-12-19T14:31:59","guid":{"rendered":"http:\/\/fleschmazowsza.com.pl\/?p=2094"},"modified":"2017-12-19T15:31:59","modified_gmt":"2017-12-19T14:31:59","slug":"spoleczne-tematy-na-duzym-ekranie","status":"publish","type":"post","link":"https:\/\/fleschmazowsza.com.pl\/?p=2094","title":{"rendered":"Spo\u0142eczne tematy na du\u017cym ekranie"},"content":{"rendered":"<p><strong>Jeste\u015bmy niezale\u017cn\u0105 grup\u0105 filmow\u0105, kt\u00f3ra zrodzi\u0142a si\u0119 z potrzeby zabrania g\u0142osu. Tym razem w sprawie kot\u00f3w, kt\u00f3re s\u0105 mieszka\u0144cami naszych miast i wsi, a kt\u00f3re same g\u0142osu nie zabior\u0105.<\/strong><\/p>\n<p>Wszystkie produkcje Filmowni s\u0105 spo\u0142ecznie zaanga\u017cowane, nios\u0105 jaki\u015b przekaz krytyczny wobec rzeczywisto\u015bci, kt\u00f3ra nas otacza, wywo\u0142uj\u0105 refleksj\u0119 nad naszym \u015brodowiskiem, spo\u0142ecze\u0144stwem i nad nami samymi.<\/p>\n<p>Pierwszy dokument, Cz\u0142owiek z \u017belaznej, opowiada o ch\u0142opaku z ma\u0142ej wioski, kt\u00f3ry zamieszkuje na sk\u0142ocie w centrum Warszawy. \u017byje bez pr\u0105du, wody, bez wyg\u00f3d i to bynajmniej nie z powodu braku pieni\u0119dzy, tylko z w\u0142asnego wyboru. Film zosta\u0142 wyr\u00f3\u017cniony w konkursie reporta\u017cu w Staromiejskim Domu Kultury. Jako uzasadnienie swojej decyzji jury poda\u0142o m. in. nawi\u0105zanie bliskiego kontaktu z bohaterem.<\/p>\n<p>Kolejny dokument, Portret, to historia tw\u00f3rc\u00f3w pr\u00f3buj\u0105cych przebi\u0107 si\u0119 przez urynkowiony \u015bwiat sztuki. Film zestawia ich wra\u017cliwo\u015b\u0107 i oczekiwania z rzeczywisto\u015bci\u0105, w kt\u00f3rej \u017cyj\u0105. Dokument ten\u00a0 zosta\u0142 wyr\u00f3\u017cniony na festiwalu w Ostro\u0142\u0119ce.<\/p>\n<p>Prawie r\u00f3wnocze\u015bnie Filmownia zrealizowa\u0142a dwa filmy fabularne: Kierowniczk\u0119, stanowi\u0105c\u0105 pastisz na dzie\u0144 kobiet oraz Charliego, histori\u0119 zakompleksionej dziewczyny urz\u0105dzaj\u0105cej przyj\u0119cie, z kotem w tle. Obie produkcje mia\u0142y premier\u0119 w warszawskim kinie Lab, podczas Ekranu Otwartego.<\/p>\n<p>Wszystkie filmy zosta\u0142y zamieszczone na internetowym portalu youtube.com, by umo\u017cliwi\u0107 odbi\u00f3r wi\u0119kszej ilo\u015bci os\u00f3b.<\/p>\n<p style=\"text-align: center;\"><strong>Wolno \u017cyj\u0105ce zwierz\u0119ta<\/strong><\/p>\n<p>Po d\u0142u\u017cszej przerwie grupa znowu si\u0119 zebra\u0142a, tym razem, by zrobi\u0107 film dokumentalny o bezdomnych kotach. Jego g\u0142\u00f3wnym za\u0142o\u017ceniem jest u\u015bwiadomienie ludziom jak wa\u017cna jest kastracja zwierz\u0105t, ale film poka\u017ce te\u017c r\u00f3\u017cne aspekty pomagania wolno \u017cyj\u0105cym kotom.<\/p>\n<p>Filmownia wszystkie swoje produkcje realizuje bez bud\u017cetu. Tym razem jednak grupa postanowi\u0142a zorganizowa\u0107 zbi\u00f3rk\u0119 na sprz\u0119t do nagrywania i obr\u00f3bki d\u017awi\u0119ku.<\/p>\n<p>Wielu artyst\u00f3w i instytucji udzieli\u0142o patronatu projektowi Filmowni. W\u015br\u00f3d nich s\u0105 m. in. O\u015brodek Kultury \u201eArsus\u201d, graficzka Marta Zab\u0142ocka\/\u017cycie-na-kresk\u0119, konsultant behawioralny Mieszko Eichelberger, kawiarnia Miau Cafe w Warszawie i magazyn Kocie sprawy.<\/p>\n<p>Filmownia wci\u0105\u017c poszukuje do wsp\u00f3\u0142pracy instytucji zajmuj\u0105cych si\u0119 pomoc\u0105 wolno \u017cyj\u0105cym kotom.<\/p>\n<p style=\"text-align: center;\"><strong>Cz\u0142owiek musi im pom\u00f3c<\/strong><\/p>\n<p>&#8211; Nie wszystkie zwierz\u0119ta da si\u0119 oswoi\u0107, ale koty same, bez pomocy cz\u0142owieka, nie poradz\u0105 sobie w warunkach miejskich. W Polsce nie ma klimatu sprzyjaj\u0105cego kotom wolno \u017cyj\u0105cym. Jest po prostu za zimno, wok\u00f3\u0142 coraz wi\u0119cej zamkni\u0119tych osiedli, z zamkni\u0119tymi kontenerami na \u015bmieci i piwnicami. W Internecie pojawia si\u0119 coraz wi\u0119cej apeli z pro\u015bb\u0105 o pomoc. Tego jest po prostu za du\u017co \u2013 twierdz\u0105 tw\u00f3rcy filmu.<\/p>\n<p>Zdj\u0119cia ruszaj\u0105 jeszcze w tym roku i planowane s\u0105 do wakacji przysz\u0142ego roku.<\/p>\n<p>Dokument b\u0119dzie dystrybuowany we wszystkich mo\u017cliwych instytucjach kulturalnych, w szczeg\u00f3lno\u015bci w o\u015brodkach kultury, kinach studyjnych i bibliotekach. Za\u0142o\u017ceniem filmowc\u00f3w jest by, trafi\u0142 on do szerokiego spektrum spo\u0142ecze\u0144stwa, wywo\u0142uj\u0105c debaty, a co za tym idzie dzia\u0142ania prewencyjne wobec bezdomno\u015bci kot\u00f3w.<\/p>\n<p style=\"text-align: center;\"><strong>Dyskusje podczas pokaz\u00f3w<\/strong><\/p>\n<p>Przy okazji otwartych pokaz\u00f3w, b\u0119d\u0105 organizowane dyskusje z udzia\u0142em zaproszonych go\u015bci, wolontariuszy i aktywist\u00f3w na rzecz kot\u00f3w. Jedna z nich planowana jest ju\u017c nawet w Ursusie, po zako\u0144czeniu realizacji filmu. Tw\u00f3rcy dokumentu chcieliby jednak zorganizowa\u0107 pokaz swojego filmu, po\u0142\u0105czony z dyskusj\u0105, w ka\u017cdej dzielnicy Warszawy oraz na jej peryferiach. Problem dotyczy bowiem kot\u00f3w wolno bytuj\u0105cych w ca\u0142ej Polsce.<\/p>\n<p>&#8211; Pojawimy si\u0119 wsz\u0119dzie tam, gdzie nas zaprosz\u0105, bo temat jest wa\u017cny \u2013 obiecuj\u0105 cz\u0142onkowie ekipy Filmownia.<\/p>\n<p>Tymczasem mo\u017cna wesprze\u0107 ich dzia\u0142anie wp\u0142acaj\u0105c lub chocia\u017c udost\u0119pniaj\u0105c zbi\u00f3rk\u0119 na film:<\/p>\n<p><strong><em>https:\/\/pomagam.pl\/filmokotach<\/em><\/strong><\/p>\n<p style=\"text-align: right;\"><strong>Lucyna D\u0105browska<\/strong><\/p>\n","protected":false},"excerpt":{"rendered":"<p>Jeste\u015bmy niezale\u017cn\u0105 grup\u0105 filmow\u0105, kt\u00f3ra zrodzi\u0142a si\u0119 z potrzeby zabrania g\u0142osu. Tym razem w sprawie kot\u00f3w, kt\u00f3re s\u0105 mieszka\u0144cami naszych miast i wsi, a kt\u00f3re same g\u0142osu nie zabior\u0105. Wszystkie produkcje Filmowni s\u0105 spo\u0142ecznie zaanga\u017cowane, nios\u0105 jaki\u015b przekaz krytyczny wobec rzeczywisto\u015bci, kt\u00f3ra nas otacza, wywo\u0142uj\u0105 refleksj\u0119 nad naszym \u015brodowiskiem, spo\u0142ecze\u0144stwem i nad nami samymi. Pierwszy [&hellip;]<\/p>\n","protected":false},"author":2,"featured_media":2095,"comment_status":"closed","ping_status":"open","sticky":false,"template":"","format":"standard","meta":{"footnotes":""},"categories":[6,8],"tags":[],"class_list":["post-2094","post","type-post","status-publish","format-standard","has-post-thumbnail","hentry","category-kultura","category-roznosci"],"_links":{"self":[{"href":"https:\/\/fleschmazowsza.com.pl\/index.php?rest_route=\/wp\/v2\/posts\/2094","targetHints":{"allow":["GET"]}}],"collection":[{"href":"https:\/\/fleschmazowsza.com.pl\/index.php?rest_route=\/wp\/v2\/posts"}],"about":[{"href":"https:\/\/fleschmazowsza.com.pl\/index.php?rest_route=\/wp\/v2\/types\/post"}],"author":[{"embeddable":true,"href":"https:\/\/fleschmazowsza.com.pl\/index.php?rest_route=\/wp\/v2\/users\/2"}],"replies":[{"embeddable":true,"href":"https:\/\/fleschmazowsza.com.pl\/index.php?rest_route=%2Fwp%2Fv2%2Fcomments&post=2094"}],"version-history":[{"count":1,"href":"https:\/\/fleschmazowsza.com.pl\/index.php?rest_route=\/wp\/v2\/posts\/2094\/revisions"}],"predecessor-version":[{"id":2096,"href":"https:\/\/fleschmazowsza.com.pl\/index.php?rest_route=\/wp\/v2\/posts\/2094\/revisions\/2096"}],"wp:featuredmedia":[{"embeddable":true,"href":"https:\/\/fleschmazowsza.com.pl\/index.php?rest_route=\/wp\/v2\/media\/2095"}],"wp:attachment":[{"href":"https:\/\/fleschmazowsza.com.pl\/index.php?rest_route=%2Fwp%2Fv2%2Fmedia&parent=2094"}],"wp:term":[{"taxonomy":"category","embeddable":true,"href":"https:\/\/fleschmazowsza.com.pl\/index.php?rest_route=%2Fwp%2Fv2%2Fcategories&post=2094"},{"taxonomy":"post_tag","embeddable":true,"href":"https:\/\/fleschmazowsza.com.pl\/index.php?rest_route=%2Fwp%2Fv2%2Ftags&post=2094"}],"curies":[{"name":"wp","href":"https:\/\/api.w.org\/{rel}","templated":true}]}}