{"id":2091,"date":"2017-12-19T15:29:30","date_gmt":"2017-12-19T14:29:30","guid":{"rendered":"http:\/\/fleschmazowsza.com.pl\/?p=2091"},"modified":"2017-12-19T15:29:30","modified_gmt":"2017-12-19T14:29:30","slug":"moj-czas-flirty-z-historia","status":"publish","type":"post","link":"https:\/\/fleschmazowsza.com.pl\/?p=2091","title":{"rendered":"\u201eM\u00f3j czas. Flirty z histori\u0105\u201d"},"content":{"rendered":"<p><strong>W sobot\u0119 16 grudnia w Pa\u0142acyku Kasyno w Podkowie Le\u015bnej mia\u0142o miejsce spotkanie z Antonim Tokarczukiem, dzia\u0142aczem pierwszej \u201eSolidarno\u015bci\u201d, politykiem. Spotkanie poprowadzi\u0142 prof. Antoni Dudek, politolog.<\/strong><\/p>\n<p>Rozmowa toczy\u0142a si\u0119 wok\u00f3\u0142 ksi\u0105\u017cki, w kt\u00f3rej autor zawar\u0142 swoje wspomnienia, obserwacje i przemy\u015blenia na temat wydarze\u0144 spo\u0142ecznych i politycznych, w kt\u00f3rych przysz\u0142o mu uczestniczy\u0107 \u2013 jako jednemu z za\u0142o\u017cycieli i przyw\u00f3dc\u00f3w NSZZ \u201eSolidarno\u015b\u0107\u201d w Bydgoszczy, potem za\u015b jako senatorowi, pos\u0142owi, wojewodzie bydgoskiemu i ministrowi \u015brodowiska w demokratycznej Rzeczpospolitej.<\/p>\n<p>Ksi\u0105\u017cka \u201eM\u00f3j czas. Flirty z histori\u0105\u201d wraca do \u201eczas\u00f3w minionych, ale ci\u0105gle wa\u017cnych\u201d. Zdaniem prof. Antoniego Dudka charakteryzuje j\u0105 wnikliwo\u015b\u0107 obserwacji, trafne interpretacje i oceny oraz nieoceniona warto\u015b\u0107 jako materia\u0142u \u017ar\u00f3d\u0142owego. Jej wyj\u0105tkowo\u015b\u0107 polega na pr\u00f3bie zrozumienia racji oponent\u00f3w politycznych, pomimo dystansu do ich dzia\u0142a\u0144. Co wi\u0119cej wspomnienia Antoniego Tokarczuka nie ko\u0144cz\u0105 si\u0119 na 1989 roku, ale podejmuj\u0105 problematyk\u0119 meandr\u00f3w powstawania Polski demokratycznej r\u00f3wnie\u017c w p\u00f3\u017aniejszych latach.<\/p>\n<p>Podczas spotkania om\u00f3wione zosta\u0142y niekt\u00f3re w\u0105tki okresu \u201esolidarno\u015bciowego\u201d, jak r\u00f3\u017cne wizje dotycz\u0105ce mo\u017cliwych kompromisowych rozwi\u0105za\u0144 i szans dialogu z \u00f3wczesn\u0105 komunistyczn\u0105 w\u0142adz\u0105, czy te\u017c kwestia infiltracji \u015brodowiska podziemnej \u201eSolidarno\u015bci\u201d przez agent\u00f3w i jej w\u0105tpliwej skuteczno\u015bci w obliczu wielkiej idei, kt\u00f3ra le\u017ca\u0142a u pod\u0142o\u017ca spo\u0142ecznego ruchu.<\/p>\n<p>Poruszone zosta\u0142y takie kwestie, jak zas\u0142ugi Episkopatu dla narodzin koncepcji Okr\u0105g\u0142ego Sto\u0142u czy problem \u201efraternizacji\u201d nowych elit politycznych z dawnymi elitami komunistycznymi. Ze swoich do\u015bwiadcze\u0144 jako senatora, pos\u0142a i wojewody bydgoskiego Antoni Tokarczuk sformu\u0142owa\u0142 wniosek, \u017ce pionierski okres przemian gospodarczych na pocz\u0105tku lat 90-tych by\u0142 z zasady trudny, acz jednak nie niemo\u017cliwy do opanowania w swoich skrajnych przejawach.<\/p>\n<p>Podsumowuj\u0105c swoj\u0105 dzia\u0142alno\u015b\u0107 polityczn\u0105 i sprawowane urz\u0119dy Antoni Tokarczuk wyrazi\u0142 my\u015bl, \u017ce to jednak funkcja we w\u0142adzach \u201eSolidarno\u015bci\u201d by\u0142a dla niego najwi\u0119kszym zaszczytem i wyr\u00f3\u017cnieniem oraz \u017ce anga\u017cuj\u0105c si\u0119 w polityk\u0119, prze\u017cy\u0142 niezwykle frapuj\u0105ce wydarzenia i ma satysfakcj\u0119, \u017ce uczestniczy\u0142 w czym\u015b wa\u017cnym. \u017be czu\u0142 si\u0119 zawsze nie tyle politykiem, co raczej spo\u0142ecznikiem z poczuciem misji do spe\u0142nienia.<\/p>\n<p style=\"text-align: right;\">Tekst i foto: <strong>Sylwia Pa\u0144k\u00f3w<\/strong><\/p>\n","protected":false},"excerpt":{"rendered":"<p>W sobot\u0119 16 grudnia w Pa\u0142acyku Kasyno w Podkowie Le\u015bnej mia\u0142o miejsce spotkanie z Antonim Tokarczukiem, dzia\u0142aczem pierwszej \u201eSolidarno\u015bci\u201d, politykiem. Spotkanie poprowadzi\u0142 prof. Antoni Dudek, politolog. Rozmowa toczy\u0142a si\u0119 wok\u00f3\u0142 ksi\u0105\u017cki, w kt\u00f3rej autor zawar\u0142 swoje wspomnienia, obserwacje i przemy\u015blenia na temat wydarze\u0144 spo\u0142ecznych i politycznych, w kt\u00f3rych przysz\u0142o mu uczestniczy\u0107 \u2013 jako jednemu z [&hellip;]<\/p>\n","protected":false},"author":2,"featured_media":2092,"comment_status":"closed","ping_status":"open","sticky":false,"template":"","format":"standard","meta":{"footnotes":""},"categories":[9,6],"tags":[],"class_list":["post-2091","post","type-post","status-publish","format-standard","has-post-thumbnail","hentry","category-edukacja","category-kultura"],"_links":{"self":[{"href":"https:\/\/fleschmazowsza.com.pl\/index.php?rest_route=\/wp\/v2\/posts\/2091","targetHints":{"allow":["GET"]}}],"collection":[{"href":"https:\/\/fleschmazowsza.com.pl\/index.php?rest_route=\/wp\/v2\/posts"}],"about":[{"href":"https:\/\/fleschmazowsza.com.pl\/index.php?rest_route=\/wp\/v2\/types\/post"}],"author":[{"embeddable":true,"href":"https:\/\/fleschmazowsza.com.pl\/index.php?rest_route=\/wp\/v2\/users\/2"}],"replies":[{"embeddable":true,"href":"https:\/\/fleschmazowsza.com.pl\/index.php?rest_route=%2Fwp%2Fv2%2Fcomments&post=2091"}],"version-history":[{"count":1,"href":"https:\/\/fleschmazowsza.com.pl\/index.php?rest_route=\/wp\/v2\/posts\/2091\/revisions"}],"predecessor-version":[{"id":2093,"href":"https:\/\/fleschmazowsza.com.pl\/index.php?rest_route=\/wp\/v2\/posts\/2091\/revisions\/2093"}],"wp:featuredmedia":[{"embeddable":true,"href":"https:\/\/fleschmazowsza.com.pl\/index.php?rest_route=\/wp\/v2\/media\/2092"}],"wp:attachment":[{"href":"https:\/\/fleschmazowsza.com.pl\/index.php?rest_route=%2Fwp%2Fv2%2Fmedia&parent=2091"}],"wp:term":[{"taxonomy":"category","embeddable":true,"href":"https:\/\/fleschmazowsza.com.pl\/index.php?rest_route=%2Fwp%2Fv2%2Fcategories&post=2091"},{"taxonomy":"post_tag","embeddable":true,"href":"https:\/\/fleschmazowsza.com.pl\/index.php?rest_route=%2Fwp%2Fv2%2Ftags&post=2091"}],"curies":[{"name":"wp","href":"https:\/\/api.w.org\/{rel}","templated":true}]}}