{"id":2085,"date":"2017-12-19T15:17:56","date_gmt":"2017-12-19T14:17:56","guid":{"rendered":"http:\/\/fleschmazowsza.com.pl\/?p=2085"},"modified":"2017-12-19T15:17:56","modified_gmt":"2017-12-19T14:17:56","slug":"zawieszona-kawa-co-to-takiego","status":"publish","type":"post","link":"https:\/\/fleschmazowsza.com.pl\/?p=2085","title":{"rendered":"\u201eZawieszona kawa\u201d? Co to takiego?"},"content":{"rendered":"<p><strong>\u201ePoprosz\u0119 kaw\u0119, a jedn\u0105 zawieszam\u201d \u2013 takie zam\u00f3wienie mo\u017ce sta\u0107 si\u0119 coraz bardziej popularne w polskich restauracjach i kawiarniach.<\/strong><\/p>\n<p>Tradycja zawieszonej (suspended) kawy powsta\u0142a w Neapolu i rozprzestrzeni\u0142a si\u0119 po ca\u0142ym \u015bwiecie. W niekt\u00f3rych miejscach, opr\u00f3cz zawieszonej kawy, mo\u017cna zam\u00f3wi\u0107 kanapki, a nawet pe\u0142en posi\u0142ek. Akcja ma swoje korzenie na Ukrainie. Do Polski zwyczaj ten przyprowadzi\u0142 z Kijowa Aleksander Ka\u017cunin.<\/p>\n<p style=\"text-align: center;\"><strong>Na czym polega akcja\u00a0\u201eZawieszona kawa\u201d?<\/strong><\/p>\n<p>Akcja ZAWIESZONA KAWA polega na tym, \u017ce zamawiaj\u0105c kaw\u0119 w kawiarni mo\u017cesz zap\u0142aci\u0107 za jeden lub kilka dodatkowych napoj\u00f3w. Takie dodatkowe kawy op\u0142acone przez ciebie mog\u0105 zam\u00f3wi\u0107 osoby najbardziej potrzebuj\u0105ce lub normalni ludzie, kt\u00f3rzy w tej chwili nie maj\u0105 przy sobie do\u015b\u0107 pieni\u0119dzy, \u017ceby tak\u0105 kaw\u0119 kupi\u0107.<\/p>\n<p>Dawc\u0105 i odbiorc\u0105 \u201ezawieszonej kawy\u201d mo\u017ce by\u0107 ka\u017cda osoba. Wystarczy, \u017ce podczas zam\u00f3wienia powiesz: Dwie kawy na miejscu i jedn\u0105 zawieszon\u0105, a sprzedawca b\u0119dzie m\u00f3g\u0142 wyda\u0107 zawieszon\u0105 kaw\u0119 komukolwiek, kto o taki nap\u00f3j poprosi.<\/p>\n<p style=\"text-align: center;\"><strong>Prawdziwa historia\u2026<\/strong><\/p>\n<p>&#8211; Wszed\u0142em do ma\u0142ej kawiarni z koleg\u0105, ka\u017cdy z nas zam\u00f3wi\u0142 dla siebie kaw\u0119. Gdy siadali\u015bmy przy stoliku, dw\u00f3ch ludzi podesz\u0142o do bufetu i powiedzia\u0142o: \u201ePi\u0119\u0107 kaw, dzi\u0119kuj\u0119, trzy dla nas, a dwie zawieszone\u201d.<\/p>\n<p>P\u0142ac\u0105, bior\u0105 swoje trzy fili\u017canki i wychodz\u0105. Pytam kolegi: \u201eCo to s\u0105 zawieszone kawy\u201d? On odpowiada: \u201ePoczekaj, zobaczysz\u201d. Do lokalu wchodzi m\u0119\u017cczyzna w zniszczonym ubraniu wygl\u0105daj\u0105cy jak \u017cebrak, podchodzi do kelnerki i pyta uprzejmie: \u201eCzy masz mo\u017ce zawieszon\u0105 kaw\u0119?\u201d. To proste \u2013 ludzie p\u0142ac\u0105 z g\u00f3ry za kaw\u0119 przeznaczon\u0105 dla tych, kt\u00f3rzy nie mog\u0105 sobie pozwoli\u0107 na kupienie gor\u0105cego napoju \u2013 opowiada jeden z uczestnik\u00f3w akcji.<\/p>\n<p style=\"text-align: center;\"><strong>Wybrane kawiarnie<\/strong><\/p>\n<p>Lokale, w kt\u00f3rych b\u0119dzie mo\u017cna zwiesi\u0107 b\u0105d\u017a odwiesi\u0107 kaw\u0119 b\u0119d\u0105 sygnowane naklejkami z logo akcji. Kawiarnie, kt\u00f3re ju\u017c przy\u0142\u0105czy\u0142y si\u0119 do akcji to Bema Cafe we Wroc\u0142awiu, Wegemania w Kielcach, Pastificio w Gda\u0144sku czy Pizzeria Arczi w Cz\u0119stochowie, gdzie mo\u017cna zawiesi\u0107 pizz\u0119.<\/p>\n<p>Organizatorzy chc\u0105 uruchomi\u0107 akcj\u0119 w du\u017cych miastach: Warszawie, Poznaniu, Wroc\u0142awiu i \u0141odzi, gdzie odsetek ludzi bezdomnych jest wi\u0119kszy.<\/p>\n<p>Wkr\u00f3tce powstanie strona internetowa akcji, a na razie wszelkie informacje znajduj\u0105 si\u0119 na fanpage\u2019u \u201e<a href=\"https:\/\/www.facebook.com\/zawieszonakawaofficial\/\">Zawieszona kawa<\/a>\u201d.<\/p>\n<p style=\"text-align: right;\"><strong>AD<\/strong><\/p>\n","protected":false},"excerpt":{"rendered":"<p>\u201ePoprosz\u0119 kaw\u0119, a jedn\u0105 zawieszam\u201d \u2013 takie zam\u00f3wienie mo\u017ce sta\u0107 si\u0119 coraz bardziej popularne w polskich restauracjach i kawiarniach. Tradycja zawieszonej (suspended) kawy powsta\u0142a w Neapolu i rozprzestrzeni\u0142a si\u0119 po ca\u0142ym \u015bwiecie. W niekt\u00f3rych miejscach, opr\u00f3cz zawieszonej kawy, mo\u017cna zam\u00f3wi\u0107 kanapki, a nawet pe\u0142en posi\u0142ek. Akcja ma swoje korzenie na Ukrainie. Do Polski zwyczaj ten [&hellip;]<\/p>\n","protected":false},"author":2,"featured_media":2086,"comment_status":"closed","ping_status":"open","sticky":false,"template":"","format":"standard","meta":{"footnotes":""},"categories":[6,8,5],"tags":[],"class_list":["post-2085","post","type-post","status-publish","format-standard","has-post-thumbnail","hentry","category-kultura","category-roznosci","category-wiadomosci"],"_links":{"self":[{"href":"https:\/\/fleschmazowsza.com.pl\/index.php?rest_route=\/wp\/v2\/posts\/2085","targetHints":{"allow":["GET"]}}],"collection":[{"href":"https:\/\/fleschmazowsza.com.pl\/index.php?rest_route=\/wp\/v2\/posts"}],"about":[{"href":"https:\/\/fleschmazowsza.com.pl\/index.php?rest_route=\/wp\/v2\/types\/post"}],"author":[{"embeddable":true,"href":"https:\/\/fleschmazowsza.com.pl\/index.php?rest_route=\/wp\/v2\/users\/2"}],"replies":[{"embeddable":true,"href":"https:\/\/fleschmazowsza.com.pl\/index.php?rest_route=%2Fwp%2Fv2%2Fcomments&post=2085"}],"version-history":[{"count":1,"href":"https:\/\/fleschmazowsza.com.pl\/index.php?rest_route=\/wp\/v2\/posts\/2085\/revisions"}],"predecessor-version":[{"id":2087,"href":"https:\/\/fleschmazowsza.com.pl\/index.php?rest_route=\/wp\/v2\/posts\/2085\/revisions\/2087"}],"wp:featuredmedia":[{"embeddable":true,"href":"https:\/\/fleschmazowsza.com.pl\/index.php?rest_route=\/wp\/v2\/media\/2086"}],"wp:attachment":[{"href":"https:\/\/fleschmazowsza.com.pl\/index.php?rest_route=%2Fwp%2Fv2%2Fmedia&parent=2085"}],"wp:term":[{"taxonomy":"category","embeddable":true,"href":"https:\/\/fleschmazowsza.com.pl\/index.php?rest_route=%2Fwp%2Fv2%2Fcategories&post=2085"},{"taxonomy":"post_tag","embeddable":true,"href":"https:\/\/fleschmazowsza.com.pl\/index.php?rest_route=%2Fwp%2Fv2%2Ftags&post=2085"}],"curies":[{"name":"wp","href":"https:\/\/api.w.org\/{rel}","templated":true}]}}