{"id":2083,"date":"2017-12-19T15:15:40","date_gmt":"2017-12-19T14:15:40","guid":{"rendered":"http:\/\/fleschmazowsza.com.pl\/?p=2083"},"modified":"2017-12-19T15:15:40","modified_gmt":"2017-12-19T14:15:40","slug":"sprzeciw-wobec-placenia-za-parkowanie","status":"publish","type":"post","link":"https:\/\/fleschmazowsza.com.pl\/?p=2083","title":{"rendered":"Sprzeciw wobec p\u0142acenia za parkowanie"},"content":{"rendered":"<p><strong>Zarz\u0105d Powiatu Pruszkowskiego przeprowadzi\u0142 konsultacje spo\u0142eczne na temat wprowadzenia w Pruszkowie strefy p\u0142atnego parkowania. Wynik jest jednoznaczny \u2013 mieszka\u0144cy nie chc\u0105 p\u0142aci\u0107 za mo\u017cliwo\u015b\u0107 zostawienia samochodu w centralnych punktach miasta.<\/strong><\/p>\n<p>Idea uruchomienia strefy p\u0142atnego parkowania niestrze\u017conego w Pruszkowie zrodzi\u0142a si\u0119 ju\u017c kilka lat temu. G\u0142\u00f3wnym zadaniem p\u0142atnej strefy by\u0142oby zwi\u0119kszenie rotacji na miejscach postojowych i tym samym u\u0142atwienie dost\u0119pu do sklep\u00f3w, punkt\u00f3w us\u0142ugowych, urz\u0119d\u00f3w oraz przychodni.<br \/>\nPrzypomnijmy, \u017ce strefa sk\u0142ada\u0107 mia\u0142aby si\u0119 z trzech r\u00f3\u017cnych podstref: A, B i C. W podstrefach A i C parkowanie by\u0142oby p\u0142atne od poniedzia\u0142ku do pi\u0105tku w godz. 8.00\u201318.00, a w strefie B \u2013 we wtorki i pi\u0105tki w godz. 6.00\u201313.00. Poza tymi godzinami oraz w dni ustawowo wolne od pracy parkowanie mia\u0142oby by\u0107 bezp\u0142atne.<br \/>\nPodstrefa A obj\u0105\u0107 mia\u0142aby ulice w centrum miasta: Kraszewskiego, Ko\u015bciuszki, Sienkiewicza, Chopina, Lipow\u0105 (od Al. Armii Krajowej do ul. Kopernika), Potulickiego, Nieca\u0142\u0105, Drzyma\u0142y, Radnych, Niepodleg\u0142o\u015bci, Ko\u015bcieln\u0105, Sprawiedliwo\u015bci, Berenta, Hubala, Kopernika, Prusa (od ul. Powsta\u0144c\u00f3w do ul. Miry Zimi\u0144skiej-Sygiety\u0144skiej), O\u0142\u00f3wkow\u0105 (od ul. Sienkiewicza do ul. Mokrej) i Ewy. Podstrefa B obj\u0105\u0107 mia\u0142aby ulice: Komorowsk\u0105 (od ul. Gordzia\u0142kowskiego do ul. Ceramicznej), Ceramiczn\u0105 (od ul. Komorowskiej do ul. Prusa) i Targow\u0105, za\u015b strefa C \u2013 parking wzd\u0142u\u017c tor\u00f3w Warszawskiej Kolei Dojazdowej (od ul. Ewy do gara\u017cy).<br \/>\nMimo dalekosi\u0119\u017cnych plan\u00f3w, do tej pory projekt nie wszed\u0142 w \u017cycie. Okazuje si\u0119, \u017ce prace nad stref\u0105 wstrzymuj\u0105 uzgodnienia pomi\u0119dzy w\u0142adzami Miasta a Powiatem Pruszkowskim, w kt\u00f3rego zarz\u0105dzie jest wi\u0119kszo\u015b\u0107 wa\u017cnych dr\u00f3g znajduj\u0105cych si\u0119 w centrum miasta.<br \/>\nWe wrze\u015bniu Zarz\u0105d Powiatu Pruszkowskiego zorganizowa\u0142 konsultacje spo\u0142eczne na temat wprowadzenia strefy p\u0142atnego parkowania. Swoj\u0105 opini\u0119 mieszka\u0144cy mogli wyrazi\u0107 na wiele sposob\u00f3w: przez Internet, w siedzibie Starostwa, na ulicach Pruszkowa, czy poprzez lokalne portale i pras\u0119. \u0141\u0105cznie w badaniu wzi\u0119\u0142o udzia\u0142 1390 os\u00f3b, z czego 1303 wype\u0142ni\u0142o ankiet\u0119 elektronicznie, a 87 \u2013 w wersji papierowej. Stanowi to odpowiednio 2,3% mieszka\u0144c\u00f3w miasta Pruszkowa (ok. 60 tys.) i 0,8% mieszka\u0144c\u00f3w Powiatu Pruszkowskiego (ok. 155 tys.).<br \/>\nJak wynika z podsumowania ankiet, a\u017c 60% badanych nie jest przychylna utworzeniu strefy p\u0142atnego parkowania. Blisko 66% respondent\u00f3w wskaza\u0142o, \u017ce strefa nie rozwi\u0105\u017ce problemu braku wolnych miejsc na terenie Pruszkowa, ale jednocze\u015bnie 75% ankietowanych dostrzega du\u017cy problem z parkowaniem w centrum Miasta.<br \/>\n\u2013 Wynik ankiety by\u0142 z g\u00f3ry znany, bo to jest pytanie z rz\u0119du chcesz p\u0142aci\u0107 czy nie chcesz p\u0142aci\u0107. Wi\u0119kszo\u015b\u0107 ludzi odpowie, \u017ce nie chce p\u0142aci\u0107 \u2013 m\u00f3wi Andrzej Kurzela, wiceprezydent Pruszkowa. \u2013 Mimo, \u017ce by\u0142em zwolennikiem wprowadzenia p\u0142atnej strefy parkowania, to dzisiaj Prezydentowi nie b\u0119d\u0119 proponowa\u0142 wprowadzenia strefy \u2013 dodaje.<\/p>\n<p style=\"text-align: right;\">Tekst i foto: <strong>Kinga Rochalska<\/strong><\/p>\n","protected":false},"excerpt":{"rendered":"<p>Zarz\u0105d Powiatu Pruszkowskiego przeprowadzi\u0142 konsultacje spo\u0142eczne na temat wprowadzenia w Pruszkowie strefy p\u0142atnego parkowania. Wynik jest jednoznaczny \u2013 mieszka\u0144cy nie chc\u0105 p\u0142aci\u0107 za mo\u017cliwo\u015b\u0107 zostawienia samochodu w centralnych punktach miasta. Idea uruchomienia strefy p\u0142atnego parkowania niestrze\u017conego w Pruszkowie zrodzi\u0142a si\u0119 ju\u017c kilka lat temu. G\u0142\u00f3wnym zadaniem p\u0142atnej strefy by\u0142oby zwi\u0119kszenie rotacji na miejscach postojowych i [&hellip;]<\/p>\n","protected":false},"author":2,"featured_media":1977,"comment_status":"closed","ping_status":"open","sticky":false,"template":"","format":"standard","meta":{"footnotes":""},"categories":[8,5],"tags":[],"class_list":["post-2083","post","type-post","status-publish","format-standard","has-post-thumbnail","hentry","category-roznosci","category-wiadomosci"],"_links":{"self":[{"href":"https:\/\/fleschmazowsza.com.pl\/index.php?rest_route=\/wp\/v2\/posts\/2083","targetHints":{"allow":["GET"]}}],"collection":[{"href":"https:\/\/fleschmazowsza.com.pl\/index.php?rest_route=\/wp\/v2\/posts"}],"about":[{"href":"https:\/\/fleschmazowsza.com.pl\/index.php?rest_route=\/wp\/v2\/types\/post"}],"author":[{"embeddable":true,"href":"https:\/\/fleschmazowsza.com.pl\/index.php?rest_route=\/wp\/v2\/users\/2"}],"replies":[{"embeddable":true,"href":"https:\/\/fleschmazowsza.com.pl\/index.php?rest_route=%2Fwp%2Fv2%2Fcomments&post=2083"}],"version-history":[{"count":1,"href":"https:\/\/fleschmazowsza.com.pl\/index.php?rest_route=\/wp\/v2\/posts\/2083\/revisions"}],"predecessor-version":[{"id":2084,"href":"https:\/\/fleschmazowsza.com.pl\/index.php?rest_route=\/wp\/v2\/posts\/2083\/revisions\/2084"}],"wp:featuredmedia":[{"embeddable":true,"href":"https:\/\/fleschmazowsza.com.pl\/index.php?rest_route=\/wp\/v2\/media\/1977"}],"wp:attachment":[{"href":"https:\/\/fleschmazowsza.com.pl\/index.php?rest_route=%2Fwp%2Fv2%2Fmedia&parent=2083"}],"wp:term":[{"taxonomy":"category","embeddable":true,"href":"https:\/\/fleschmazowsza.com.pl\/index.php?rest_route=%2Fwp%2Fv2%2Fcategories&post=2083"},{"taxonomy":"post_tag","embeddable":true,"href":"https:\/\/fleschmazowsza.com.pl\/index.php?rest_route=%2Fwp%2Fv2%2Ftags&post=2083"}],"curies":[{"name":"wp","href":"https:\/\/api.w.org\/{rel}","templated":true}]}}