{"id":2059,"date":"2017-11-27T12:12:01","date_gmt":"2017-11-27T11:12:01","guid":{"rendered":"http:\/\/fleschmazowsza.com.pl\/?p=2059"},"modified":"2017-11-27T12:12:01","modified_gmt":"2017-11-27T11:12:01","slug":"sprzedaj-swoje-ksiazki","status":"publish","type":"post","link":"https:\/\/fleschmazowsza.com.pl\/?p=2059","title":{"rendered":"Sprzedaj swoje ksi\u0105\u017cki"},"content":{"rendered":"<p><strong>W pierwsz\u0105 niedziel\u0119 listopada w godz. 10.00 \u2013 13.00 w grodziskiej Poczekalni PKP odby\u0142 si\u0119 pierwszy Targ Moli Ksi\u0105\u017ckowych i P\u0142ytowych. Impreza zaplanowana jest jako cykliczna, organizowana b\u0119dzie raz w miesi\u0105cu.<\/strong><\/p>\n<p>Targ zorientowany jest na prywatnych wystawc\u00f3w, kt\u00f3rzy chcieliby wyprzeda\u0107 zasoby swojej biblioteczki \u2013 g\u0142\u00f3wnie ksi\u0105\u017cki, r\u00f3wnie\u017c p\u0142yty, zw\u0142aszcza winylowe, filmy i czasopisma. Poniewa\u017c powierzchnia jest ograniczona, a wa\u017cne jest zapewnienie komfortu kupuj\u0105cym i sprzedaj\u0105cym, decyduje kolejno\u015b\u0107 zg\u0142osze\u0144. Wystawianie jest bezp\u0142atne.<\/p>\n<p>Pierwsza edycja Targu okaza\u0142a si\u0119 bardzo udana. Zg\u0142osi\u0142o si\u0119 kilkunastu wystawc\u00f3w, by\u0107 mo\u017ce uda si\u0119 jeszcze zwi\u0119kszy\u0107 powierzchni\u0119 wystawiennicz\u0105 przez inne ustawienie stoisk. Przestrze\u0144 Kulturze Przyjazna zapewni\u0142a wygodne kanapy i siedziska dla sprzedaj\u0105cych, mi\u0142e towarzystwo, kaw\u0119 na miejscu dla ch\u0119tnych i przytulne otoczenie.<\/p>\n<p style=\"text-align: center;\"><strong>Ksi\u0105\u017cka za grosz<\/strong><\/p>\n<p>Przede wszystkim ceny \u2013 by\u0142y bardzo niskie, wi\u0119ksza cz\u0119\u015b\u0107 pozycji wystawiona zosta\u0142a w cenach od 5 do15 z\u0142. Rekordzist\u0105 by\u0142 bestseller \u201ePi\u0119\u0107dziesi\u0105t twarzy Greya\u201d do nabycia za z\u0142ot\u00f3wk\u0119. Ksi\u0105\u017cki by\u0142y najcz\u0119\u015bciej w stanie bardzo dobrym lub wr\u0119cz idealnym. Cz\u0119\u015b\u0107 z nich to tzw. nietrafione prezenty, zdublowane lub rozmijaj\u0105ce si\u0119 z zainteresowaniami obdarowanych \u2013 nigdy nie by\u0142y u\u017cywane i doskonale nadaj\u0105 si\u0119 na prezenty \u015bwi\u0105teczne.<\/p>\n<p>Oferta by\u0142a bardzo bogata i ciekawa. Sprzedaj\u0105cy wystawili du\u017co pozycji z kanonu literatury pi\u0119knej, polskiej i \u015bwiatowej \u2013 do\u015b\u0107 wymieni\u0107 Prusa, Mi\u0142osza, Herlinga \u2013 Grudzi\u0144skiego, Szekspira, Hemingwaya czy Conrada (\u201eLord Jim\u201d w oryginale). Mo\u017cna by\u0142o kupi\u0107 pozycje tak modnych dzi\u015b autor\u00f3w jak Pilch czy Twardoch. By\u0142y wsp\u00f3\u0142czesne, bardzo dobre krymina\u0142y i dawne powie\u015bci grozy, jak s\u0142ynny \u201ePies Baskerville\u2019\u00f3w\u201d. By\u0142y ksi\u0105\u017cki kucharskie, a w\u015br\u00f3d nich te\u017c nietypowe, jak \u201eKsi\u0105\u017cka poniek\u0105d kucharska\u201d Joanny Chmielewskiej czy \u201eKuchnia znad Rozlewiska\u201d Ma\u0142gorzaty Kalici\u0144skiej.<\/p>\n<p style=\"text-align: center;\"><strong>Bestsellery PRL \u2013 u<\/strong><\/p>\n<p>Dla wielbicieli klimat\u00f3w PRL \u2013 u znalaz\u0142a si\u0119 \u201eKuchnia pod chmurk\u0105\u201d wydana w 1981 r. przez Zak\u0142ad Wydawniczo \u2013 Propagandowy PTTK lub pozycja \u201e333 popkulturowe rzeczy PRL\u201d. By\u0142y wsp\u00f3\u0142czesne romanse Nory Roberts i klasyczna ju\u017c powie\u015b\u0107 \u201eKochanek Lady Chatterley\u201d. By\u0142y poradniki, ksi\u0105\u017cki z zakresu psychologii, podr\u0119czniki feng shui i fotografii cyfrowej, kieszonkowe s\u0142owniki oraz ksi\u0105\u017cki dla hobbyst\u00f3w, jak \u201e\u017beglarz i sternik jachtowy\u201d. Warto wspomnie\u0107 o pozycjach trudno osi\u0105galnych, jak \u201eKorespondencja Fryderyka Chopina z rodzin\u0105\u201d lub \u201eModlitewnik Jasnog\u00f3rski\u201d w \u015bwietnym stanie. Przyci\u0105ga\u0142y wzrok numery miesi\u0119cznika wn\u0119trzarskiego \u201eWeranda\u201d, ze wspania\u0142ymi fotografiami, kt\u00f3re nic nie straci\u0142y na aktualno\u015bci.<\/p>\n<p style=\"text-align: center;\"><strong>Czym skorupka za m\u0142odu\u2026<\/strong><\/p>\n<p>Licznie reprezentowane by\u0142y ksi\u0105\u017cki dzieci\u0119ce, zar\u00f3wno klasyczne, jak \u201ePami\u0119tniki Tatusia Maminka\u201d, oraz nowoczesne, jak \u201eEncyklopedia Ilustrowana dla Dzieci\u201d czy \u201eFelix, Net i Nika\u201d. Dla tego typu pozycji z pewno\u015bci\u0105 warto uda\u0107 si\u0119 na Targ w Poczekalni PKP \u2013 ceny w ksi\u0119garniach s\u0105 wysokie, a posiadanie w\u0142asnej biblioteczki wyrabia w dziecku nawyk czytania, kt\u00f3ry korzystnie wp\u0142ynie cho\u0107by na znajomo\u015b\u0107 ortografii, nie m\u00f3wi\u0105c o rozwoju intelektualnym i szkolnych ocenach.<\/p>\n<p style=\"text-align: center;\"><strong>Winyle w dobrej formie<\/strong><\/p>\n<p>Osobn\u0105 grup\u0119, o kt\u00f3rej trzeba koniecznie wspomnie\u0107, stanowi\u0142y stare p\u0142yty winylowe \u2013 gratka dla kolekcjoner\u00f3w. Bior\u0105c za dobr\u0105 monet\u0119 zapewnienia sprzedawc\u00f3w, by\u0142y one cz\u0119sto w doskona\u0142ym stanie technicznym. Kolekcja p\u0142yt winylowych z nagraniami Krzysztofa Krawczyka sprzeda\u0142a si\u0119 niemal od razu, przechodz\u0105c w r\u0119ce nabywc\u00f3w \u2013 nastolatk\u00f3w. By\u0142y p\u0142yty winylowe z lat 70 \u2013 tych: zespo\u0142u \u201e2+1\u201d, Urszuli Sipi\u0144skiej czy Anny German, a nawet p\u0142yta z muzyk\u0105 country. Jednym s\u0142owem: dla ka\u017cdego co\u015b dobrego, a kupuj\u0105cy cz\u0119sto kupowali od razu po kilka pozycji, p\u0142yt lub ksi\u0105\u017cek.<\/p>\n<p style=\"text-align: center;\"><strong>***<\/strong><\/p>\n<p><em>Nast\u0119pne targi w pierwsz\u0105 niedziel\u0119 grudnia tj. 3.12. W imieniu organizator\u00f3w serdecznie zapraszamy!<\/em><\/p>\n<p style=\"text-align: right;\">Tekst i foto:<\/p>\n<p style=\"text-align: right;\"><strong>Sylwia Pa\u0144k\u00f3w<\/strong><\/p>\n","protected":false},"excerpt":{"rendered":"<p>W pierwsz\u0105 niedziel\u0119 listopada w godz. 10.00 \u2013 13.00 w grodziskiej Poczekalni PKP odby\u0142 si\u0119 pierwszy Targ Moli Ksi\u0105\u017ckowych i P\u0142ytowych. Impreza zaplanowana jest jako cykliczna, organizowana b\u0119dzie raz w miesi\u0105cu. Targ zorientowany jest na prywatnych wystawc\u00f3w, kt\u00f3rzy chcieliby wyprzeda\u0107 zasoby swojej biblioteczki \u2013 g\u0142\u00f3wnie ksi\u0105\u017cki, r\u00f3wnie\u017c p\u0142yty, zw\u0142aszcza winylowe, filmy i czasopisma. Poniewa\u017c powierzchnia [&hellip;]<\/p>\n","protected":false},"author":2,"featured_media":2060,"comment_status":"closed","ping_status":"open","sticky":false,"template":"","format":"standard","meta":{"footnotes":""},"categories":[6,8,5],"tags":[],"class_list":["post-2059","post","type-post","status-publish","format-standard","has-post-thumbnail","hentry","category-kultura","category-roznosci","category-wiadomosci"],"_links":{"self":[{"href":"https:\/\/fleschmazowsza.com.pl\/index.php?rest_route=\/wp\/v2\/posts\/2059","targetHints":{"allow":["GET"]}}],"collection":[{"href":"https:\/\/fleschmazowsza.com.pl\/index.php?rest_route=\/wp\/v2\/posts"}],"about":[{"href":"https:\/\/fleschmazowsza.com.pl\/index.php?rest_route=\/wp\/v2\/types\/post"}],"author":[{"embeddable":true,"href":"https:\/\/fleschmazowsza.com.pl\/index.php?rest_route=\/wp\/v2\/users\/2"}],"replies":[{"embeddable":true,"href":"https:\/\/fleschmazowsza.com.pl\/index.php?rest_route=%2Fwp%2Fv2%2Fcomments&post=2059"}],"version-history":[{"count":1,"href":"https:\/\/fleschmazowsza.com.pl\/index.php?rest_route=\/wp\/v2\/posts\/2059\/revisions"}],"predecessor-version":[{"id":2061,"href":"https:\/\/fleschmazowsza.com.pl\/index.php?rest_route=\/wp\/v2\/posts\/2059\/revisions\/2061"}],"wp:featuredmedia":[{"embeddable":true,"href":"https:\/\/fleschmazowsza.com.pl\/index.php?rest_route=\/wp\/v2\/media\/2060"}],"wp:attachment":[{"href":"https:\/\/fleschmazowsza.com.pl\/index.php?rest_route=%2Fwp%2Fv2%2Fmedia&parent=2059"}],"wp:term":[{"taxonomy":"category","embeddable":true,"href":"https:\/\/fleschmazowsza.com.pl\/index.php?rest_route=%2Fwp%2Fv2%2Fcategories&post=2059"},{"taxonomy":"post_tag","embeddable":true,"href":"https:\/\/fleschmazowsza.com.pl\/index.php?rest_route=%2Fwp%2Fv2%2Ftags&post=2059"}],"curies":[{"name":"wp","href":"https:\/\/api.w.org\/{rel}","templated":true}]}}