{"id":2049,"date":"2017-11-27T11:54:22","date_gmt":"2017-11-27T10:54:22","guid":{"rendered":"http:\/\/fleschmazowsza.com.pl\/?p=2049"},"modified":"2017-11-27T11:54:32","modified_gmt":"2017-11-27T10:54:32","slug":"kino-retro-dla-wszystkich","status":"publish","type":"post","link":"https:\/\/fleschmazowsza.com.pl\/?p=2049","title":{"rendered":"Kino retro dla wszystkich"},"content":{"rendered":"<p><strong>Pod tym has\u0142em wszyscy mieszka\u0144cy Ursusa i okolic zapraszani s\u0105 na bezp\u0142atne pokazy filmowe w O\u015brodku Kultury \u201eArsus\u201d. Projekt wsp\u00f3\u0142finansowany ze \u015brodk\u00f3w Miasta Sto\u0142ecznego Warszawy ma potrwa\u0107 do ko\u0144ca 2019 roku.<\/strong><\/p>\n<p>Organizatorem pokaz\u00f3w jest Stowarzyszenie Pracownia Etnograficzna we wsp\u00f3\u0142pracy z O\u015brodkiem Kultury\u201d Arsus\u201d. Po ka\u017cdej projekcji odbywa si\u0119 dyskusja publiczno\u015bci z zaproszon\u0105 specjalistk\u0105.<\/p>\n<p>W tym roku odby\u0142y si\u0119 ju\u017c cztery pokazy, w\u015br\u00f3d wy\u015bwietlanych tytu\u0142\u00f3w znalaz\u0142 si\u0119 norweski dokument \u201eOptymistki\u201d, niemiecka tragikomedia \u201eToni Erdmann\u201d, francuska komedia \u201eZa jakie grzechy, dobry Bo\u017ce?\u201d oraz szwedzki komediodramat \u201eM\u0119\u017cczyzna imieniem Ove\u201d. Doboru film\u00f3w dokona\u0142y organizatorki projektu.<\/p>\n<p>W\u015br\u00f3d zaproszonych go\u015bci znalaz\u0142y si\u0119 m. in. dr Joanna Chyli\u0144ska, psycholo\u017cka z Warszawskiego Uniwersytetu Medycznego i Ewa Chalimoniuk, psychoterapeutka i trenerka Polskiego Towarzystwa Psychologicznego. Podczas dyskusji poruszane by\u0142y tematy samotno\u015bci, aktywno\u015bci fizycznej i jej wp\u0142ywu na cz\u0142owieka, akceptacji wybor\u00f3w naszych bliskich, a tak\u017ce \u017ca\u0142oby i radzenia sobie z ni\u0105.<\/p>\n<p style=\"text-align: center;\"><strong>Odpowied\u017a na potrzeby mieszka\u0144c\u00f3w<\/strong><\/p>\n<p>Projekt \u201eKino Retro\u201djest odpowiedzi\u0105 na potrzeby mieszka\u0144c\u00f3w Ursusa i okolic. Intencj\u0105 organizatorek jest bezp\u0142atny dost\u0119p do dobrego, ambitnego kina, jego upowszechnianie, a tak\u017ce dyskusja w mi\u0119dzypokoleniowym gronie.<\/p>\n<p>Frekwencja z wydarzenia na wydarzenie jest coraz wi\u0119ksza. Na pierwszym pokazie by\u0142o ok. 30 os\u00f3b, na kolejny przysz\u0142o ju\u017c ok. siedemdziesi\u0119ciu widz\u00f3w, r\u00f3\u017cnej p\u0142ci i w r\u00f3\u017cnym wieku. 3 listopada, czyli na przedostatnim ju\u017c w tym roku pokazie, zjawi\u0142o si\u0119 ponad 90 os\u00f3b. By\u0142o to sporym zaskoczeniem dla organizator\u00f3w, poniewa\u017c termin by\u0142 oko\u0142o zaduszkowy. Wszystkim przyby\u0142ym rozdano ankiety, by zbada\u0107 potrzeby odbiorc\u00f3w i usprawni\u0107 odbywaj\u0105ce si\u0119 wydarzenia.<\/p>\n<p style=\"text-align: center;\"><strong>Nie tylko seniorzy<\/strong><\/p>\n<p>&#8211; Widzowie s\u0105 zachwyceni, wielu z nich przyje\u017cd\u017ca spoza dzielnicy, specjalnie na nasze projekcje. Jedna pani powiedzia\u0142a nawet, \u017ce chce si\u0119 przeprowadzi\u0107 do Ursusa, bo jej si\u0119 tu bardzo podoba \u2013 oznajmia Ewa Pietraszek, koordynatorka projektu.<\/p>\n<p>Sala rzeczywi\u015bcie jest pe\u0142na, na dyskusji zostaje troch\u0119 mniej os\u00f3b, ale wszyscy s\u0105 cz\u0119stowani dro\u017cd\u017c\u00f3wkami i butelk\u0105 wody mineralnej. Po chwili przerwy na pocz\u0119stunek rozpoczyna si\u0119 dyskusja z zaproszonym go\u015bciem. Widzowie siadaj\u0105 bli\u017cej ekranu, uwa\u017cnie przys\u0142uchuj\u0105 si\u0119 rozmowie, po czym pojedynczo zabieraj\u0105 g\u0142os, atmosfera rozlu\u017ania si\u0119 na tyle, \u017ce w ko\u0144cu prawie ka\u017cdy na sali dzieli si\u0119 swoj\u0105 refleksj\u0105.<\/p>\n<p>Okazuje si\u0119, \u017ce nie tylko seniorzy, ale te\u017c wielu m\u0142odych ludzi interesuj\u0105 tematy poruszane w filmach. Pytaj\u0105 o sposoby udzielania pomocy potrzebuj\u0105cym, granice blisko\u015bci, zagadnienie tolerancji, a tak\u017ce samotno\u015bci i straty. Obecno\u015b\u0107 psycholo\u017cki na sali sk\u0142ania do zadawania pyta\u0144, otwarto\u015bci i refleksji.<\/p>\n<p style=\"text-align: center;\"><strong>Ambitne plany<\/strong><\/p>\n<p>O pokazach robi si\u0119 coraz g\u0142o\u015bniej, patronat na projektem obj\u0119\u0142a m. in. Biblioteka Publiczna w Ursusie, a patronat medialny \u2013 Polskie Radio RDC. Organizatorzy planuj\u0105 w przysz\u0142ym roku 13 pokaz\u00f3w, z przerw\u0105 wakacyjn\u0105.<\/p>\n<p>&#8211; Pozostajemy przy kinie europejskim, ale na pewno pojawi\u0105 si\u0119 te\u017c filmy polskie. Chcemy te\u017c organizowa\u0107 wi\u0119cej wydarze\u0144 towarzysz\u0105cych filmom, jak np. koncerty, szczeg\u00f3\u0142\u00f3w trzeba szuka\u0107 na pocz\u0105tku roku na stronie <a href=\"https:\/\/l.facebook.com\/l.php?u=http%3A%2F%2Fetnograficzna.pl%2Fkino-retro&amp;h=ATOaRSGWHe9rVdM5LaM6uJ5RAXlZDTmvvOBT5CxT5OJPuVs1VGdPDg6lx7CMjm7oj0AI3jndkaK_pQnFSKkq5mjpOjjtk5zHoBYQCy2CvvnJ6t0dyi23KJo2gg7ftPsJtxuOuk-ldeR-7w\">etnograficzna.pl\/kino-retro<\/a> \u2013 informuje Ewa Pietraszek.<\/p>\n<p>Niew\u0105tpliwy sukces przedsi\u0119wzi\u0119cia, jakim s\u0105 bezp\u0142atne pokazy \u201eKino Retro\u201d, pokazuje jak bardzo potrzebne jest usprawnienie zasad finansowania plac\u00f3wek kultury, tak, by zapewni\u0107 wszystkim mieszka\u0144com bezp\u0142atny do niej dost\u0119p. Potrzeba te\u017c wi\u0119kszego zaanga\u017cowania w szukanie dofinansowa\u0144, bo kultura nigdy nie wygra z rozrywk\u0105 pod wzgl\u0119dem frekwencyjnym.<\/p>\n<p style=\"text-align: right;\"><strong>Lucyna D\u0105browska<\/strong><\/p>\n<p style=\"text-align: right;\">Fot. <strong><em>Agnieszka Gorzkowska<\/em><\/strong><\/p>\n","protected":false},"excerpt":{"rendered":"<p>Pod tym has\u0142em wszyscy mieszka\u0144cy Ursusa i okolic zapraszani s\u0105 na bezp\u0142atne pokazy filmowe w O\u015brodku Kultury \u201eArsus\u201d. Projekt wsp\u00f3\u0142finansowany ze \u015brodk\u00f3w Miasta Sto\u0142ecznego Warszawy ma potrwa\u0107 do ko\u0144ca 2019 roku. Organizatorem pokaz\u00f3w jest Stowarzyszenie Pracownia Etnograficzna we wsp\u00f3\u0142pracy z O\u015brodkiem Kultury\u201d Arsus\u201d. Po ka\u017cdej projekcji odbywa si\u0119 dyskusja publiczno\u015bci z zaproszon\u0105 specjalistk\u0105. W tym [&hellip;]<\/p>\n","protected":false},"author":2,"featured_media":2050,"comment_status":"closed","ping_status":"open","sticky":false,"template":"","format":"standard","meta":{"footnotes":""},"categories":[9,6,5],"tags":[],"class_list":["post-2049","post","type-post","status-publish","format-standard","has-post-thumbnail","hentry","category-edukacja","category-kultura","category-wiadomosci"],"_links":{"self":[{"href":"https:\/\/fleschmazowsza.com.pl\/index.php?rest_route=\/wp\/v2\/posts\/2049","targetHints":{"allow":["GET"]}}],"collection":[{"href":"https:\/\/fleschmazowsza.com.pl\/index.php?rest_route=\/wp\/v2\/posts"}],"about":[{"href":"https:\/\/fleschmazowsza.com.pl\/index.php?rest_route=\/wp\/v2\/types\/post"}],"author":[{"embeddable":true,"href":"https:\/\/fleschmazowsza.com.pl\/index.php?rest_route=\/wp\/v2\/users\/2"}],"replies":[{"embeddable":true,"href":"https:\/\/fleschmazowsza.com.pl\/index.php?rest_route=%2Fwp%2Fv2%2Fcomments&post=2049"}],"version-history":[{"count":2,"href":"https:\/\/fleschmazowsza.com.pl\/index.php?rest_route=\/wp\/v2\/posts\/2049\/revisions"}],"predecessor-version":[{"id":2052,"href":"https:\/\/fleschmazowsza.com.pl\/index.php?rest_route=\/wp\/v2\/posts\/2049\/revisions\/2052"}],"wp:featuredmedia":[{"embeddable":true,"href":"https:\/\/fleschmazowsza.com.pl\/index.php?rest_route=\/wp\/v2\/media\/2050"}],"wp:attachment":[{"href":"https:\/\/fleschmazowsza.com.pl\/index.php?rest_route=%2Fwp%2Fv2%2Fmedia&parent=2049"}],"wp:term":[{"taxonomy":"category","embeddable":true,"href":"https:\/\/fleschmazowsza.com.pl\/index.php?rest_route=%2Fwp%2Fv2%2Fcategories&post=2049"},{"taxonomy":"post_tag","embeddable":true,"href":"https:\/\/fleschmazowsza.com.pl\/index.php?rest_route=%2Fwp%2Fv2%2Ftags&post=2049"}],"curies":[{"name":"wp","href":"https:\/\/api.w.org\/{rel}","templated":true}]}}