{"id":2046,"date":"2017-11-27T11:47:03","date_gmt":"2017-11-27T10:47:03","guid":{"rendered":"http:\/\/fleschmazowsza.com.pl\/?p=2046"},"modified":"2017-11-27T11:47:03","modified_gmt":"2017-11-27T10:47:03","slug":"wspomnienia-z-dulagu-i-nie-tylko","status":"publish","type":"post","link":"https:\/\/fleschmazowsza.com.pl\/?p=2046","title":{"rendered":"WSPOMNIENIA Z DULAGU I NIE TYLKO"},"content":{"rendered":"<p><strong>Ksi\u0105\u017cnica Pruszkowska prezentuje swoje najnowsze wydawnictwo \u2013 Moje wczoraj Jana Eljaszewicza to wspomnienia ma\u0142oletniego wi\u0119\u017ania Dulagu 121, p\u00f3\u017aniejszego mieszka\u0144ca Pruszkowa, oddanego temu Miastu spo\u0142ecznika, autora pierwszej koncepcji przestrzennej pomnika upami\u0119tniaj\u0105cego m\u0119cze\u0144stwo warszawiak\u00f3w.<\/strong><\/p>\n<p>Od Autora:<\/p>\n<p><em>Za ka\u017cdym razem gdy staj\u0119 przed pomnikiem Dulag 121 z g\u0142\u0119bi pami\u0119ci wracaj\u0105 do mnie wspomnienia. Dobrze, \u017ce uda\u0142o si\u0119 chocia\u017c cz\u0119\u015bciowo upami\u0119tni\u0107 losy wielu mieszka\u0144c\u00f3w Warszawy i okolic po upadku Powstania Warszawskiego.<\/em><\/p>\n<p><em>Moimi wspomnieniami chc\u0119 przypomnie\u0107 cierpienie, g\u0142\u00f3d, niedol\u0119 i tragizm tamtych dni. Cieszy mnie, \u017ce spora grupa os\u00f3b, w tym m\u0142odzie\u017c i przedstawiciele w\u0142adz, przychodzi raz do roku na symboliczne spotkanie upami\u0119tniaj\u0105ce ten trudny okres. Mamy mo\u017cliwo\u015b\u0107 wspomnie\u0107 tych, kt\u00f3rzy odeszli.<\/em><\/p>\n<p><em>Odda\u0107 cze\u015b\u0107 Ich pami\u0119ci. (\u2026)<\/em><\/p>\n<p><em>Od 75 lat przechowuj\u0119 swoje smutne wspomnienia z dzieci\u0144stwa przypadaj\u0105cego na trudne lata historii naszego narodu.<\/em><\/p>\n<p><em>Prezentuj\u0105c Pa\u0144stwu histori\u0119 budowy pomnika chcia\u0142em podkre\u015bli\u0107 jego charakterystyczne cechy, wchodz\u0105ce w jego sk\u0142ad symboliczne elementy plastyczne oraz przedstawi\u0107 pomys\u0142 zagospodarowania terenu. Przez lata, kt\u00f3re up\u0142yn\u0119\u0142y od Powstania Warszawskiego nagromadzi\u0142a si\u0119 na ten temat obszerna literatura, ale jest to wci\u0105\u017c temat dla wspomnie\u0144 i refleksji \u017cyj\u0105cych \u015bwiadk\u00f3w tamtych wydarze\u0144. (\u2026)<\/em><\/p>\n<p style=\"text-align: center;\"><strong>***<\/strong><\/p>\n<p><em>Uwag\u0119 swoj\u0105 chc\u0119 skupi\u0107 na szczeg\u00f3lnym dla mieszka\u0144c\u00f3w Warszawy i okolic miejscu \u2013 obozie przej\u015bciowym Dulag 121 Pruszk\u00f3w, zorganizowanym w naszym mie\u015bcie dla Warszawiak\u00f3w przez niemieckiego naje\u017ad\u017ac\u0119. To miejsce pami\u0119ci narodowej jest wci\u0105\u017c, moim zdaniem, zbyt ma\u0142o znane. Moje wspomnienia s\u0105 by\u0107 mo\u017ce jednymi z ostatnich spisanych przez \u017cyj\u0105cych jeszcze \u015bwiadk\u00f3w tamtych wydarze\u0144.<\/em><\/p>\n","protected":false},"excerpt":{"rendered":"<p>Ksi\u0105\u017cnica Pruszkowska prezentuje swoje najnowsze wydawnictwo \u2013 Moje wczoraj Jana Eljaszewicza to wspomnienia ma\u0142oletniego wi\u0119\u017ania Dulagu 121, p\u00f3\u017aniejszego mieszka\u0144ca Pruszkowa, oddanego temu Miastu spo\u0142ecznika, autora pierwszej koncepcji przestrzennej pomnika upami\u0119tniaj\u0105cego m\u0119cze\u0144stwo warszawiak\u00f3w. Od Autora: Za ka\u017cdym razem gdy staj\u0119 przed pomnikiem Dulag 121 z g\u0142\u0119bi pami\u0119ci wracaj\u0105 do mnie wspomnienia. Dobrze, \u017ce uda\u0142o si\u0119 chocia\u017c [&hellip;]<\/p>\n","protected":false},"author":2,"featured_media":2047,"comment_status":"closed","ping_status":"open","sticky":false,"template":"","format":"standard","meta":{"footnotes":""},"categories":[9,6,5],"tags":[],"class_list":["post-2046","post","type-post","status-publish","format-standard","has-post-thumbnail","hentry","category-edukacja","category-kultura","category-wiadomosci"],"_links":{"self":[{"href":"https:\/\/fleschmazowsza.com.pl\/index.php?rest_route=\/wp\/v2\/posts\/2046","targetHints":{"allow":["GET"]}}],"collection":[{"href":"https:\/\/fleschmazowsza.com.pl\/index.php?rest_route=\/wp\/v2\/posts"}],"about":[{"href":"https:\/\/fleschmazowsza.com.pl\/index.php?rest_route=\/wp\/v2\/types\/post"}],"author":[{"embeddable":true,"href":"https:\/\/fleschmazowsza.com.pl\/index.php?rest_route=\/wp\/v2\/users\/2"}],"replies":[{"embeddable":true,"href":"https:\/\/fleschmazowsza.com.pl\/index.php?rest_route=%2Fwp%2Fv2%2Fcomments&post=2046"}],"version-history":[{"count":1,"href":"https:\/\/fleschmazowsza.com.pl\/index.php?rest_route=\/wp\/v2\/posts\/2046\/revisions"}],"predecessor-version":[{"id":2048,"href":"https:\/\/fleschmazowsza.com.pl\/index.php?rest_route=\/wp\/v2\/posts\/2046\/revisions\/2048"}],"wp:featuredmedia":[{"embeddable":true,"href":"https:\/\/fleschmazowsza.com.pl\/index.php?rest_route=\/wp\/v2\/media\/2047"}],"wp:attachment":[{"href":"https:\/\/fleschmazowsza.com.pl\/index.php?rest_route=%2Fwp%2Fv2%2Fmedia&parent=2046"}],"wp:term":[{"taxonomy":"category","embeddable":true,"href":"https:\/\/fleschmazowsza.com.pl\/index.php?rest_route=%2Fwp%2Fv2%2Fcategories&post=2046"},{"taxonomy":"post_tag","embeddable":true,"href":"https:\/\/fleschmazowsza.com.pl\/index.php?rest_route=%2Fwp%2Fv2%2Ftags&post=2046"}],"curies":[{"name":"wp","href":"https:\/\/api.w.org\/{rel}","templated":true}]}}