{"id":2039,"date":"2017-11-27T10:51:50","date_gmt":"2017-11-27T09:51:50","guid":{"rendered":"http:\/\/fleschmazowsza.com.pl\/?p=2039"},"modified":"2017-11-27T10:51:50","modified_gmt":"2017-11-27T09:51:50","slug":"rusza-budowa-parkingu-w-formule-parkuj-i-jedz","status":"publish","type":"post","link":"https:\/\/fleschmazowsza.com.pl\/?p=2039","title":{"rendered":"Rusza budowa parkingu w formule \u201eparkuj i jed\u017a\u201d"},"content":{"rendered":"<p><strong>Prezydent Miasta Pruszkowa podpisa\u0142 umow\u0119 z wykonawc\u0105 wielopoziomowego parkingu w formule \u201eparkuj i jed\u017a\u201d, kt\u00f3ry powstanie w pobli\u017cu stacji PKP w rejonie ul. Sienkiewicza. Parking ma zosta\u0107 uruchomiony do 30 wrze\u015bnia 2018 roku. <\/strong><\/p>\n<p>W pi\u0105tek, 3 listopada Prezydent Miasta Pruszkowa podpisa\u0142 umow\u0119 wykonawcz\u0105 z firm\u0105 Strabag na realizacj\u0119 wielopoziomowego parkingu w formule \u201ep<em>arkuj i jed\u017a\u201d<\/em>, kt\u00f3ry po\u0142o\u017cony b\u0119dzie w pobli\u017cu stacji PKP, przy ul. Sienkiewicza. Parking ma mie\u0107 cztery kondygnacje oraz dodatkowy poziom, umo\u017cliwiaj\u0105cy zostawianie samochod\u00f3w na dachu budynku. Zmie\u015bci si\u0119 na nim 392 samochody, 10 motocykli i 72 rowery. Opr\u00f3cz miejsc postojowych i przestrzeni komunikacyjnej, w budynku zostan\u0105 wydzielone pomieszczenia monitoringu, socjalne dla obs\u0142ugi, a tak\u017ce gospodarcze i techniczne. Wewn\u0105trz gmachu auta b\u0119d\u0105 przemieszcza\u0142y si\u0119 po pochylniach. Zostan\u0105 wybudowane tak\u017ce dwie klatki schodowe oraz winda. Wjazd i wyjazd zostanie zlokalizowany od strony ul. Sienkiewicza. Inwestycja ma kosztowa\u0107 16 mln z\u0142, z czego 80 proc. pokryje unijna dotacja. Termin uruchomienia parkingu przewidziano na 30 wrze\u015bnia 2018 r.<br \/>\nPrzy ul. Sienkiewicza budowane jest tak\u017ce nowoczesne centrum handlowo-rozrywkowe \u201eNowa Stacja\u201d, kt\u00f3re ma by\u0107 gotowe pod koniec przysz\u0142ego roku. Powstanie w nim kolejny, podziemny parking, dedykowany go\u015bciom galerii.<\/p>\n<p style=\"text-align: right;\"><strong>Kinga Rochalska<\/strong><\/p>\n<p style=\"text-align: right;\">Fot. <strong><em>www.pruszkow.pl<\/em><\/strong><\/p>\n","protected":false},"excerpt":{"rendered":"<p>Prezydent Miasta Pruszkowa podpisa\u0142 umow\u0119 z wykonawc\u0105 wielopoziomowego parkingu w formule \u201eparkuj i jed\u017a\u201d, kt\u00f3ry powstanie w pobli\u017cu stacji PKP w rejonie ul. Sienkiewicza. Parking ma zosta\u0107 uruchomiony do 30 wrze\u015bnia 2018 roku. W pi\u0105tek, 3 listopada Prezydent Miasta Pruszkowa podpisa\u0142 umow\u0119 wykonawcz\u0105 z firm\u0105 Strabag na realizacj\u0119 wielopoziomowego parkingu w formule \u201eparkuj i jed\u017a\u201d, [&hellip;]<\/p>\n","protected":false},"author":2,"featured_media":2040,"comment_status":"closed","ping_status":"open","sticky":false,"template":"","format":"standard","meta":{"footnotes":""},"categories":[5],"tags":[],"class_list":["post-2039","post","type-post","status-publish","format-standard","has-post-thumbnail","hentry","category-wiadomosci"],"_links":{"self":[{"href":"https:\/\/fleschmazowsza.com.pl\/index.php?rest_route=\/wp\/v2\/posts\/2039","targetHints":{"allow":["GET"]}}],"collection":[{"href":"https:\/\/fleschmazowsza.com.pl\/index.php?rest_route=\/wp\/v2\/posts"}],"about":[{"href":"https:\/\/fleschmazowsza.com.pl\/index.php?rest_route=\/wp\/v2\/types\/post"}],"author":[{"embeddable":true,"href":"https:\/\/fleschmazowsza.com.pl\/index.php?rest_route=\/wp\/v2\/users\/2"}],"replies":[{"embeddable":true,"href":"https:\/\/fleschmazowsza.com.pl\/index.php?rest_route=%2Fwp%2Fv2%2Fcomments&post=2039"}],"version-history":[{"count":2,"href":"https:\/\/fleschmazowsza.com.pl\/index.php?rest_route=\/wp\/v2\/posts\/2039\/revisions"}],"predecessor-version":[{"id":2042,"href":"https:\/\/fleschmazowsza.com.pl\/index.php?rest_route=\/wp\/v2\/posts\/2039\/revisions\/2042"}],"wp:featuredmedia":[{"embeddable":true,"href":"https:\/\/fleschmazowsza.com.pl\/index.php?rest_route=\/wp\/v2\/media\/2040"}],"wp:attachment":[{"href":"https:\/\/fleschmazowsza.com.pl\/index.php?rest_route=%2Fwp%2Fv2%2Fmedia&parent=2039"}],"wp:term":[{"taxonomy":"category","embeddable":true,"href":"https:\/\/fleschmazowsza.com.pl\/index.php?rest_route=%2Fwp%2Fv2%2Fcategories&post=2039"},{"taxonomy":"post_tag","embeddable":true,"href":"https:\/\/fleschmazowsza.com.pl\/index.php?rest_route=%2Fwp%2Fv2%2Ftags&post=2039"}],"curies":[{"name":"wp","href":"https:\/\/api.w.org\/{rel}","templated":true}]}}